{"id":638622,"date":"2024-10-28T00:01:06","date_gmt":"2024-10-28T06:01:06","guid":{"rendered":"https:\/\/www.diarioimagen.net\/?p=638622"},"modified":"2024-10-28T01:56:40","modified_gmt":"2024-10-28T07:56:40","slug":"700-millones-de-dolares-invierte-grupo-xcaret-en-sus-instalaciones-en-quintana-roo","status":"publish","type":"post","link":"https:\/\/www.diarioimagen.net\/?p=638622","title":{"rendered":"700 millones de d\u00f3lares invierte Grupo Xcaret en sus instalaciones en Quintana Roo"},"content":{"rendered":"<h2>De cinco estrellas<\/h2>\n<h5>Victoria Gonz\u00e1lez Prado<\/h5>\n<p>&nbsp;<\/p>\n<ul>\n<li><strong><em>Muy pronto se entregar\u00e1n los reconocimientos \u00c1ngel del Turismo en su novena edici\u00f3n<\/em><\/strong><\/li>\n<li><strong><em>Iberia Mantenimiento realiza revisiones y reparaciones de los motores <\/em>Pratt &amp; Whitney GTF<\/strong><\/li>\n<\/ul>\n<p>&nbsp;<\/p>\n<div id=\"attachment_638715\" style=\"width: 470px\" class=\"wp-caption aligncenter\"><a href=\"https:\/\/www.diarioimagen.net\/?attachment_id=638715\" rel=\"attachment wp-att-638715\"><img loading=\"lazy\" decoding=\"async\" aria-describedby=\"caption-attachment-638715\" class=\"size-full wp-image-638715\" src=\"https:\/\/www.diarioimagen.net\/wp-content\/uploads\/2024\/10\/turismo-estrellas-10.jpg\" alt=\"\" width=\"460\" height=\"270\" srcset=\"https:\/\/www.diarioimagen.net\/wp-content\/uploads\/2024\/10\/turismo-estrellas-10.jpg 460w, https:\/\/www.diarioimagen.net\/wp-content\/uploads\/2024\/10\/turismo-estrellas-10-240x141.jpg 240w\" sizes=\"auto, (max-width: 460px) 100vw, 460px\" \/><\/a><p id=\"caption-attachment-638715\" class=\"wp-caption-text\">Durante el anuncio de la inversi\u00f3n de Grupo Xcaret.<\/p><\/div>\n<p>&nbsp;<\/p>\n<p>700 millones de d\u00f3lares invertir\u00e1 Grupo Xcaret en sus instalaciones hoteleras y en sus parques de diversiones, lo que generar\u00e1 mil 600 empleos directos en la primera etapa, as\u00ed lo anunciaron <strong>Josefina Rodr\u00edguez Zamora<\/strong>, secretaria de Turismo federal y la gobernadra de Quintana Roo, <strong>Mara Lezama Espinoza<\/strong>.<\/p>\n<p>La titular de la Sectur destac\u00f3 la importancia de la versi\u00f3n 36 del <em>Canc\u00fan Travel Mart, <\/em>evento en el que se anunci\u00f3 la inversi\u00f3n, y que promociona el desarrollo del turismo en la zona, adem\u00e1s de contribuir a la expansi\u00f3n y fortalecimiento de la industria tur\u00edstica en M\u00e9xico.<\/p>\n<p>Indic\u00f3 que con la presencia de m\u00e1s de 23 pa\u00edses como Argentina, Brasil, Canad\u00e1, China, Colombia, lrlanda, Israel, M\u00e9xico, Portugal, Espa\u00f1a, Suiza, Turqu\u00eda, Emiratos \u00c1rabes Unidos y Estados Unidos, los participantes tendr\u00e1n la oportunidad de establecer contactos, cerrar acuerdos comerciales, adem\u00e1s de promover destinos y servicios tur\u00edsticos de la regi\u00f3n y del Caribe Mexicano.<\/p>\n<p><strong>Rodr\u00edguez Zamora<\/strong> a\u00f1adi\u00f3 que el <em>Canc\u00fan Travel Mart<\/em> tiene expectativa de ventas de alrededor de 4 mil 900 millones de d\u00f3lares aproximadamente, que se materializar\u00e1n en 2025, incluyendo todas las temporadas y dijo que este evento es plataforma de negocios que re\u00fane a representantes de la industria tur\u00edstica, como hoteles, agendas de viajes, l\u00edneas a\u00e9reas y otros proveedores de servicios tur\u00edsticos, con compradores nacionales e internacionales, incluyendo tour operadores y agentes de viajes.<\/p>\n<p>\u201cEl turismo, adem\u00e1s de ser una actividad que tiene la bondad de generar empleos, divisas, inversiones y acercamiento entre pueblos y naciones, es una poderosa herramienta, que si la sabemos encaminar con inteligencia, con responsabilidad, contribuye a lograr el equilibrio entre desarrollo econ\u00f3mico, y conservaci\u00f3n y protecci\u00f3n de la biodiversidad\u201d, subray\u00f3.<\/p>\n<p>De igual forma detall\u00f3 la importancia del turismo comunitario para la presente administraci\u00f3n, con el objetivo de que los beneficios de la actividad tur\u00edstica permeen a todas las comunidades residentes y pueblos originarios, y comparti\u00f3 que se han trazado cuatro ejes prioritarios: Desarrollo Sostenible, Producci\u00f3n de Destinos, Fortalecimiento de Pueblos M\u00e1gicos, Inclusi\u00f3n Social y Desarrollo Regional.<\/p>\n<p><strong>Josefina Rodr\u00edguez Zamora<\/strong>, destac\u00f3 la importancia de incrementar los montos de inversi\u00f3n y mejorar las pr\u00e1cticas de sostenibilidad, toda vez que aumentan la llegada de turistas, son una fuente de generaci\u00f3n de empleos e incrementan la recepci\u00f3n de divisas por turismo, lo que beneficia directamente al sector de la zona ya las comunidades.<\/p>\n<p>Record\u00f3 que, como parte de la gran estrategia de promoci\u00f3n de M\u00e9xico en el exterior, el pa\u00eds tendr\u00e1 gran participaci\u00f3n en ferias internacionales, entre las cuales destaco, la Feria Internacional de Turismo [Fitur] 2025.<\/p>\n<p>La gobernadora de Quintana Roo, <strong>Mara Lezama Espinoza<\/strong>, al hacer uso de la palabra expres\u00f3 que en los \u00faltimos d\u00edas, Quintana Roo ya suma inversi\u00f3n privada en el sector turismo por mil 700 millones de d\u00f3lares adem\u00e1s de lo invertido por Grupo Xcaret.<\/p>\n<p>\u2730\u2730\u2730\u2730\u2730 Una vez m\u00e1s y por novena ocasi\u00f3n se entregar\u00e1 el \u00c1ngel del Turismo, premio que naci\u00f3 en 2013 creado por <strong>Fidel Ovando Zavala <\/strong>y considerado uno de los galardones m\u00e1s importante de la industria tur\u00edstica y de reuniones de M\u00e9xico y Am\u00e9rica.<\/p>\n<p>\u201cMe gust\u00f3 ponerle \u00c1ngel del Turismo en honor al mayor \u00edcono que tenemos como monumento, que adem\u00e1s es en s\u00ed mismo un atractivo tur\u00edstico: el \u00c1ngel de la Independencia, que por cierto, se trata de una mujer la \u2018Victoria Alada\u2019. Monumento inaugurado en 1910 para conmemorar el centenario de la Independencia de M\u00e9xico\u201d, dijo <strong>Ovando Zavala<\/strong>.<\/p>\n<p>Este a\u00f1o ser\u00e1 la novena edici\u00f3n, pues del 2020 al 2022 se suspendi\u00f3 debido a la pandemia por Covid-19.<\/p>\n<p>Para esta novena versi\u00f3n, se entregar\u00e1n reconocimientos en 15 categor\u00edas que considera a los l\u00edderes, emprendedores y empresas que hacen destacar a M\u00e9xico a nivel mundial.<\/p>\n<p>Las categor\u00edas son: Emprendedor o Innovador. Promotor de M\u00e9xico en el exterior, Mejor hotel, Mejor experiencia gastron\u00f3mica, Destino tur\u00edstico, Trayectoria Profesional, Agencia de viajes, Touroperador emisivo, Empresa o Instituci\u00f3n en Turismo de Reuniones, Empresa o Instituci\u00f3n sustentable, Mejor estrategia de promoci\u00f3n de un destino, Gesti\u00f3n p\u00fablica, Mujer del a\u00f1o, Generador de contenido, y \u00c1ngel Honorario (categor\u00eda especial otorgada por el jurado).<\/p>\n<p>La primera estatuilla, recuerda su creador, naci\u00f3 en el mercado de Artesan\u00edas de la Zona Rosa, fue un encargo especial a una de las tiendas que alberga ese lugar. La estatuilla del a\u00f1o anterior y este 2024 ha sido creada por <strong>C\u00e9sar Menchaca <\/strong>quien se define a s\u00ed mismo como emprendedor amante del arte y la cultura mexicana, quien desea sembrar la semilla de una reflexi\u00f3n profunda sobre temas trascendentales para el ser humano y la naturaleza. <strong>Menchaca<\/strong> se ha posicionado a finales de esta d\u00e9cada como el embajador de arte mexicano m\u00e1s importante del mundo.<\/p>\n<p>La entrega de los reconocimientos se llevar\u00e1 a cabo el pr\u00f3ximo 21 de noviembre. Conoce a los nominados <em>https:\/\/angeldelturismo.com\/nominados<\/em>. Enhorabuena para todos.<\/p>\n<p>\u2730\u2730\u2730\u2730\u2730 Iberia Mantenimiento est\u00e1 a plena capacidad operativa para realizar revisiones completas de los motores <em>RTX Pratt &amp; Whitney GTF<\/em>, es decir, desmontaje, montaje y pruebas en sus instalaciones de La Mu\u00f1oza, junto al aeropuerto internacional <strong>Adolfo Su\u00e1rez<\/strong> Madrid-Barajas.<\/p>\n<p>En 2022, la compa\u00f1\u00eda se uni\u00f3 a la red <em>GTF MRO<\/em> para proporcionar mantenimiento al motor <em>PW1100G-JM<\/em> que propulsa la familia de aviones <em>Airbus A320neo<\/em>. Para ello, Iberia Mantenimiento utiliza las \u00faltimas tecnolog\u00edas y maquinaria para el rectificado y equilibrado del motor, y ha adaptado su banco de pruebas con adaptadores y campanas espec\u00edficos de este modelo. Adem\u00e1s, ha incrementado su plantilla de mec\u00e1nicos para aumentar la capacidad de servicio del GTF.<\/p>\n<p><strong>Enrique Robledo<\/strong>, director de Iberia Mantenimiento dijo, \u201ccon la introducci\u00f3n de los motores GTF en nuestra cartera de servicios, hemos dado un paso adelante en el mercado, ya que nos permite cubrir m\u00e1s modelos de motor, gracias a las capacidades <em>capabilities<\/em> adquiridas. Nuestro objetivo como proveedor de MRO es satisfacer las necesidades de nuestros clientes y dar servicio a los motores tradicionales como a los nuevos, que propulsar\u00e1n la flota durante las pr\u00f3ximas d\u00e9cadas\u201d.<\/p>\n<p><strong>Rob Griffiths<\/strong>, vicepresidente senior de Operaciones de Motores Comerciales de <em>Pratt &amp; Whitney, <\/em>comenta: \u201daportamos a la red de P&amp;W m\u00e1s de 90 a\u00f1os de experiencia en MRO, con un historial probado en el mantenimiento del motor V2500. Iberia Mantenimiento, ampl\u00eda nuestra presencia global a 18 talleres de la red de GTF MRO y permite atender y ofrecer un servicio de calidad a nuestros clientes europeos a medida que sus flotas contin\u00faan creciendo\u201d.<\/p>\n<p>IAG, grupo al que pertenece Iberia, cuenta con 47 aviones de la familia <em>Airbus A320neo<\/em> propulsados por motores GTF, de los cuales la compa\u00f1\u00eda opera cinco de ellos.<\/p>\n<p>&nbsp;<\/p>\n<blockquote>\n<p style=\"text-align: right;\">\u201c<strong>El<\/strong> <strong>\u00e1ngel de la fama tiene sus alas hechas de papel&#8230; peri\u00f3dico\u201d.<br \/>\n<\/strong><\/p>\n<\/blockquote>\n<p>&nbsp;<\/p>\n<p><em><span class=\"Apple-converted-space\"><a href=\"mailto:victoriagprado@gmail.com\" target=\"_blank\" rel=\"noopener noreferrer\">victoriagprado@gmail.com<\/a><br \/>\nX: <a href=\"https:\/\/twitter.com\/victoriagprado\" target=\"_blank\" rel=\"noopener noreferrer\">@victoriagprado<\/a><\/span><\/em><\/p>\n","protected":false},"excerpt":{"rendered":"<p>700 millones de d\u00f3lares invertir\u00e1 Grupo Xcaret en sus instalaciones hoteleras y en sus parques de diversiones, lo que generar\u00e1 mil 600 empleos directos en la primera etapa, as\u00ed lo anunciaron <strong>Josefina Rodr\u00edguez Zamora<\/strong>, secretaria de Turismo federal y la gobernadra de Quintana Roo, <strong>Mara Lezama Espinoza<\/strong>.<\/p>\n","protected":false},"author":3,"featured_media":638715,"comment_status":"open","ping_status":"open","sticky":false,"template":"","format":"standard","meta":{"_monsterinsights_skip_tracking":false,"_monsterinsights_sitenote_active":false,"_monsterinsights_sitenote_note":"","_monsterinsights_sitenote_category":0,"footnotes":""},"categories":[11],"tags":[107,43674,43681,106],"class_list":["post-638622","post","type-post","status-publish","format-standard","has-post-thumbnail","hentry","category-turismo","tag-de-cinco-estrellas","tag-opinion","tag-turismo","tag-victoria-gonzalez-prado"],"_links":{"self":[{"href":"https:\/\/www.diarioimagen.net\/index.php?rest_route=\/wp\/v2\/posts\/638622","targetHints":{"allow":["GET"]}}],"collection":[{"href":"https:\/\/www.diarioimagen.net\/index.php?rest_route=\/wp\/v2\/posts"}],"about":[{"href":"https:\/\/www.diarioimagen.net\/index.php?rest_route=\/wp\/v2\/types\/post"}],"author":[{"embeddable":true,"href":"https:\/\/www.diarioimagen.net\/index.php?rest_route=\/wp\/v2\/users\/3"}],"replies":[{"embeddable":true,"href":"https:\/\/www.diarioimagen.net\/index.php?rest_route=%2Fwp%2Fv2%2Fcomments&post=638622"}],"version-history":[{"count":0,"href":"https:\/\/www.diarioimagen.net\/index.php?rest_route=\/wp\/v2\/posts\/638622\/revisions"}],"wp:featuredmedia":[{"embeddable":true,"href":"https:\/\/www.diarioimagen.net\/index.php?rest_route=\/wp\/v2\/media\/638715"}],"wp:attachment":[{"href":"https:\/\/www.diarioimagen.net\/index.php?rest_route=%2Fwp%2Fv2%2Fmedia&parent=638622"}],"wp:term":[{"taxonomy":"category","embeddable":true,"href":"https:\/\/www.diarioimagen.net\/index.php?rest_route=%2Fwp%2Fv2%2Fcategories&post=638622"},{"taxonomy":"post_tag","embeddable":true,"href":"https:\/\/www.diarioimagen.net\/index.php?rest_route=%2Fwp%2Fv2%2Ftags&post=638622"}],"curies":[{"name":"wp","href":"https:\/\/api.w.org\/{rel}","templated":true}]}}