{"id":638677,"date":"2024-11-11T00:12:33","date_gmt":"2024-11-11T06:12:33","guid":{"rendered":"https:\/\/www.diarioimagen.net\/?p=638677"},"modified":"2024-11-22T01:14:44","modified_gmt":"2024-11-22T07:14:44","slug":"estamos-ya-de-lleno-en-lo-insospechado","status":"publish","type":"post","link":"https:\/\/www.diarioimagen.net\/?p=638677","title":{"rendered":"Estamos ya \u2013de lleno\u2013 en\u00a0lo\u00a0insospechado"},"content":{"rendered":"<h2>Tras la puerta del poder<\/h2>\n<h5>Roberto Vizca\u00edno<\/h5>\n<p>&nbsp;<\/p>\n<p>\u00bfQu\u00e9 viviremos ahora que ya no existen los equilibrios? \u00bfLos pesos y contrapesos? \u00bfNi la separaci\u00f3n de poderes?<\/p>\n<p><strong><em>Tiempos l\u00edquidos<\/em><\/strong> los defini\u00f3 <strong>Zygmunt Bauman<\/strong>.<\/p>\n<p>Populismo le decimos aqu\u00ed.<\/p>\n<p>O sea, <strong>el fin<\/strong> del orden institucional, de las normas, modelos que daban vida y soporte a un \u201csistema\u201d de la continuidad con desarrollo econ\u00f3mico, social y pol\u00edtico, sin rupturas ni violencia \u2014en el que dominaban los escalafones y las pensiones; la cultura del ascenso por la v\u00eda del ascenso laboral, de promoci\u00f3n a mejores niveles del poder\u2014, para ahora irrumpir en la incertidumbre&#8230; en nuestro propio \u201c<strong>tiempo l\u00edquido<\/strong>\u201d.<\/p>\n<p>En eso andamos.<\/p>\n<p>Ya ni siquiera hablamos de Venezuela como ejemplo de nuestro destino.<\/p>\n<p>Quienes luego del resultado electoral del 2 de junio asumieron que no habr\u00eda retorno y ten\u00edan una situaci\u00f3n holgada \u2014clases medias altas y no tanto\u2014 iniciaron una ola de apertura de cuentas en bancos fronterizos de Estados Unidos y se convirtieron en los mejores clientes de los despachos de bienes inmuebles.<\/p>\n<p>As\u00ed lo reportaron estos meses en California, Arizona, Nuevo M\u00e9xico, Texas y La Florida, especialmente Miami.<\/p>\n<p>Para m\u00ed, la alarma sobre esa fuga inicial masiva desde M\u00e9xico me lleg\u00f3 en voz de uno de mis hermanos que radica desde hace a\u00f1os en Houston y tiene un cargo gerencial en una importante cadena hotelera.<\/p>\n<p>Sus amigos directivos de bancos y de empresas de bienes inmuebles no hablaban de otra cosa que de \u201cla corrida\u201d de mexicanos hacia EU.<\/p>\n<p>Eso sigue y creo que se incrementar\u00e1 como consecuencia de la cascada de reformas constitucionales y dem\u00e1s decretos aprobados o en curso de ser tramitados sin moverles una coma, en el <strong>Senado y la C\u00e1mara de Diputados<\/strong> por la <strong>mayor\u00eda de Morena, PT y Verde<\/strong>.<\/p>\n<p>Amigos y familia hablan cada vez m\u00e1s y con mayor vehemencia, determinaci\u00f3n, de sumarse a esa huida.<\/p>\n<p>Hay en juego toda clase de argumentos, v\u00e1lidos todos, desde quienes hablan de no poder vivir ya en un pa\u00eds que no les garantiza derechos ni seguridad ni un nivel de estabilidad que les asegure crecimiento en todos los \u00f3rdenes.<\/p>\n<p>Todos ven amenazados su futuro y sus bienes, el de sus hijos y sus nietos.<\/p>\n<p>Lo reformado en el Senado y en San L\u00e1zaro por el oficialismo, \u201cpor instrucciones superiores\u201d, que reconfigurar\u00e1 para mal al <strong>Poder Judicial<\/strong>, y esta reforma m\u00e1s reciente de la \u201c<strong><em>Supremac\u00eda de la Constituci\u00f3n<\/em><\/strong>\u201d que anula el recurso del Derecho de Amparo, afirman no pocos en mi entorno, significan la ruptura, anulaci\u00f3n del Estado, de la separaci\u00f3n de Poderes, el fin de la democracia e imponen el control del Presidente o Presidenta en los otros dos Poderes.<\/p>\n<p>Al Legislativo lo domina ya por completo v\u00eda una sobrerrepresentaci\u00f3n ilegal y absurda luego de que con el 54% de los votos se apoderaran del 74% de las 500 curules.<\/p>\n<p>Y de que en el Senado Morena, PT y Verde alcanzaron los 86 votos que requer\u00edan para aprobar reformas constitucionales, al \u201ccomprar\u201d a dos senadores que alcanzaron ese cargo por el PRD, y de otro m\u00e1s del PAN que era amenazado con c\u00e1rcel.<\/p>\n<p>De esos arreglos ilegales, oscuros, de mala entra\u00f1a, han salido reformas constitucionales que van a dar fin al modelo de gobierno y Estado que prevaleci\u00f3 en los \u00faltimos 105 a\u00f1os. Desde la promulgaci\u00f3n de la Constituci\u00f3n de 1917.<\/p>\n<p>Pronto controlar\u00e1 a todo el poder Judicial, desde la Suprema Corte, hasta tribunales de todo tipo y la vasta red de jueces en el pa\u00eds junto con los sistemas judiciales de los Estados.<\/p>\n<p>Y est\u00e1n en curso y preparaci\u00f3n otras reformas y acciones legislativas como la de desaparici\u00f3n de 7 organismos aut\u00f3nomos que van a acentuar la absorci\u00f3n, control de todo, por un solo poder: el Ejecutivo.<\/p>\n<p>Y van por la desaparici\u00f3n y transformaci\u00f3n de todo el sistema electoral con la absorci\u00f3n del INE por la Secretar\u00eda de Gobernaci\u00f3n para regresar a un sistema de hace 35 a\u00f1o en que el Gobierno organizaba y sancionaba las elecciones.<\/p>\n<p>Todo eso controlado por un solo poder: el Ejecutivo.<\/p>\n<p>\u00bfPara qu\u00e9?.<\/p>\n<p>Para ingresar a qui\u00e9n sabe qu\u00e9 sistema. Sin duda ya cuenta con s\u00f3lidas bases populistas. Ya opera en lo electoral con programas que han envilecido a importantes segmentos de la poblaci\u00f3n a trav\u00e9s de la entrega de dinero en efectivo bajo el argumento de la justicia social.<\/p>\n<p>La defensa del bono \u2014no de un voto razonado\u2014 determin\u00f3 la elecci\u00f3n del 2 de junio pasado.<\/p>\n<p>\u00bfEs nuestro destino manifiesto?, \u00bf\u00fanico?, \u00bfinevitable?<\/p>\n<p>Creo que no, hay mucho camino todav\u00eda en este juego. Ver si la Suprema corte da un golpe con la anulaci\u00f3n de la reforma del Poder Judicial, de la reforma de la \u201cSupremac\u00eda de la Constituci\u00f3n\u201d y confronta de una vez por todas al ya muy crecido poder presidencial de Claudia Sheinbaum.<\/p>\n<p>La Presidenta, afirman quienes ven este choque, tendr\u00eda s\u00f3lo 2 caminos: o ignora esa anulaci\u00f3n y mete a la fuerza p\u00fablica, al Ej\u00e9rcito embozado como Guardia Nacional al desalojo de la Corte y del resto del Poder Judicial o entra en la contienda legal.<\/p>\n<p>Cualquier cosa que haga tendr\u00eda un alto costo nacional e internacional.<\/p>\n<p>De lleno, pues, en nuestro tiempo l\u00edquido.<\/p>\n<p>\u00bfUsted c\u00f3mo la ve?<\/p>\n<p>X: <em><a href=\"https:\/\/x.com\/_rvizcaino\" target=\"_blank\" rel=\"noopener noreferrer\">@_RVizcaino<\/a><a href=\"mailto:rvizcainoa@gmail.com\" target=\"_blank\" rel=\"noopener noreferrer\"><br \/>\n<\/a><a href=\"https:\/\/www.facebook.com\/rvizcainoa\" target=\"_blank\" rel=\"noopener noreferrer\">facebook.com\/rvizcainoa<\/a><\/em><\/p>\n","protected":false},"excerpt":{"rendered":"<p><span style=\"color: #005497;\"><strong>Roberto Vizca\u00edno<\/strong><\/span><\/p>\n","protected":false},"author":3,"featured_media":0,"comment_status":"open","ping_status":"open","sticky":false,"template":"","format":"standard","meta":{"_monsterinsights_skip_tracking":false,"_monsterinsights_sitenote_active":false,"_monsterinsights_sitenote_note":"","_monsterinsights_sitenote_category":0,"footnotes":""},"categories":[136],"tags":[43674,93,94],"class_list":["post-638677","post","type-post","status-publish","format-standard","hentry","category-roberto-vizcaino-opinion","tag-opinion","tag-roberto-vizcaino","tag-tras-la-puerta-del-poder"],"_links":{"self":[{"href":"https:\/\/www.diarioimagen.net\/index.php?rest_route=\/wp\/v2\/posts\/638677","targetHints":{"allow":["GET"]}}],"collection":[{"href":"https:\/\/www.diarioimagen.net\/index.php?rest_route=\/wp\/v2\/posts"}],"about":[{"href":"https:\/\/www.diarioimagen.net\/index.php?rest_route=\/wp\/v2\/types\/post"}],"author":[{"embeddable":true,"href":"https:\/\/www.diarioimagen.net\/index.php?rest_route=\/wp\/v2\/users\/3"}],"replies":[{"embeddable":true,"href":"https:\/\/www.diarioimagen.net\/index.php?rest_route=%2Fwp%2Fv2%2Fcomments&post=638677"}],"version-history":[{"count":0,"href":"https:\/\/www.diarioimagen.net\/index.php?rest_route=\/wp\/v2\/posts\/638677\/revisions"}],"wp:attachment":[{"href":"https:\/\/www.diarioimagen.net\/index.php?rest_route=%2Fwp%2Fv2%2Fmedia&parent=638677"}],"wp:term":[{"taxonomy":"category","embeddable":true,"href":"https:\/\/www.diarioimagen.net\/index.php?rest_route=%2Fwp%2Fv2%2Fcategories&post=638677"},{"taxonomy":"post_tag","embeddable":true,"href":"https:\/\/www.diarioimagen.net\/index.php?rest_route=%2Fwp%2Fv2%2Ftags&post=638677"}],"curies":[{"name":"wp","href":"https:\/\/api.w.org\/{rel}","templated":true}]}}