{"id":638781,"date":"2024-10-29T00:04:18","date_gmt":"2024-10-29T06:04:18","guid":{"rendered":"https:\/\/www.diarioimagen.net\/?p=638781"},"modified":"2024-10-29T01:39:40","modified_gmt":"2024-10-29T07:39:40","slug":"pandora-flans-regresan-con-mas-inesperado-tour","status":"publish","type":"post","link":"https:\/\/www.diarioimagen.net\/?p=638781","title":{"rendered":"Pandora &#038; Flans regresan con <em>M\u00e1s Inesperado Tour<\/em>"},"content":{"rendered":"<p>&nbsp;<\/p>\n<h2 style=\"text-align: center;\">\u00a1Nunca nos cansaremos de ellas!<\/h2>\n<p>&nbsp;<\/p>\n<ul>\n<li><strong><em>Con m\u00e1s de 100 presentaciones vuelven a la Arena CDMX el 4 de julio de 2025<\/em><\/strong><\/li>\n<\/ul>\n<p>&nbsp;<\/p>\n<div id=\"attachment_638910\" style=\"width: 470px\" class=\"wp-caption aligncenter\"><a href=\"https:\/\/www.diarioimagen.net\/?attachment_id=638910\" rel=\"attachment wp-att-638910\"><img loading=\"lazy\" decoding=\"async\" aria-describedby=\"caption-attachment-638910\" class=\"size-full wp-image-638910\" src=\"https:\/\/www.diarioimagen.net\/wp-content\/uploads\/2024\/10\/pandora-y-flans.jpg\" alt=\"\" width=\"460\" height=\"270\" srcset=\"https:\/\/www.diarioimagen.net\/wp-content\/uploads\/2024\/10\/pandora-y-flans.jpg 460w, https:\/\/www.diarioimagen.net\/wp-content\/uploads\/2024\/10\/pandora-y-flans-240x141.jpg 240w\" sizes=\"auto, (max-width: 460px) 100vw, 460px\" \/><\/a><p id=\"caption-attachment-638910\" class=\"wp-caption-text\">M\u00e1s Inesperado Tour es un espect\u00e1culo renovado, con nuevos temas, nuevas coreograf\u00edas, vestuario, escenograf\u00eda y show de luces.<\/p><\/div>\n<p>&nbsp;<\/p>\n<p>Con Inesperado Tour, Pandora &amp; Flans han recorrido m\u00e1s de 60 ciudades de M\u00e9xico, Centro y Sudam\u00e9rica, adem\u00e1s de Estados Unidos con un \u00e9xito rotundo.<\/p>\n<p>M\u00e1s Inesperado Tour es un espect\u00e1culo renovado, con nuevos temas, nuevas coreograf\u00edas, vestuario, escenograf\u00eda y show de luces, con el cual Pandora &amp; Flans pondr\u00e1n a cantar y bailar a la Arena CDMX con \u00e9xitos como \u201cLas mil y una noches\u201d, \u201cComo una mariposa\u201d, \u201cC\u00f3mo te va mi amor\u201d, \u201cBazar\u201d y muchos otros temas que jam\u00e1s han sido grabado en sus voces y que ahora se podr\u00e1n disfrutar en vivo.<\/p>\n<p>El buen humor, la alegr\u00eda y los \u00e9xitos de los dos grupos m\u00e1s ic\u00f3nicos de los a\u00f1os 80 llevar\u00e1n a todos a un viaje lleno de emociones a una de las mejores \u00e9pocas de la m\u00fasica en espa\u00f1ol. En 2025, PANDORA &amp; FLANS cumplir\u00e1n 40 a\u00f1os de trayectoria musical, y qu\u00e9 mejor que asistir a este concierto para celebrar la uni\u00f3n femenina que ha fascinado a miles de personas en los \u00faltimos a\u00f1os.<\/p>\n<p>La venta al p\u00fablico en general: a partir del 1 de noviembre a trav\u00e9s del sistema www.superboletos.com, en taquillas de la Arena CDMX, El Palacio de Hierro y Soriana.<\/p>\n","protected":false},"excerpt":{"rendered":"<p>Con Inesperado Tour, Pandora &#038; Flans han recorrido m\u00e1s de 60 ciudades de M\u00e9xico, Centro y Sudam\u00e9rica, adem\u00e1s de Estados Unidos con un \u00e9xito rotundo.<\/p>\n","protected":false},"author":3,"featured_media":638910,"comment_status":"open","ping_status":"open","sticky":false,"template":"","format":"standard","meta":{"_monsterinsights_skip_tracking":false,"_monsterinsights_sitenote_active":false,"_monsterinsights_sitenote_note":"","_monsterinsights_sitenote_category":0,"footnotes":""},"categories":[12],"tags":[72472,1286,13031],"class_list":["post-638781","post","type-post","status-publish","format-standard","has-post-thumbnail","hentry","category-espectaculos","tag-arena-cdmx","tag-flans","tag-pandora"],"_links":{"self":[{"href":"https:\/\/www.diarioimagen.net\/index.php?rest_route=\/wp\/v2\/posts\/638781","targetHints":{"allow":["GET"]}}],"collection":[{"href":"https:\/\/www.diarioimagen.net\/index.php?rest_route=\/wp\/v2\/posts"}],"about":[{"href":"https:\/\/www.diarioimagen.net\/index.php?rest_route=\/wp\/v2\/types\/post"}],"author":[{"embeddable":true,"href":"https:\/\/www.diarioimagen.net\/index.php?rest_route=\/wp\/v2\/users\/3"}],"replies":[{"embeddable":true,"href":"https:\/\/www.diarioimagen.net\/index.php?rest_route=%2Fwp%2Fv2%2Fcomments&post=638781"}],"version-history":[{"count":0,"href":"https:\/\/www.diarioimagen.net\/index.php?rest_route=\/wp\/v2\/posts\/638781\/revisions"}],"wp:featuredmedia":[{"embeddable":true,"href":"https:\/\/www.diarioimagen.net\/index.php?rest_route=\/wp\/v2\/media\/638910"}],"wp:attachment":[{"href":"https:\/\/www.diarioimagen.net\/index.php?rest_route=%2Fwp%2Fv2%2Fmedia&parent=638781"}],"wp:term":[{"taxonomy":"category","embeddable":true,"href":"https:\/\/www.diarioimagen.net\/index.php?rest_route=%2Fwp%2Fv2%2Fcategories&post=638781"},{"taxonomy":"post_tag","embeddable":true,"href":"https:\/\/www.diarioimagen.net\/index.php?rest_route=%2Fwp%2Fv2%2Ftags&post=638781"}],"curies":[{"name":"wp","href":"https:\/\/api.w.org\/{rel}","templated":true}]}}