{"id":638787,"date":"2024-10-29T00:05:53","date_gmt":"2024-10-29T06:05:53","guid":{"rendered":"https:\/\/www.diarioimagen.net\/?p=638787"},"modified":"2024-10-29T01:42:10","modified_gmt":"2024-10-29T07:42:10","slug":"rosy-arango-realiza-doble-homenaje-a-nuestro-pais","status":"publish","type":"post","link":"https:\/\/www.diarioimagen.net\/?p=638787","title":{"rendered":"Rosy Arango realiza doble homenaje a nuestro pa\u00eds"},"content":{"rendered":"<p>&nbsp;<\/p>\n<h2 style=\"text-align: center;\">Con M\u00e9xico Inmortal Vol. 5<\/h2>\n<p><strong>\u00a0<\/strong><\/p>\n<ul>\n<li><strong><em>Presentar\u00e1 su espect\u00e1culo \u201cEntre Rancheras y Catrinas\u201d el 1 de noviembre<\/em><\/strong><em><br \/>\n<\/em><\/li>\n<\/ul>\n<p>&nbsp;<\/p>\n<h6>Arturo Arellano<\/h6>\n<p>&nbsp;<\/p>\n<div id=\"attachment_638911\" style=\"width: 470px\" class=\"wp-caption aligncenter\"><a href=\"https:\/\/www.diarioimagen.net\/?attachment_id=638911\" rel=\"attachment wp-att-638911\"><img loading=\"lazy\" decoding=\"async\" aria-describedby=\"caption-attachment-638911\" class=\"size-full wp-image-638911\" src=\"https:\/\/www.diarioimagen.net\/wp-content\/uploads\/2024\/10\/rosy-arango.jpg\" alt=\"\" width=\"460\" height=\"270\" srcset=\"https:\/\/www.diarioimagen.net\/wp-content\/uploads\/2024\/10\/rosy-arango.jpg 460w, https:\/\/www.diarioimagen.net\/wp-content\/uploads\/2024\/10\/rosy-arango-240x141.jpg 240w\" sizes=\"auto, (max-width: 460px) 100vw, 460px\" \/><\/a><p id=\"caption-attachment-638911\" class=\"wp-caption-text\">El espect\u00e1culo \u201cEntre Rancheras y Catrinas\u201d se presentar\u00e1 en Mundo E de la Ciudad de M\u00e9xico, para luego llegar a Morelos y a Hidalgo.<\/p><\/div>\n<p>&nbsp;<\/p>\n<p>Con su nueva producci\u00f3n audiovisual M\u00e9xico Inmortal Vol. 5, Rosy Arango realiza un doble homenaje a nuestro pa\u00eds, y es que una primera parte est\u00e1 dedicada al D\u00eda de Todos los Santos y la segunda a la Revoluci\u00f3n Mexicana.<\/p>\n<p>\u201cM\u00e9xico Inmortal\u201d es un espect\u00e1culo vibrante de m\u00fasica y danza protagonizado por Rosy Arango, que rinde homenaje a dos eventos ic\u00f3nicos de la cultura mexicana: el D\u00eda de Muertos y la Revoluci\u00f3n Mexicana. Este show se sumerge en las tradiciones y s\u00edmbolos m\u00e1s profundos del pa\u00eds, celebrando la vida, la muerte y la historia con una riqueza visual y sonora que cautiva a la audiencia y ya est\u00e1 disponible en todas las plataformas digitales.<\/p>\n<p>En entrevista nos cuenta que el segmento dedicado al D\u00eda de Muertos, las catrinas, altares de muertos y flores de cempas\u00fachil crean un ambiente m\u00edstico y colorido \u201cacompa\u00f1amos esta celebraci\u00f3n con canciones que evocan la memoria de los seres queridos, reflejando el respeto y el amor que los mexicanos tienen por sus antepasados\u201d.<\/p>\n<p>Asimismo, describe que \u201cYa logr\u00e9 que en septiembre se escuchara el chile en nogada y ahora vamos por el pan de muertos. Por eso nos resistimos a no salir en septiembre con este disco. El d\u00eda de muertos nos representa en el mundo, es por eso que le dedico la primera mitad del \u00e1lbum y luego vamos a cantarle a las hero\u00ednas mexicanas que no aparecen con letras de oro en la historia de la Revoluci\u00f3n Mexicana, pero que nosotros las vamos a recordar\u201d.<\/p>\n<p>Agrega que \u201cde D\u00eda de Muertos seleccion\u00e9 temas ic\u00f3nicos, no me puedo saltar La Bruja, La Llorona, La Sandunga, La Martiniana, pero agregue otros como Tata Dios que es muy poco cantada, pero que es muy de los mexicanos. Es bonita la perspectiva que tenemos de la muerte, y eso se refleja en las canciones, como en El Jinete. En cuanto a las mujeres que hicieron historia, vamos con La Adelita, La Rielera, pero tambi\u00e9n El Abuelo, que son completamente hist\u00f3ricas\u201d.<\/p>\n<p>En cuanto al espect\u00e1culo \u201cEntre Rancheras y Catrinas\u201d que presentar\u00e1 el 1 de noviembre en Mundo E, dijo \u201cEs un hibrido, fue pensado para ser una ofrenda musical, ponemos molito, pan de muerto, chocolate, la idea es cantar todas las mejores rancheras que hemos escuchado nosotros, de Jos\u00e9 Alfredo Jim\u00e9nez, y tambi\u00e9n los cl\u00e1sicos de esta temporada. Hay una canci\u00f3n que se llama La Martiniana, es la carta de amor desde el m\u00e1s all\u00e1 m\u00e1s hermosa, es una forma muy bella de ver como trasciende el esp\u00edritu y por supuesto que la vamos a cantar como una de mis favoritas\u201d.<\/p>\n<p>En el marco del D\u00eda de Muertos, Rosy nos confiesa que a ella le gustar\u00eda ser recordada como una mujer valiente que defendi\u00f3 la m\u00fasica mexicana, en un tiempo en que no ha sido f\u00e1cil abrirse brecha \u201cEn mi tierra me ha ido muy bien, he tenido grandes expresiones de amor, no obstante, como te reciben en el extranjero es una cosa incomparable\u201d.<\/p>\n<p>Refiere que se presentar\u00e1 con \u201cEntre Rancheras y Catrinas\u201d, el 1 de noviembre en Mundo E, despu\u00e9s el 2 del mismo mes en Tepalcingo, Morelos y finalmente el 3 en Tula, Hidalgo \u201cEn cada concierto se lleva vestuario diferente, dos vestidos en cada uno, haciendo alusi\u00f3n a las mariposas monarca, un homenaje a Xoloitzcuintle, y otro que es una ofrenda viviente, de manufactura de Oaxaca y Guerrero\u201d, concluy\u00f3.<\/p>\n<p>El pr\u00f3ximo 1 de noviembre, nuestra Rosa Mexicana, ofrecer\u00e1 el espect\u00e1culo \u201cEntre Rancheras y Catrinas\u201d en el que mostrar\u00e1 parte de este trabajo musical de M\u00e9xico Inmortal Vol. 5. La cita ser\u00e1 en Alboa de Mundo E, los boletos ya est\u00e1n disponibles a trav\u00e9s de <em>www.boletia.com<\/em><\/p>\n<p>&nbsp;<\/p>\n<blockquote><p><strong>El pr\u00f3ximo 1 de noviembre, nuestra Rosa Mexicana, ofrecer\u00e1 el espect\u00e1culo \u201cEntre Rancheras y Catrinas\u201d en Alboa de Mundo E, los boletos ya est\u00e1n disponibles a trav\u00e9s de <em>www.boletia.com<\/em><\/strong><\/p><\/blockquote>\n","protected":false},"excerpt":{"rendered":"<p>Con su nueva producci\u00f3n audiovisual M\u00e9xico Inmortal Vol. 5, Rosy Arango realiza un doble homenaje a nuestro pa\u00eds, y es que una primera parte est\u00e1 dedicada al D\u00eda de Todos los Santos y la segunda a la Revoluci\u00f3n Mexicana.<\/p>\n","protected":false},"author":3,"featured_media":638911,"comment_status":"open","ping_status":"open","sticky":false,"template":"","format":"standard","meta":{"_monsterinsights_skip_tracking":false,"_monsterinsights_sitenote_active":false,"_monsterinsights_sitenote_note":"","_monsterinsights_sitenote_category":0,"footnotes":""},"categories":[12],"tags":[12303,22932,77354],"class_list":["post-638787","post","type-post","status-publish","format-standard","has-post-thumbnail","hentry","category-espectaculos","tag-dia-de-muertos","tag-homenaje","tag-rosy-arango"],"_links":{"self":[{"href":"https:\/\/www.diarioimagen.net\/index.php?rest_route=\/wp\/v2\/posts\/638787","targetHints":{"allow":["GET"]}}],"collection":[{"href":"https:\/\/www.diarioimagen.net\/index.php?rest_route=\/wp\/v2\/posts"}],"about":[{"href":"https:\/\/www.diarioimagen.net\/index.php?rest_route=\/wp\/v2\/types\/post"}],"author":[{"embeddable":true,"href":"https:\/\/www.diarioimagen.net\/index.php?rest_route=\/wp\/v2\/users\/3"}],"replies":[{"embeddable":true,"href":"https:\/\/www.diarioimagen.net\/index.php?rest_route=%2Fwp%2Fv2%2Fcomments&post=638787"}],"version-history":[{"count":0,"href":"https:\/\/www.diarioimagen.net\/index.php?rest_route=\/wp\/v2\/posts\/638787\/revisions"}],"wp:featuredmedia":[{"embeddable":true,"href":"https:\/\/www.diarioimagen.net\/index.php?rest_route=\/wp\/v2\/media\/638911"}],"wp:attachment":[{"href":"https:\/\/www.diarioimagen.net\/index.php?rest_route=%2Fwp%2Fv2%2Fmedia&parent=638787"}],"wp:term":[{"taxonomy":"category","embeddable":true,"href":"https:\/\/www.diarioimagen.net\/index.php?rest_route=%2Fwp%2Fv2%2Fcategories&post=638787"},{"taxonomy":"post_tag","embeddable":true,"href":"https:\/\/www.diarioimagen.net\/index.php?rest_route=%2Fwp%2Fv2%2Ftags&post=638787"}],"curies":[{"name":"wp","href":"https:\/\/api.w.org\/{rel}","templated":true}]}}