{"id":638790,"date":"2024-10-29T00:01:39","date_gmt":"2024-10-29T06:01:39","guid":{"rendered":"https:\/\/www.diarioimagen.net\/?p=638790"},"modified":"2024-10-29T01:36:17","modified_gmt":"2024-10-29T07:36:17","slug":"los-angeles-azules-cerraron-la-mejor-f1esta-del-campeonato","status":"publish","type":"post","link":"https:\/\/www.diarioimagen.net\/?p=638790","title":{"rendered":"Los \u00c1ngeles Azules cerraron la mejor F1ESTA del campeonato"},"content":{"rendered":"<p>&nbsp;<\/p>\n<h2 style=\"text-align: center;\">\u00a1De Iztapalapa al M\u00e9xico GP!<\/h2>\n<p><strong>\u00a0<\/strong><\/p>\n<ul>\n<li><strong><em>Es la primera vez que una agrupaci\u00f3n de esta talla se presenta en el evento<\/em><\/strong><\/li>\n<\/ul>\n<p>&nbsp;<\/p>\n<div id=\"attachment_638904\" style=\"width: 470px\" class=\"wp-caption aligncenter\"><a href=\"https:\/\/www.diarioimagen.net\/?attachment_id=638904\" rel=\"attachment wp-att-638904\"><img loading=\"lazy\" decoding=\"async\" aria-describedby=\"caption-attachment-638904\" class=\"size-full wp-image-638904\" src=\"https:\/\/www.diarioimagen.net\/wp-content\/uploads\/2024\/10\/angeles-azules.jpg\" alt=\"\" width=\"460\" height=\"270\" srcset=\"https:\/\/www.diarioimagen.net\/wp-content\/uploads\/2024\/10\/angeles-azules.jpg 460w, https:\/\/www.diarioimagen.net\/wp-content\/uploads\/2024\/10\/angeles-azules-240x141.jpg 240w\" sizes=\"auto, (max-width: 460px) 100vw, 460px\" \/><\/a><p id=\"caption-attachment-638904\" class=\"wp-caption-text\">El After Party, cont\u00f3 con la aparici\u00f3n de Nicki Nicole quien encendi\u00f3 la escena de la mano de Los \u00c1ngeles Azules.<\/p><\/div>\n<p>&nbsp;<\/p>\n<p>Los m\u00e1ximos exponentes de la cumbia a nivel mundial, Los \u00c1ngeles Azules, derrocharon talento en el escenario del After Party del Formula 1 Gran Premio De La Ciudad De M\u00e9xico 2024 Presentado por Heineken, el evento automovil\u00edstico m\u00e1s importante de M\u00e9xico; ante m\u00e1s de 152 mil aficionados en el Estadio GNP Seguros, la agrupaci\u00f3n brill\u00f3 m\u00e1s que nunca este 27 de octubre.<\/p>\n<p>Con m\u00e1s de 40 a\u00f1os de trayectoria art\u00edstica y pr\u00f3ximos a recibir el Premio a la Excelencia Musical de los Latin Grammy 2024, el grupo abri\u00f3 la mejor F1ESTA del mundo, inmediatamente despu\u00e9s del podio, con los acordes de \u201cC\u00f3mo te voy a olvidar\u201d, para continuar con \u201cMis sentimientos\u201d y \u201cMi ni\u00f1a mujer\u201d, temas que de inmediato incendiaron la atm\u00f3sfera festiva del M\u00e9xico GP.<\/p>\n<p>Hist\u00f3ricamente premiado como \u201cEl Mejor Evento del A\u00f1o\u201d durante cinco a\u00f1os consecutivos, el Formula 1 Gran Premio De La Ciudad De M\u00e9xico 2024 Presentado por Heineken, culmin\u00f3 con el After Party, el cual cont\u00f3 con la aparici\u00f3n de Nicki Nicole quien encendi\u00f3 la escena de la mano de Los \u00c1ngeles Azules con la interpretaci\u00f3n de \u201cOtra noche\u201d, un \u00e9xito que ya cuenta con casi 400M de visualizaciones solo en YouTube.<\/p>\n<p>Bajo este contexto, la agrupaci\u00f3n cerr\u00f3 con broche de oro al interpretar \u201cAmor a primera vista\u201d y \u201c17 a\u00f1os\u201d, logrando as\u00ed la uni\u00f3n perfecta entre dos de los mejores del mundo: Los \u00c1ngeles Azules y El Gran Premio Mexicano<\/p>\n<p>Hist\u00f3ricamente premiado como el \u201cMejor Evento del A\u00f1o\u201d durante las cinco carreras consecutivas (2015 a 2019), el Formula 1 Gran Premio De La Ciudad De M\u00e9xico Presentado por Heineken ha demostrado ser mucho m\u00e1s que un evento deportivo, se trata de una incomparable plataforma de promoci\u00f3n que comparte con el mundo las riquezas culturales y tur\u00edsticas de la Ciudad de M\u00e9xico.<\/p>\n<p>&nbsp;<\/p>\n<blockquote><p><strong>Con m\u00e1s de 40 a\u00f1os de trayectoria art\u00edstica, y pr\u00f3ximos a recibir el Premio a la Excelencia Musical de los Latin Grammy 2024, el grupo abri\u00f3 la mejor F1ESTA del mundo, inmediatamente despu\u00e9s del podio<\/strong><\/p><\/blockquote>\n","protected":false},"excerpt":{"rendered":"<p>Los m\u00e1ximos exponentes de la cumbia a nivel mundial, Los \u00c1ngeles Azules, derrocharon talento en el escenario del After Party del Formula 1 Gran Premio De La Ciudad De M\u00e9xico 2024 Presentado por Heineken, el evento automovil\u00edstico m\u00e1s importante de M\u00e9xico; ante m\u00e1s de 152 mil aficionados en el Estadio GNP Seguros, la agrupaci\u00f3n brill\u00f3 m\u00e1s que nunca este 27 de octubre.\u00a0<\/p>\n","protected":false},"author":3,"featured_media":638904,"comment_status":"open","ping_status":"open","sticky":false,"template":"","format":"standard","meta":{"_monsterinsights_skip_tracking":false,"_monsterinsights_sitenote_active":false,"_monsterinsights_sitenote_note":"","_monsterinsights_sitenote_category":0,"footnotes":""},"categories":[12],"tags":[101122,26417],"class_list":["post-638790","post","type-post","status-publish","format-standard","has-post-thumbnail","hentry","category-espectaculos","tag-f1esta","tag-los-angeles-azules"],"_links":{"self":[{"href":"https:\/\/www.diarioimagen.net\/index.php?rest_route=\/wp\/v2\/posts\/638790","targetHints":{"allow":["GET"]}}],"collection":[{"href":"https:\/\/www.diarioimagen.net\/index.php?rest_route=\/wp\/v2\/posts"}],"about":[{"href":"https:\/\/www.diarioimagen.net\/index.php?rest_route=\/wp\/v2\/types\/post"}],"author":[{"embeddable":true,"href":"https:\/\/www.diarioimagen.net\/index.php?rest_route=\/wp\/v2\/users\/3"}],"replies":[{"embeddable":true,"href":"https:\/\/www.diarioimagen.net\/index.php?rest_route=%2Fwp%2Fv2%2Fcomments&post=638790"}],"version-history":[{"count":0,"href":"https:\/\/www.diarioimagen.net\/index.php?rest_route=\/wp\/v2\/posts\/638790\/revisions"}],"wp:featuredmedia":[{"embeddable":true,"href":"https:\/\/www.diarioimagen.net\/index.php?rest_route=\/wp\/v2\/media\/638904"}],"wp:attachment":[{"href":"https:\/\/www.diarioimagen.net\/index.php?rest_route=%2Fwp%2Fv2%2Fmedia&parent=638790"}],"wp:term":[{"taxonomy":"category","embeddable":true,"href":"https:\/\/www.diarioimagen.net\/index.php?rest_route=%2Fwp%2Fv2%2Fcategories&post=638790"},{"taxonomy":"post_tag","embeddable":true,"href":"https:\/\/www.diarioimagen.net\/index.php?rest_route=%2Fwp%2Fv2%2Ftags&post=638790"}],"curies":[{"name":"wp","href":"https:\/\/api.w.org\/{rel}","templated":true}]}}