{"id":638791,"date":"2024-10-29T00:02:09","date_gmt":"2024-10-29T06:02:09","guid":{"rendered":"https:\/\/www.diarioimagen.net\/?p=638791"},"modified":"2024-10-29T01:38:12","modified_gmt":"2024-10-29T07:38:12","slug":"alejandro-fernandez-viste-de-tradicion-a-la-plaza-de-toros-mexico","status":"publish","type":"post","link":"https:\/\/www.diarioimagen.net\/?p=638791","title":{"rendered":"Alejandro Fern\u00e1ndez viste de tradici\u00f3n a la Plaza de Toros M\u00e9xico"},"content":{"rendered":"<p>&nbsp;<\/p>\n<h2 style=\"text-align: center;\">Con su gura \u201cDe Rey a Rey\u201d<\/h2>\n<p>&nbsp;<\/p>\n<ul>\n<li><strong><em>Un sentido homenaje a su padre, Vicente Fern\u00e1ndez \u201cEl Charro de Huentit\u00e1n\u201d<\/em><\/strong><\/li>\n<\/ul>\n<p>&nbsp;<\/p>\n<div id=\"attachment_638906\" style=\"width: 470px\" class=\"wp-caption aligncenter\"><a href=\"https:\/\/www.diarioimagen.net\/?attachment_id=638906\" rel=\"attachment wp-att-638906\"><img loading=\"lazy\" decoding=\"async\" aria-describedby=\"caption-attachment-638906\" class=\"size-full wp-image-638906\" src=\"https:\/\/www.diarioimagen.net\/wp-content\/uploads\/2024\/10\/alejandro-fernandez-2.jpg\" alt=\"\" width=\"460\" height=\"270\" srcset=\"https:\/\/www.diarioimagen.net\/wp-content\/uploads\/2024\/10\/alejandro-fernandez-2.jpg 460w, https:\/\/www.diarioimagen.net\/wp-content\/uploads\/2024\/10\/alejandro-fernandez-2-240x141.jpg 240w\" sizes=\"auto, (max-width: 460px) 100vw, 460px\" \/><\/a><p id=\"caption-attachment-638906\" class=\"wp-caption-text\">Alejandro Fern\u00e1ndez, se present\u00f3 en la Monumental Plaza de Toros M\u00e9xico para ofrecer dos conciertos de su gira \u201cDe Rey a Rey\u201d. (Foto: Ocesa \/ Jos\u00e9 Jorge Carre\u00f3n).<\/p><\/div>\n<p>&nbsp;<\/p>\n<p>En una noche llena de emoci\u00f3n y nostalgia, Alejandro Fern\u00e1ndez, se present\u00f3 en la Monumental Plaza de Toros M\u00e9xico los d\u00edas 25 y 26 de octubre, para ofrecer dos conciertos memorables como parte de su gira \u201cDe Rey a Rey\u201d.<\/p>\n<p>Estos conciertos no solo marcaron un hito personal para el artista, sino que tambi\u00e9n rindieron un homenaje a su padre, el legendario Vicente Fern\u00e1ndez, conocido como \u201cEl Charro de Huentit\u00e1n\u201d.<\/p>\n<p>Ante una audiencia de m\u00e1s de 80 mil personas en cada noche, Alejandro Fern\u00e1ndez subi\u00f3 al escenario vestido con un traje de charro con detalles dorados, iniciando su repertorio con el tema \u201cNo me se rajar\u201d, un cl\u00e1sico de su padre.<\/p>\n<p>La respuesta del p\u00fablico fue inmediata, con canciones como \u201cEstos celos\u201d, \u201cLlaves de mi alma\u201d, \u201cUn mill\u00f3n de primaveras\u201d y \u201cMujeres divinas\u201d convirti\u00e9ndose en los momentos m\u00e1s coreados de la noche, y es que interpret\u00f3 temas de su padre, pero tambi\u00e9n de su repertorio personal.<\/p>\n<p>Durante el concierto, Alejandro no dej\u00f3 de expresar su gratitud y amor por su padre, mencionando que \u201cbajo este cielo recuerdo las canciones con las que crec\u00ed, y con las que crecimos todos los mexicanos y los latinoamericanos. El legado de Vicente Fern\u00e1ndez sigue m\u00e1s fuerte, quiero darles las gracias por su amor a mi padre \u201c.<\/p>\n<p>El espect\u00e1culo culmin\u00f3 con un bloque de \u00e9xitos de su propio repertorio, incluyendo \u201cTe olvid\u00e9\u201d, \u201cComo quien pierde a una estrella\u201d y \u201cM\u00e1talas\u201d, dejando al p\u00fablico en pie y aplaudiendo con fervor, demostrando que ha dado dignidad al linaje de los Fern\u00e1ndez con un estilo personal de interpretaci\u00f3n y consolidaci\u00f3n de nuevos \u00e9xitos<\/p>\n<p>Con estos conciertos, Alejandro Fern\u00e1ndez se convirti\u00f3 en el primer artista en llenar la Plaza de Toros M\u00e9xico en cuatro ocasiones en el mismo a\u00f1o, un logro que resalta su popularidad y el impacto de su m\u00fasica en el p\u00fablico mexicano y latinoamericano.<\/p>\n<p>Los conciertos de Alejandro Fern\u00e1ndez en la Plaza de Toros M\u00e9xico no solo fueron un homenaje a su padre, sino tambi\u00e9n una celebraci\u00f3n de la m\u00fasica ranchera y el legado de la familia Fern\u00e1ndez y es que el recinto se visti\u00f3 de tradici\u00f3n, color y emoci\u00f3n mexicana.<\/p>\n<p>Con su talento y dedicaci\u00f3n, Alejandro logr\u00f3 conectar con su audiencia y dejar una marca imborrable en la historia de la m\u00fasica mexicana.<\/p>\n<p>&nbsp;<\/p>\n<blockquote><p><strong>Con la interpretaci\u00f3n de \u201cComo quien pierde a una estrella\u201d y \u201cM\u00e1talas\u201d, demuestra que ha dado dignidad al linaje de los Fern\u00e1ndez con un estilo personal de interpretaci\u00f3n y la consolidaci\u00f3n de nuevos \u00e9xitos<\/strong><\/p><\/blockquote>\n","protected":false},"excerpt":{"rendered":"<p>En una noche llena de emoci\u00f3n y nostalgia, Alejandro Fern\u00e1ndez, se present\u00f3 en la Monumental Plaza de Toros M\u00e9xico los d\u00edas 25 y 26 de octubre, para ofrecer dos conciertos memorables como parte de su gira \u201cDe Rey a Rey\u201d.<\/p>\n","protected":false},"author":3,"featured_media":638906,"comment_status":"open","ping_status":"open","sticky":false,"template":"","format":"standard","meta":{"_monsterinsights_skip_tracking":false,"_monsterinsights_sitenote_active":false,"_monsterinsights_sitenote_note":"","_monsterinsights_sitenote_category":0,"footnotes":""},"categories":[12],"tags":[12088,101123],"class_list":["post-638791","post","type-post","status-publish","format-standard","has-post-thumbnail","hentry","category-espectaculos","tag-alejandro-fernandez","tag-de-rey-a-rey"],"_links":{"self":[{"href":"https:\/\/www.diarioimagen.net\/index.php?rest_route=\/wp\/v2\/posts\/638791","targetHints":{"allow":["GET"]}}],"collection":[{"href":"https:\/\/www.diarioimagen.net\/index.php?rest_route=\/wp\/v2\/posts"}],"about":[{"href":"https:\/\/www.diarioimagen.net\/index.php?rest_route=\/wp\/v2\/types\/post"}],"author":[{"embeddable":true,"href":"https:\/\/www.diarioimagen.net\/index.php?rest_route=\/wp\/v2\/users\/3"}],"replies":[{"embeddable":true,"href":"https:\/\/www.diarioimagen.net\/index.php?rest_route=%2Fwp%2Fv2%2Fcomments&post=638791"}],"version-history":[{"count":0,"href":"https:\/\/www.diarioimagen.net\/index.php?rest_route=\/wp\/v2\/posts\/638791\/revisions"}],"wp:featuredmedia":[{"embeddable":true,"href":"https:\/\/www.diarioimagen.net\/index.php?rest_route=\/wp\/v2\/media\/638906"}],"wp:attachment":[{"href":"https:\/\/www.diarioimagen.net\/index.php?rest_route=%2Fwp%2Fv2%2Fmedia&parent=638791"}],"wp:term":[{"taxonomy":"category","embeddable":true,"href":"https:\/\/www.diarioimagen.net\/index.php?rest_route=%2Fwp%2Fv2%2Fcategories&post=638791"},{"taxonomy":"post_tag","embeddable":true,"href":"https:\/\/www.diarioimagen.net\/index.php?rest_route=%2Fwp%2Fv2%2Ftags&post=638791"}],"curies":[{"name":"wp","href":"https:\/\/api.w.org\/{rel}","templated":true}]}}