{"id":638794,"date":"2024-10-29T00:03:29","date_gmt":"2024-10-29T06:03:29","guid":{"rendered":"https:\/\/www.diarioimagen.net\/?p=638794"},"modified":"2024-10-29T01:38:24","modified_gmt":"2024-10-29T07:38:24","slug":"el-sotano-regresa-para-aterrorizar-al-publico","status":"publish","type":"post","link":"https:\/\/www.diarioimagen.net\/?p=638794","title":{"rendered":"\u201cEl S\u00f3tano\u201d regresa para aterrorizar al p\u00fablico"},"content":{"rendered":"<p>&nbsp;<\/p>\n<h2 style=\"text-align: center;\">De los creadores de \u201cEl Aro\u201d<\/h2>\n<p><strong>\u00a0<\/strong><\/p>\n<ul>\n<li><strong><em>Los viernes, s\u00e1bados y domingos en el Teatro Fernando Soler<\/em><\/strong><\/li>\n<\/ul>\n<p>&nbsp;<\/p>\n<div id=\"attachment_638907\" style=\"width: 470px\" class=\"wp-caption aligncenter\"><a href=\"https:\/\/www.diarioimagen.net\/?attachment_id=638907\" rel=\"attachment wp-att-638907\"><img loading=\"lazy\" decoding=\"async\" aria-describedby=\"caption-attachment-638907\" class=\"size-full wp-image-638907\" src=\"https:\/\/www.diarioimagen.net\/wp-content\/uploads\/2024\/10\/el-sotano-1.jpg\" alt=\"\" width=\"460\" height=\"270\" srcset=\"https:\/\/www.diarioimagen.net\/wp-content\/uploads\/2024\/10\/el-sotano-1.jpg 460w, https:\/\/www.diarioimagen.net\/wp-content\/uploads\/2024\/10\/el-sotano-1-240x141.jpg 240w\" sizes=\"auto, (max-width: 460px) 100vw, 460px\" \/><\/a><p id=\"caption-attachment-638907\" class=\"wp-caption-text\">La obra de terror est\u00e1 basada la historia del autor Koji Suzuki, mismo creador de la historia \u201cEl Aro\u201d.<\/p><\/div>\n<p>&nbsp;<\/p>\n<p>La obra \u201cEl S\u00f3tano\u201d ha llegado a Ciudad de M\u00e9xico con gran expectativa, protagonizada por la talentosa Ana Claudia Talanc\u00f3n y el vers\u00e1til Luis Felipe Tovar. Dirigida por Esteban Rom\u00e1n y producida por Omar Su\u00e1rez, Edgar M\u00e9ndez y C\u00e9sar Perr\u00edn, esta obra de terror inmersiva ha capturado la atenci\u00f3n del p\u00fablico desde su estreno.<\/p>\n<p>La historia, una adaptaci\u00f3n teatral de una narrativa del escritor japon\u00e9s Koji Suzuki, sigue a Ana M\u00fcller y su hija Isa (interpretada por Camila Su\u00e1rez), quienes se mudan a un viejo edificio tras el divorcio de Ana. Sin embargo, desconocen que su departamento tiene un s\u00f3tano oscuro y tenebroso, lo que desencadena una serie de eventos aterradores.<\/p>\n<p>Esta que es considerada una de las obras m\u00e1s terror\u00edficas llega al Teatro Fernando Soler, con funciones los viernes, s\u00e1bados y domingos, destacando la actuaci\u00f3n especial, de Camila Su\u00e1rez, hija del productor Omar Su\u00e1rez.<\/p>\n<p>La obra de terror est\u00e1 basada en la historia del autor Koji Suzuki, mismo creador de la historia \u201cEl Aro\u201d. La puesta en escena recorre la historia de Ana M\u00fcller, quien se ha separado de su marido y cuenta con pocos recursos, por lo que decide alquilar un departamento en las periferias de la ciudad, vive con su peque\u00f1a hija Isa, en un edificio a punto de caerse a casusa de los terremotos en la ciudad.<\/p>\n<p>Dami\u00e1n, es conserje del edificio y posiblemente el \u00fanico habitante del mismo; Ana sabe las terribles condiciones en las que se encuentra el edificio, pero debido a sus recursos debe quedarse, el apartamento uno es donde deciden acomodarse, pues ella le teme a las alturas y es un tanto peligroso para la ni\u00f1a. Dami\u00e1n trata de ser amigo de Isa, quien no suelta una palabra desde la separaci\u00f3n de sus padres.<\/p>\n<p>Aparentemente parec\u00eda una buena idea estar en el apartamento hasta que descubren que tiene un s\u00f3tano oculto, con diversos misterios aterradores.<\/p>\n<p>Los actores se han preparado para esta terror\u00edfica obra en la que hasta en los ensayos de puede sentir el terror, en la obscuridad del teatro.<\/p>\n<p>\u201cEl S\u00f3tano\u201d se presenta los viernes 20:30 pm, s\u00e1bados 18:00 y 20:30 pm y domingos 18:00 pm. Con una duraci\u00f3n aproximada de 90 minutos y apta para mayores de 16 a\u00f1os. Los boletos los puedes adquirir en la taquilla del teatro o en la p\u00e1gina de <em>www.ticketmaster.com<\/em><\/p>\n<p><strong>\u00a0<\/strong><\/p>\n<blockquote><p><strong>\u201cEl S\u00f3tano\u201d se presenta los viernes 20:30 pm, s\u00e1bados 18:00 y 20:30 pm y domingos 18:00 pm. Los boletos los puedes adquirir en la taquilla del teatro o en la p\u00e1gina de <em>www.ticketmaster.com<\/em><\/strong><\/p><\/blockquote>\n","protected":false},"excerpt":{"rendered":"<p>La obra \u201cEl S\u00f3tano\u201d ha llegado a Ciudad de M\u00e9xico con gran expectativa, protagonizada por la talentosa Ana Claudia Talanc\u00f3n y el vers\u00e1til Luis Felipe Tovar. Dirigida por Esteban Rom\u00e1n y producida por Omar Su\u00e1rez, Edgar M\u00e9ndez y C\u00e9sar Perr\u00edn, esta obra de terror inmersiva ha capturado la atenci\u00f3n del p\u00fablico desde su estreno.<\/p>\n","protected":false},"author":3,"featured_media":638907,"comment_status":"open","ping_status":"open","sticky":false,"template":"","format":"standard","meta":{"_monsterinsights_skip_tracking":false,"_monsterinsights_sitenote_active":false,"_monsterinsights_sitenote_note":"","_monsterinsights_sitenote_category":0,"footnotes":""},"categories":[12],"tags":[101124,94007,57846],"class_list":["post-638794","post","type-post","status-publish","format-standard","has-post-thumbnail","hentry","category-espectaculos","tag-el-aro","tag-el-sotano","tag-teatro-fernando-soler"],"_links":{"self":[{"href":"https:\/\/www.diarioimagen.net\/index.php?rest_route=\/wp\/v2\/posts\/638794","targetHints":{"allow":["GET"]}}],"collection":[{"href":"https:\/\/www.diarioimagen.net\/index.php?rest_route=\/wp\/v2\/posts"}],"about":[{"href":"https:\/\/www.diarioimagen.net\/index.php?rest_route=\/wp\/v2\/types\/post"}],"author":[{"embeddable":true,"href":"https:\/\/www.diarioimagen.net\/index.php?rest_route=\/wp\/v2\/users\/3"}],"replies":[{"embeddable":true,"href":"https:\/\/www.diarioimagen.net\/index.php?rest_route=%2Fwp%2Fv2%2Fcomments&post=638794"}],"version-history":[{"count":0,"href":"https:\/\/www.diarioimagen.net\/index.php?rest_route=\/wp\/v2\/posts\/638794\/revisions"}],"wp:featuredmedia":[{"embeddable":true,"href":"https:\/\/www.diarioimagen.net\/index.php?rest_route=\/wp\/v2\/media\/638907"}],"wp:attachment":[{"href":"https:\/\/www.diarioimagen.net\/index.php?rest_route=%2Fwp%2Fv2%2Fmedia&parent=638794"}],"wp:term":[{"taxonomy":"category","embeddable":true,"href":"https:\/\/www.diarioimagen.net\/index.php?rest_route=%2Fwp%2Fv2%2Fcategories&post=638794"},{"taxonomy":"post_tag","embeddable":true,"href":"https:\/\/www.diarioimagen.net\/index.php?rest_route=%2Fwp%2Fv2%2Ftags&post=638794"}],"curies":[{"name":"wp","href":"https:\/\/api.w.org\/{rel}","templated":true}]}}