{"id":638826,"date":"2024-10-29T00:09:00","date_gmt":"2024-10-29T06:09:00","guid":{"rendered":"https:\/\/www.diarioimagen.net\/?p=638826"},"modified":"2024-10-29T00:29:52","modified_gmt":"2024-10-29T06:29:52","slug":"iguales-chile-1971-y-mexico-2018","status":"publish","type":"post","link":"https:\/\/www.diarioimagen.net\/?p=638826","title":{"rendered":"Iguales, Chile (1971) y\u00a0M\u00e9xico (2018)"},"content":{"rendered":"<h2>Poder y dinero<\/h2>\n<h5>V\u00edctor S\u00e1nchez Ba\u00f1os<\/h5>\n<p>&nbsp;<\/p>\n<ul>\n<li><strong><em>Demagogia, abusos y crisis econ\u00f3mica<\/em><\/strong><\/li>\n<li><strong><em>Empresas expropiadas en ambos pa\u00edses<\/em><\/strong><\/li>\n<li><strong><em>Educaci\u00f3n, herramienta de doctrinas<\/em><\/strong><\/li>\n<li><strong><em>Socialismo demostr\u00f3 deterioro social<\/em><\/strong><\/li>\n<li><strong><em>Arce y Evo, reyes de montajes bolivianos<\/em><\/strong><\/li>\n<li><strong><em>Mexicana entrar\u00e1 al muy saturado AICM<\/em><\/strong><\/li>\n<li><strong><em>Slim, cosecha de reconocimientos sociales<\/em><\/strong><\/li>\n<li><strong><em>Hutchison, ante el reto de sustentabilidad<\/em><\/strong><\/li>\n<\/ul>\n<p>&nbsp;<\/p>\n<p style=\"text-align: right;\"><em>Antes de dar al pueblo sacerdotes, soldados y maestros,<br \/>\nser\u00eda oportuno saber si no se est\u00e1 muriendo de hambre<\/em><br \/>\n<strong>Leon Tolstoi<\/strong> (1828-1910) Escritor ruso.<\/p>\n<p>&nbsp;<\/p>\n<p>El ic\u00f3nico dirigente de la izquierda Latinoamericana, Salvador Allende, lleg\u00f3 al poder como presidente en Chile en noviembre de 1970, de la mano del partido socialista Unidad Popular, con el proyecto de instaurar el socialismo por la v\u00eda democr\u00e1tica. Desde siempre, abri\u00f3 sus cartas como un socialista apoyado por la entonces Uni\u00f3n Sovi\u00e9tica, Cuba y la China mao\u00edsta.<\/p>\n<p>Su gobierno contemplaba la construcci\u00f3n de un \u201cEstado popular\u201d y una econom\u00eda planificada, con el control del Estado. El mismo esquema de la China de aquellos a\u00f1os, que demostr\u00f3 su fracaso econ\u00f3mico, pol\u00edtico y social, al llevar a morir de hambre a millones de chinos.<\/p>\n<p>Este es el paralelismo entre el gobierno de Salvador Allende, que provoc\u00f3 la ira y el p\u00e1nico del presidente estadounidense Richard Nixon y su secretario de Estado, Henry Kissinger, y el de Andr\u00e9s Manuel L\u00f3pez Obrador, quien inici\u00f3 con t\u00edmidos pasos, para que al cierre de su gobierno intensificara sus acciones por dejar bases para un socialismo, con profundas ra\u00edces de corrupci\u00f3n.<\/p>\n<p><strong>Nacionalizaci\u00f3n:<\/strong><\/p>\n<p>Allende ampli\u00f3 la pol\u00edtica de nacionalizaci\u00f3n, como la estatizaci\u00f3n de los sectores productivos. Tom\u00f3 el control, dej\u00e1ndolo en manos de los trabajadores de palabra, ya que de hecho y de control, estaba en manos de la alta burocracia chilena. Por motivos constitucionales, lo que fren\u00f3 al socialista chileno, pag\u00f3 a empresarios a precio inferior a su valor contable. Fueron decenas de empresas consideradas \u201cestrat\u00e9gicas\u201d, pero de ello no ten\u00edan nada. Era despojar a los empresarios de sus propiedades. La empresa provoc\u00f3 la intervenci\u00f3n de EU, fue la poderosa empresa explotadora de cobre, Anaconda.<\/p>\n<p>AMLO: Expropi\u00f3 Exportadora de Sal, a Mitsubishi, en 88 millones de d\u00f3lares; en mayo del a\u00f1o pasado, una parte de la unidad ferroviaria de Grupo M\u00e9xico, de German Larrea, en el Istmo de Tehuantepec, fue incautada por militares. Adem\u00e1s de 13 plantas de la empresa espa\u00f1ola, Iberdrola en M\u00e9xico. Esta operaci\u00f3n se cerr\u00f3 en 6 mil millones de d\u00f3lares, para dotar a la CFE del 55% del mercado el\u00e9ctrico del pa\u00eds. La empresa china Bacanora, en Sonora, fue nacionalizada, por tener terrenos de enormes vetas de litio. Hasta el momento, no ha logrado la empresa del gobierno, administrada por un sobrino de Guadalupe Taddei, presidenta del INE, un gramo para producir bater\u00edas.<\/p>\n<p><strong>Reforma agraria:<\/strong><\/p>\n<p>Allende: La reforma agraria de la Unidad Popular buscaba dar m\u00e1s poder al campesinado, pero desanim\u00f3 a ese sector productivo al provocar, ante la falta de recursos para invertir en el sector, un grave desabasto de alimentos del agro.<\/p>\n<p>AMLO: Con una pol\u00edtica de atracci\u00f3n y compra de votos cre\u00f3 un programa llamado Sembrando Vida, que desestimul\u00f3 la siembra de alimentos para sembrar \u201carbolitos\u201d y dejarlos morir.<\/p>\n<p><strong>Educaci\u00f3n:<\/strong><\/p>\n<p>Allende ofreci\u00f3 mejores condiciones de participaci\u00f3n pol\u00edtica para la poblaci\u00f3n con altos \u00edndices de analfabetismo, lo que no cumpli\u00f3. Pero los libros para la educaci\u00f3n p\u00fablica estaban adoctrinando a los ni\u00f1os, en la idea, socializando y despoj\u00e1ndolos de su calidad individual.<\/p>\n<p>AMLO: Dijo que cre\u00f3 mil universidades p\u00fablicas, de las cuales unas 20 son las que funcionan m\u00ednimamente. La calidad acad\u00e9mica es deplorable y no tienen acceso a puestos laborales. Los libros de texto gratuitos son herramientas de adoctrinamiento. Las escuelas p\u00fablicas olvidan capacidades de competencia y, en especial, eliminan materias como historia, para no cometer los mismos errores del pasado; de geograf\u00eda, para no ver m\u00e1s all\u00e1 de su horizonte y no hay investigaci\u00f3n cient\u00edfica. Un desastre, pues.<\/p>\n<p><strong>Militares:<\/strong><\/p>\n<p>Allende, al ver la fuerza de las fuerzas armadas, les mejor\u00f3 salarios y a sus dirigentes los apapach\u00f3 con dinero. Pero no fue suficiente. Estados Unidos les ofreci\u00f3 m\u00e1s.<\/p>\n<p>AMLO no tuvo l\u00edmites. Les dio absolutamente todo: puertos, aeropuertos, construcci\u00f3n, administraci\u00f3n de aduanas y mucho, pero mucho m\u00e1s. Est\u00e1n contentos.<\/p>\n<p>En ambos gobiernos imper\u00f3 la polarizaci\u00f3n pol\u00edtica y creci\u00f3 la inflaci\u00f3n. Salvador lleg\u00f3 a la Presidencia en su cuarto intento, al frente de la coalici\u00f3n de izquierda Unidad Popular (UP), que inclu\u00eda a socialistas como \u00e9l y comunistas. L\u00f3pez, en su tercera vez, con el apoyo de priistas, fundamentalmente.<\/p>\n<p>En ambos pa\u00edses, el discurso de Allende y AMLO, claro este de menor tama\u00f1o hist\u00f3rico que el chileno, fue incendiario contra sus opositores, empresarios, periodistas y cualquiera que criticara a sus gobiernos.<\/p>\n<p>La diferencia es que ahora Estados Unidos es un factor lejano y no se ve la intervenci\u00f3n de las agencias de seguridad de ese pa\u00eds, para mover presidentes en el resto del planeta. Bueno, cuando menos no se evidencian. Por ello, pueden dormir tranquilos en la 4T, mientras el le\u00f3n del norte, no despierte.<\/p>\n<p style=\"text-align: center;\"><strong>PODEROSOS CABALLEROS<\/strong><\/p>\n<p><strong>ARCE Y EVO, MONTAJES:<\/strong> Son tan malos actores que no merecen ser atendidos por el \u201crespetable\u201d p\u00fablico. Dos ejemplos de lo burdo que act\u00faan con el fin de quedarse en el poder el actual presidente de Bolivia, Luis Arce, socio y compa\u00f1ero de partido del suspirante eterno y acusado de violaci\u00f3n de menores, el expresidente Evo Morales. Arce, el 26 de junio pasado, sufri\u00f3 un \u201cgolpe acordado\u201d por un grupo de militares encabezados por Juan Z\u00fa\u00f1iga. \u00c9ste denunci\u00f3 a Arce de ese montaje y de todos modos lo mandaron a la c\u00e1rcel. Acus\u00f3 a Evo de estar detr\u00e1s del ataque militar. El domingo pasado, Evo en un video m\u00e1s chafa que las micheladas, se dice atacado por polic\u00edas y militares. Le plantaron 14 balazos a su camioneta (de acuerdo a sus videos, son dos camionetas diferentes). Su chofer s\u00f3lo recibi\u00f3 un \u201croz\u00f3n\u201d y no pas\u00f3 a mayores. Si hubieran querido atentar realmente contra el amasio del poder bolivariano lo hubieran logrado. Ahora, \u00a114 tiros y no atinarle, es de militares idiotas! La realidad es que fueron montajes.<\/p>\n<p><strong>SLIM:<\/strong> Carlos Slim Hel\u00fa recibi\u00f3 un reconocimiento de la Universidad An\u00e1huac. Cipriano S\u00e1nchez Garc\u00eda, rector de esa universidad, le entreg\u00f3 el doctorado Honoris Causa al empresario mexicano por parte de la Facultad de Ingenier\u00eda. Pero, adem\u00e1s, le entregaron el Premio Italia M\u00e9xico organizado por la C\u00e1mara de Comercio Italiana en M\u00e9xico, que dirige Faribah Gallardo, y el cual reconoce a empresas y personalidades que han fortalecido los lazos entre ambos pa\u00edses recibiendo el premio de honor. Por si fuera poco, le dieron otro reconocimiento. Se trata del Especial de Arte y Cultura que se otorga a la Fundaci\u00f3n Carlos Slim.<\/p>\n<p><strong>MEXICANA DE AVIACI\u00d3N:<\/strong> De un momento a otro, el Aeropuerto Internacional de la Ciudad de M\u00e9xico, liderado por Jos\u00e9 Ram\u00f3n Rivera Parga, confirmar\u00e1 pronto versiones de la entrada de Mexicana de Aviaci\u00f3n, capitaneado por Sergio Monta\u00f1o M\u00e9ndez, a esa terminal. Esto demostrar\u00eda el fracaso del AIFA, y de saturar a\u00fan m\u00e1s al AICM. Al entrar con boletos subsidiados, Mexicana es una competencia desleal con el resto de las aerol\u00edneas. Sin embargo, no le queda de otra para medio sobrevivir.<\/p>\n<p style=\"text-align: center;\"><strong>RESPONSABILIDAD SOCIAL <\/strong><strong>Y GOBERNANZA<\/strong><\/p>\n<p><strong>HUTCHISON: <\/strong>Hutchison realiza un debate en Ensenada Hutchison Ports que en Am\u00e9rica Latina lidera Jorge Magno Lecona realiz\u00f3 la edici\u00f3n 26 de su Congreso de Calidad Total ahora con el tema Rumbo a la Sostenibilidad en Ensenada, Baja California donde debatieron mejores pr\u00e1cticas en eficiencia operativa y modernizaci\u00f3n.<\/p>\n<p><em><a href=\"mailto:vsb@poderydinero.mx\" target=\"_blank\" rel=\"noopener noreferrer\">vsb@poderydinero.mx<\/a><br \/>\n<a href=\"https:\/\/twitter.com\/vsanchezbanos?lang=es\" target=\"_blank\" rel=\"noopener\">@vsanchezbanos<\/a><\/em><\/p>\n","protected":false},"excerpt":{"rendered":"<p><span style=\"color: #005497;\"><strong>V\u00edctor S\u00e1nchez Ba\u00f1os<\/strong><\/span><\/p>\n","protected":false},"author":3,"featured_media":0,"comment_status":"open","ping_status":"open","sticky":false,"template":"","format":"standard","meta":{"_monsterinsights_skip_tracking":false,"_monsterinsights_sitenote_active":false,"_monsterinsights_sitenote_note":"","_monsterinsights_sitenote_category":0,"footnotes":""},"categories":[38844],"tags":[43674,38847,38848],"class_list":["post-638826","post","type-post","status-publish","format-standard","hentry","category-victor-sanchez-banos","tag-opinion","tag-poder-y-dinero","tag-victor-sanchez-banos"],"_links":{"self":[{"href":"https:\/\/www.diarioimagen.net\/index.php?rest_route=\/wp\/v2\/posts\/638826","targetHints":{"allow":["GET"]}}],"collection":[{"href":"https:\/\/www.diarioimagen.net\/index.php?rest_route=\/wp\/v2\/posts"}],"about":[{"href":"https:\/\/www.diarioimagen.net\/index.php?rest_route=\/wp\/v2\/types\/post"}],"author":[{"embeddable":true,"href":"https:\/\/www.diarioimagen.net\/index.php?rest_route=\/wp\/v2\/users\/3"}],"replies":[{"embeddable":true,"href":"https:\/\/www.diarioimagen.net\/index.php?rest_route=%2Fwp%2Fv2%2Fcomments&post=638826"}],"version-history":[{"count":0,"href":"https:\/\/www.diarioimagen.net\/index.php?rest_route=\/wp\/v2\/posts\/638826\/revisions"}],"wp:attachment":[{"href":"https:\/\/www.diarioimagen.net\/index.php?rest_route=%2Fwp%2Fv2%2Fmedia&parent=638826"}],"wp:term":[{"taxonomy":"category","embeddable":true,"href":"https:\/\/www.diarioimagen.net\/index.php?rest_route=%2Fwp%2Fv2%2Fcategories&post=638826"},{"taxonomy":"post_tag","embeddable":true,"href":"https:\/\/www.diarioimagen.net\/index.php?rest_route=%2Fwp%2Fv2%2Ftags&post=638826"}],"curies":[{"name":"wp","href":"https:\/\/api.w.org\/{rel}","templated":true}]}}