{"id":638955,"date":"2024-10-30T00:06:14","date_gmt":"2024-10-30T06:06:14","guid":{"rendered":"https:\/\/www.diarioimagen.net\/?p=638955"},"modified":"2024-10-30T23:36:03","modified_gmt":"2024-10-31T05:36:03","slug":"uaemex-referente-a-nivel-nacional-en-la-formacion-de-profesionales-en-turismo-y-gastronomia","status":"publish","type":"post","link":"https:\/\/www.diarioimagen.net\/?p=638955","title":{"rendered":"UAEM\u00e9x, referente a nivel nacional en la formaci\u00f3n de profesionales en turismo y gastronom\u00eda"},"content":{"rendered":"<p>&nbsp;<\/p>\n<div id=\"attachment_639014\" style=\"width: 470px\" class=\"wp-caption aligncenter\"><a href=\"https:\/\/www.diarioimagen.net\/?attachment_id=639014\" rel=\"attachment wp-att-639014\"><img loading=\"lazy\" decoding=\"async\" aria-describedby=\"caption-attachment-639014\" class=\"size-full wp-image-639014\" src=\"https:\/\/www.diarioimagen.net\/wp-content\/uploads\/2024\/10\/uaem-referente.jpg\" alt=\"\" width=\"460\" height=\"270\" srcset=\"https:\/\/www.diarioimagen.net\/wp-content\/uploads\/2024\/10\/uaem-referente.jpg 460w, https:\/\/www.diarioimagen.net\/wp-content\/uploads\/2024\/10\/uaem-referente-240x141.jpg 240w\" sizes=\"auto, (max-width: 460px) 100vw, 460px\" \/><\/a><p id=\"caption-attachment-639014\" class=\"wp-caption-text\">El rector de la UAEM\u00e9x, Carlos Eduardo Barrera D\u00edaz, encabez\u00f3 la lectura del primer informe anual de actividades del director de la Facultad de Turismo y Gastronom\u00eda, Ricardo Hern\u00e1ndez L\u00f3pez.<\/p><\/div>\n<p>&nbsp;<\/p>\n<p><strong>Toluca, Estado de M\u00e9xico.<\/strong>\u2014 La Facultad de Turismo y Gastronom\u00eda de la Universidad Aut\u00f3noma del Estado de M\u00e9xico (UAEM\u00e9x) se ha dedicado a la formaci\u00f3n de profesionales que han contribuido a modernizar los servicios tur\u00edsticos y de gastronom\u00eda en nuestra bella y rica entidad mexiquense, destac\u00f3 el rector Carlos Eduardo Barrera D\u00edaz, durante la lectura del primer informe anual de actividades del director de este espacio acad\u00e9mico, Ricardo Hern\u00e1ndez L\u00f3pez.<\/p>\n<p>Previo a este ejercicio de transparencia, Barrera D\u00edaz hizo entrega de un tanque estacionario de tres mil 400 litros, 250 pupitres, cinco mesas con sombrilla para jard\u00edn, 15 computadoras y 15 sillas para personal administrativo, as\u00ed como el mantenimiento de hornos y estufas, con el prop\u00f3sito de fortalecer las actividades acad\u00e9micas de la Facultad.<\/p>\n<p>En este acto, el rector de la M\u00e1xima Casa de Estudios mexiquense entreg\u00f3 la Presea al M\u00e9rito Universitario \u201cIgnacio Manuel Altamirano Basilio\u201d 2024 a Karla G\u00f3mez Cuevas y los reconocimientos por obtener el tercer lugar en el Primer Concurso Panamericano de Bar y Cocteler\u00eda por la Confederaci\u00f3n Panamericana de Escuelas de Hoteler\u00eda, Gastronom\u00eda y Turismo (CONPEHT) 2024 a Antonio Amanquiel Cort\u00e9s Peralta y por el M\u00e9rito al Talento Tur\u00edstico y Gastron\u00f3mico 2023 a Aldo Bernal Ru\u00edz.<\/p>\n<p>Barrera D\u00edaz coment\u00f3 que esta facultad destaca por su pertinencia y excelencia acad\u00e9mica, pues sus dos programas de licenciatura -Turismo y Gastronom\u00eda- se encuentran acreditados por el Consejo Nacional para la Calidad de la Educaci\u00f3n Tur\u00edstica A.C. (CONAET), ya que cumplen con el enfoque del Sistema de Evaluaci\u00f3n y Acreditaci\u00f3n de la Educaci\u00f3n Superior (SEAES); adem\u00e1s, ambas carreras en modalidad mixta fueron reestructuradas, donde el programa en Turismo cambi\u00f3 su nombre a Licenciatura en Gesti\u00f3n e Innovaci\u00f3n Tur\u00edstica. En este marco, el rector de la Aut\u00f3noma mexiquense explic\u00f3 que a esta oferta acad\u00e9mica se suman programas en estudios avanzados como las maestr\u00edas en Estudios Tur\u00edsticos y en Gesti\u00f3n de la Gastronom\u00eda Tradicional, resaltando esta \u00faltima, por formar parte del Sistema Nacional de Posgrados (SNP) del Consejo Nacional de Humanidades, Ciencias y Tecnolog\u00edas (Conahcyt).<\/p>\n<p>Asimismo, Barrera D\u00edaz remarc\u00f3 la importante actividad estudiantil y docente de la Facultad de Turismo y Gastronom\u00eda, pues el alumnado ha destacado por obtener primeros lugares en concursos nacionales, mientras que las y los acad\u00e9micos contribuyen a la generaci\u00f3n de conocimiento con la publicaci\u00f3n \u201cEl Periplo Sustentable\u201d, que est\u00e1 registrada en el Sistema de Clasificaci\u00f3n de Revistas Mexicanas de Ciencia y Tecnolog\u00eda del Conahcyt, en la categor\u00eda Revista de Competencia Internacional\u201d.<\/p>\n<p>En este ejercicio de rendici\u00f3n de cuentas, el director Ricardo Hern\u00e1ndez L\u00f3pez entreg\u00f3 un reconocimiento especial al rector de la UAEM\u00e9x, por su importante labor en la gesti\u00f3n universitaria y su invaluable apoyo en beneficio de la comunidad de esta facultad.<\/p>\n<p>Hern\u00e1ndez L\u00f3pez detall\u00f3 que en el periodo que se informa, la Facultad de Gastronom\u00eda y Turismo registr\u00f3 una matr\u00edcula de mil 167 estudiantes, obteniendo una gran mejora en indicadores clave como el \u00edndice de reprobaci\u00f3n, que disminuy\u00f3 a 11.5 por ciento; mientras que el abandono escolar se redujo a 7.4 por ciento, lo cual es muestra del compromiso de este espacio acad\u00e9mico con la calidad educativa e inclusi\u00f3n.<\/p>\n<p>Al acto asistieron la secretaria de Planeaci\u00f3n y Desarrollo Institucional, Mar\u00eda Esther Aurora Contreras Lara Vega; la profesora consejera universitaria, Maribel Osorio Garc\u00eda; la alumna consejera universitaria, Giomara Zoraida Acevedo Carbajal; integrantes del Gabinete Universitario y del Colegio de Directores, as\u00ed como de la comunidad auriverde.<\/p>\n","protected":false},"excerpt":{"rendered":"<p>La Facultad de Turismo y Gastronom\u00eda de la Universidad Aut\u00f3noma del Estado de M\u00e9xico (UAEM\u00e9x) se ha dedicado a la formaci\u00f3n de profesionales que han contribuido a modernizar los servicios tur\u00edsticos y de gastronom\u00eda en nuestra bella y rica entidad mexiquense, destac\u00f3 el rector Carlos Eduardo Barrera D\u00edaz, durante la lectura del primer informe anual de actividades del director de este espacio acad\u00e9mico, Ricardo Hern\u00e1ndez L\u00f3pez.<\/p>\n","protected":false},"author":3,"featured_media":639014,"comment_status":"open","ping_status":"open","sticky":false,"template":"","format":"standard","meta":{"_monsterinsights_skip_tracking":false,"_monsterinsights_sitenote_active":false,"_monsterinsights_sitenote_note":"","_monsterinsights_sitenote_category":0,"footnotes":""},"categories":[5],"tags":[92667,94486,43681,67878],"class_list":["post-638955","post","type-post","status-publish","format-standard","has-post-thumbnail","hentry","category-estado-de-mexico","tag-carlos-eduardo-barrera-diaz","tag-profesionales","tag-turismo","tag-uaemex"],"_links":{"self":[{"href":"https:\/\/www.diarioimagen.net\/index.php?rest_route=\/wp\/v2\/posts\/638955","targetHints":{"allow":["GET"]}}],"collection":[{"href":"https:\/\/www.diarioimagen.net\/index.php?rest_route=\/wp\/v2\/posts"}],"about":[{"href":"https:\/\/www.diarioimagen.net\/index.php?rest_route=\/wp\/v2\/types\/post"}],"author":[{"embeddable":true,"href":"https:\/\/www.diarioimagen.net\/index.php?rest_route=\/wp\/v2\/users\/3"}],"replies":[{"embeddable":true,"href":"https:\/\/www.diarioimagen.net\/index.php?rest_route=%2Fwp%2Fv2%2Fcomments&post=638955"}],"version-history":[{"count":0,"href":"https:\/\/www.diarioimagen.net\/index.php?rest_route=\/wp\/v2\/posts\/638955\/revisions"}],"wp:featuredmedia":[{"embeddable":true,"href":"https:\/\/www.diarioimagen.net\/index.php?rest_route=\/wp\/v2\/media\/639014"}],"wp:attachment":[{"href":"https:\/\/www.diarioimagen.net\/index.php?rest_route=%2Fwp%2Fv2%2Fmedia&parent=638955"}],"wp:term":[{"taxonomy":"category","embeddable":true,"href":"https:\/\/www.diarioimagen.net\/index.php?rest_route=%2Fwp%2Fv2%2Fcategories&post=638955"},{"taxonomy":"post_tag","embeddable":true,"href":"https:\/\/www.diarioimagen.net\/index.php?rest_route=%2Fwp%2Fv2%2Ftags&post=638955"}],"curies":[{"name":"wp","href":"https:\/\/api.w.org\/{rel}","templated":true}]}}