{"id":638957,"date":"2024-10-30T00:08:26","date_gmt":"2024-10-30T06:08:26","guid":{"rendered":"https:\/\/www.diarioimagen.net\/?p=638957"},"modified":"2024-10-31T01:27:13","modified_gmt":"2024-10-31T07:27:13","slug":"reconoce-uaemex-a-su-comunidad-estudiantil-con-estimulos-y-apoyos-institucionales","status":"publish","type":"post","link":"https:\/\/www.diarioimagen.net\/?p=638957","title":{"rendered":"Reconoce UAEM\u00e9x a su comunidad estudiantil con est\u00edmulos y apoyos institucionales"},"content":{"rendered":"<p>&nbsp;<\/p>\n<div id=\"attachment_639016\" style=\"width: 470px\" class=\"wp-caption aligncenter\"><a href=\"https:\/\/www.diarioimagen.net\/?attachment_id=639016\" rel=\"attachment wp-att-639016\"><img loading=\"lazy\" decoding=\"async\" aria-describedby=\"caption-attachment-639016\" class=\"size-full wp-image-639016\" src=\"https:\/\/www.diarioimagen.net\/wp-content\/uploads\/2024\/10\/uaem-reconoce.jpg\" alt=\"\" width=\"460\" height=\"270\" srcset=\"https:\/\/www.diarioimagen.net\/wp-content\/uploads\/2024\/10\/uaem-reconoce.jpg 460w, https:\/\/www.diarioimagen.net\/wp-content\/uploads\/2024\/10\/uaem-reconoce-240x141.jpg 240w\" sizes=\"auto, (max-width: 460px) 100vw, 460px\" \/><\/a><p id=\"caption-attachment-639016\" class=\"wp-caption-text\">El rector de la UAEM\u00e9x, Carlos Eduardo Barrera D\u00edaz, entreg\u00f3 24 referencias simb\u00f3licas al estudiantado auriverde, de un total de 15 mil 148, acci\u00f3n que refuerza el compromiso de la Administraci\u00f3n Universitaria 2021-2025 con la educaci\u00f3n de calidad.<\/p><\/div>\n<p>&nbsp;<\/p>\n<p><strong>Toluca, Estado de M\u00e9xico.<\/strong>\u2014 Con el objetivo de reconocer su dedicaci\u00f3n y compromiso con el estudio, as\u00ed como de facilitar su acceso a la educaci\u00f3n media superior y superior, el rector de la Universidad Aut\u00f3noma del Estado de M\u00e9xico (UAEM\u00e9x), Carlos Eduardo Barrera D\u00edaz, encabez\u00f3 la entrega simb\u00f3lica de becas, est\u00edmulos y apoyos institucionales, oto\u00f1o 2024.<\/p>\n<p>En la Sala \u201cBenito Ju\u00e1rez Garc\u00eda\u201d del Edificio de Rector\u00eda, Barrera D\u00edaz entreg\u00f3 24, de un total de 15 mil 148 referencias al estudiantado auriverde, acci\u00f3n que refuerza el compromiso de la Administraci\u00f3n Universitaria 2021-2025 con la educaci\u00f3n de calidad y de f\u00e1cil acceso.<\/p>\n<p>El rector de la M\u00e1xima Casa de Estudios mexiquense coment\u00f3 que las becas, apoyos y est\u00edmulos entregados a la comunidad universitaria son recursos que buscan facilitar el cumplimiento de sus aspiraciones acad\u00e9micas, pero tambi\u00e9n, son un reconocimiento por su \u00e9xito y destacado desempe\u00f1o en actividades estudiantiles.<\/p>\n<p>En este sentido, Barrera D\u00edaz explic\u00f3 que las y los beneficiados tambi\u00e9n adquieren una distinci\u00f3n que enriquece su curr\u00edculum, pues una beca puede indicar que una persona resalta por su dedicaci\u00f3n y disciplina, que son cualidades que valoran las personas empleadoras y pueden facilitar su acceso a un trabajo en el futuro.<\/p>\n<p>Asimismo, el rector de la Aut\u00f3noma mexiquense detall\u00f3 que obtener un apoyo de este tipo representa un gran orgullo, por lo cual anim\u00f3 al estudiantado a aprovechar sus recursos acad\u00e9micos, a participar en actividades que incentiven su intelecto y, sobre todo, a construir sanas relaciones entre sus colegas y docentes.<\/p>\n<p>\u201cRecuerden que su formaci\u00f3n universitaria no se limita a obtener buenas calificaciones, sino tambi\u00e9n a formarse como ciudadanas y ciudadanos libres, cr\u00edticos y colaborativos, por lo cual les invito a reflexionar profundamente sobre el mundo que nos rodea\u201d, dijo.<\/p>\n<p>En su intervenci\u00f3n, el secretario de Extensi\u00f3n y Vinculaci\u00f3n, Francisco Zepeda Mondrag\u00f3n, asever\u00f3 que esta entrega tiene un significado profundo, pues no solo simboliza el esfuerzo de las y los alumnos, sino que los apoyos otorgados representan un recurso elemental para continuar con sus estudios y trabajar por un mejor futuro.<\/p>\n<p>Zepeda Mondrag\u00f3n destac\u00f3 que la Aut\u00f3noma mexiquense es una instituci\u00f3n comprometida con el fomento y acceso a la educaci\u00f3n, pues la inversi\u00f3n y la entrega de estos est\u00edmulos contribuyen al desarrollo del estudiantado y a la formaci\u00f3n de las y los futuros ciudadanos capaces de cambiar a su sociedad de manera positiva.<\/p>\n<p>Por su parte, la alumna de la Facultad de Antropolog\u00eda y representante del estudiantado beneficiado, Yaritzi Guadalupe Torres Hern\u00e1ndez, destac\u00f3 que el apoyo a la educaci\u00f3n es un poder transformador, pues brinda m\u00e1s y mejores oportunidades a las y los alumnos en su desempe\u00f1o acad\u00e9mico, por lo cual agradeci\u00f3 a la UAEM\u00e9x por acercar estos est\u00edmulos a su comunidad y por apoyar al desarrollo personal e integral de cada una y uno de los beneficiados.<\/p>\n<p>Al acto asistieron las alumnas de las facultades de Geograf\u00eda y Qu\u00edmica, Daniela Iturbe S\u00e1nchez y Ana Lilia L\u00f3pez Alc\u00e1ntara, respectivamente; integrantes del Gabinete Universitario y del Colegio de Directores, as\u00ed como la comunidad verde y oro.<\/p>\n","protected":false},"excerpt":{"rendered":"<p>Con el objetivo de reconocer su dedicaci\u00f3n y compromiso con el estudio, as\u00ed como de facilitar su acceso a la educaci\u00f3n media superior y superior, el rector de la Universidad Aut\u00f3noma del Estado de M\u00e9xico (UAEM\u00e9x), Carlos Eduardo Barrera D\u00edaz, encabez\u00f3 la entrega simb\u00f3lica de becas, est\u00edmulos y apoyos institucionales, oto\u00f1o 2024.<\/p>\n","protected":false},"author":3,"featured_media":639016,"comment_status":"open","ping_status":"open","sticky":false,"template":"","format":"standard","meta":{"_monsterinsights_skip_tracking":false,"_monsterinsights_sitenote_active":false,"_monsterinsights_sitenote_note":"","_monsterinsights_sitenote_category":0,"footnotes":""},"categories":[5],"tags":[54813,25439,88025,67878],"class_list":["post-638957","post","type-post","status-publish","format-standard","has-post-thumbnail","hentry","category-estado-de-mexico","tag-comunidad","tag-estimulos","tag-estudiantil","tag-uaemex"],"_links":{"self":[{"href":"https:\/\/www.diarioimagen.net\/index.php?rest_route=\/wp\/v2\/posts\/638957","targetHints":{"allow":["GET"]}}],"collection":[{"href":"https:\/\/www.diarioimagen.net\/index.php?rest_route=\/wp\/v2\/posts"}],"about":[{"href":"https:\/\/www.diarioimagen.net\/index.php?rest_route=\/wp\/v2\/types\/post"}],"author":[{"embeddable":true,"href":"https:\/\/www.diarioimagen.net\/index.php?rest_route=\/wp\/v2\/users\/3"}],"replies":[{"embeddable":true,"href":"https:\/\/www.diarioimagen.net\/index.php?rest_route=%2Fwp%2Fv2%2Fcomments&post=638957"}],"version-history":[{"count":0,"href":"https:\/\/www.diarioimagen.net\/index.php?rest_route=\/wp\/v2\/posts\/638957\/revisions"}],"wp:featuredmedia":[{"embeddable":true,"href":"https:\/\/www.diarioimagen.net\/index.php?rest_route=\/wp\/v2\/media\/639016"}],"wp:attachment":[{"href":"https:\/\/www.diarioimagen.net\/index.php?rest_route=%2Fwp%2Fv2%2Fmedia&parent=638957"}],"wp:term":[{"taxonomy":"category","embeddable":true,"href":"https:\/\/www.diarioimagen.net\/index.php?rest_route=%2Fwp%2Fv2%2Fcategories&post=638957"},{"taxonomy":"post_tag","embeddable":true,"href":"https:\/\/www.diarioimagen.net\/index.php?rest_route=%2Fwp%2Fv2%2Ftags&post=638957"}],"curies":[{"name":"wp","href":"https:\/\/api.w.org\/{rel}","templated":true}]}}