{"id":638987,"date":"2024-10-30T00:00:06","date_gmt":"2024-10-30T06:00:06","guid":{"rendered":"https:\/\/www.diarioimagen.net\/?p=638987"},"modified":"2024-10-30T00:29:27","modified_gmt":"2024-10-30T06:29:27","slug":"ratifican-a-funcionarios-de-seguridad-ciudadana-en-cancun","status":"publish","type":"post","link":"https:\/\/www.diarioimagen.net\/?p=638987","title":{"rendered":"Ratifican a funcionarios de Seguridad Ciudadana en Canc\u00fan"},"content":{"rendered":"<h2>Hora 14<\/h2>\n<h5>Mauricio Conde Olivares<\/h5>\n<p>&nbsp;<\/p>\n<p>En Canc\u00fan, durante el marco de la Tercera Sesi\u00f3n Ordinaria, encabezada por la Presidenta Municipal, Ana Paty Peralta, el Cabildo de Benito Ju\u00e1rez aprob\u00f3 por unanimidad el nombramiento de los integrantes del Comit\u00e9 T\u00e9cnico del Fideicomiso de Administraci\u00f3n y Pago de los recursos p\u00fablicos que se generen por el concepto del Derecho de Saneamiento Ambiental, quienes se encargar\u00e1n de la aplicaci\u00f3n de los mismos, de una forma responsable y eficiente.<\/p>\n<p>En entrevista posterior, la Primera Autoridad Municipal resalt\u00f3 que la transparencia es una prioridad en su gesti\u00f3n y en particular con estos ingresos captados en raz\u00f3n al servicio de hospedaje en hoteles, posadas o casas de hu\u00e9spedes, habitaciones rentadas o compartidas, entre otros, para se destinan a programas y acciones de beneficio de la ciudad y para los cancunenses, como parte del compromiso por la prosperidad compartida, en donde el \u00e9xito tur\u00edstico se refleja en una mejor calidad de vida para las familias.<\/p>\n<p>De igual forma, Ana Paty Peralta confi\u00f3 que los otros cuatro integrantes junto con ella de dicho comit\u00e9 que son el s\u00edndico Miguel \u00c1ngel Zenteno Cort\u00e9s; y los regidores Samuel Mollinedo Portilla, Juan Manuel Torres Paredes y Silvana Guadalupe C\u00f3rdova Uicab, se conducir\u00e1n con responsabilidad como lo han hecho en los \u00faltimos dos a\u00f1os para revisar y en su caso, aprobar los proyectos para la comunidad.<\/p>\n<p>En otro sentido, por la importancia de su trabajo en materia de seguridad en la ciudad, el cuerpo cabildar ratific\u00f3 por unanimidad y tom\u00f3 la protesta de ley a David Flores Cervantes, como director de Seguridad Ciudadana; a Adela Jim\u00e9nez Izquierdo, al frente del Grupo Especializado en la Atenci\u00f3n a la Violencia Familiar y de G\u00e9nero (GEAVIG); a Ricardo Morales Santo, en la Polic\u00eda Tur\u00edstica; a Maximiliano P\u00e9rez Rivadeneyra, en Inteligencia y Comando; y a Ezequiel Segovia G\u00f3ngora, en la direcci\u00f3n de Tr\u00e1nsito.<\/p>\n<p>\u201cEstamos dando y depositando un voto de confianza pero sobre todo por los resultados que hemos obtenido. Hoy renuevan su compromiso con la Secretar\u00eda de Seguridad Ciudadana y Tr\u00e1nsito de nuestro municipio, que su labor es crucial en la construcci\u00f3n de la paz y tener un Canc\u00fan seguro. Les pido que redoblen los esfuerzos, que den el mil por ciento de sus capacidades porque las y los cancunenses lo exigen y lo merecen m\u00e1s, y debemos responder a la confianza depositada en ustedes y tambi\u00e9n en nosotros\u201d, dijo Ana Paty Peralta.<\/p>\n<p>Asimismo, agreg\u00f3 que en este gobierno no se tolerar\u00e1 el mal actuar de ning\u00fan servidor p\u00fablico y mucho menos de los responsables de la seguridad y tranquilidad de habitantes, por ello los exhort\u00f3 a ser impecables en su labor, ejemplo de orgullo y ser buenos l\u00edderes dentro de sus direcciones, para atender a los ciudadanos y turistas.<\/p>\n<p>Tambi\u00e9n se autorizaron por unanimidad los nombramientos de los representantes de los sectores agrario, obrero y popular y de las asociaciones civiles, como vocales en la Junta Directiva del Sistema para el Desarrollo Integral de la Familia (DIF Municipal), cuya labor estar\u00e1 enfocada en atender a ese n\u00facleo de la sociedad y los grupos vulnerables de la poblaci\u00f3n.<\/p>\n<p>A efecto de realizar actividades para promover y proteger los derechos de los habitantes, en presencia del director de la Oficina de Defensa del Consumidor (ODECO) Zona Caribe, Israel Malac\u00f3n Osuna, se vot\u00f3 por unanimidad realizar un convenio de colaboraci\u00f3n con la Procuradur\u00eda Federal del Consumidor (PROFECO), para que la administraci\u00f3n actual comisione a dos abogados que ser\u00e1n capacitados por dicha instancia para brindar asesor\u00edas gratuitas y atenci\u00f3n de consultas.<\/p>\n<p>Para finalizar, se aval\u00f3 por unanimidad la integraci\u00f3n del Comit\u00e9 para la elecci\u00f3n del Delegado de Alfredo V. Bonfil, en el que estar\u00e1n: Miguel \u00c1ngel Zenteno Cort\u00e9s (presidente); Juan Manuel Torres Paredes (secretario); y como vocales: Silvana Guadalupe C\u00f3rdova Uicab (Log\u00edstica); Marcos Basilio Sald\u00edvar (Registro de Candidatos); Carlos Enrique \u00c1vila Liz\u00e1rraga (Padr\u00f3n de Ciudadanos); Landy Canch\u00e9 Pantoja (Capacitaci\u00f3n); Olga Esther Moo Tuz (Impugnaciones y Resoluciones).<\/p>\n<p>Ahora, d\u00e9jeme comentarle que Jaime Salazar Figueroa, director de Expo El\u00e9ctrica Internacional, se sum\u00f3 al llamado urgente para que las industrias, hogares y ciudades de M\u00e9xico aceleren la transici\u00f3n hacia la iluminaci\u00f3n LED como una medida clave para reducir las emisiones de gases de efecto invernadero (GEI) y mitigar los efectos del cambio clim\u00e1tico.<\/p>\n<p>En el documento \u201cDescarbonizaci\u00f3n a trav\u00e9s de la Iluminaci\u00f3n: Retos y Oportunidades en M\u00e9xico y Centroam\u00e9rica\u201d, se present\u00f3 un plan de sostenibilidad para reducir las emisiones de GEI en un 90% en toda su cadena de valor para el a\u00f1o 2040, tomando como referencia el a\u00f1o 2019.<\/p>\n<p>Las acciones clave para reducir el impacto ambiental incluyen diversas acciones para alcanzar una operaci\u00f3n sostenible. Entre ellas se encuentran la compra de energ\u00eda renovable, la eliminaci\u00f3n de pl\u00e1sticos de un solo uso en los empaques, el impulso de un portafolio de Iluminaci\u00f3n circular, la implementaci\u00f3n de un plan de continuidad para mitigar riesgos clim\u00e1ticos, una pol\u00edtica de viajes sostenibles y la adopci\u00f3n de una flotilla de veh\u00edculos el\u00e9ctricos o h\u00edbridos, lo que se analizar\u00e1 durante las mesas de trabajo, conferencias magistrales y mesas redondas en la 11\u00aa Expo El\u00e9ctrica y Solar Norte 2024 en CINTERMEX Monterrey que se desarrollar\u00e1 del 5 al 7 de noviembre pr\u00f3ximo, por si usted, amable lector, se encuentra en esas fechas por el norte del pa\u00eds.<\/p>\n<p>Jaime Salazar Figueroa dijo que de acuerdo con datos de Signify, en M\u00e9xico existen aproximadamente 254 millones de puntos de luz, de los cuales casi el 77% corresponden a iluminaci\u00f3n convencional, que es menos eficiente y tiene una vida \u00fatil menor en comparaci\u00f3n con la iluminaci\u00f3n LED.<\/p>\n<p>La sustituci\u00f3n de esta tecnolog\u00eda por iluminaci\u00f3n LED en hogares, industrias y el alumbrado p\u00fablico podr\u00eda reducir anualmente 3.2 millones de toneladas de CO y generar un ahorro de hasta 28 mil millones de pesos en costos energ\u00e9ticos.<\/p>\n<p>Esta transici\u00f3n, expuso el empresario, tambi\u00e9n impactar\u00eda de manera positiva en la disponibilidad energ\u00e9tica del pa\u00eds, permitiendo alimentar 8.1 millones de aires acondicionados, 3.9 millones de calentadores de agua y 2.6 millones de veh\u00edculos el\u00e9ctricos, una cifra que excede el n\u00famero actual de veh\u00edculos en circulaci\u00f3n en M\u00e9xico.<\/p>\n<p>El presidente de Expo El\u00e9ctrica Internacional explic\u00f3 que para lograr estos objetivos a nivel nacional, coincidi\u00f3 con Signify en la necesidad de fomentar pol\u00edticas p\u00fablicas que impulsen la transici\u00f3n a iluminaci\u00f3n LED y otras energ\u00edas limpias. En este sentido es necesario acelerar la adopci\u00f3n de soluciones de iluminaci\u00f3n eficientes y de bajo impacto ambiental.<\/p>\n<p>Todos debemos asumir un papel activo en la reducci\u00f3n de la dependencia de combustibles f\u00f3siles y en la reducci\u00f3n de los gases de efecto invernadero, en l\u00ednea con los objetivos del Acuerdo de Par\u00eds para limitar el aumento de la temperatura global en este siglo a 2\u00b0C, indic\u00f3.<\/p>\n<p>Ahora, con la llegada del Buen Fin, una de las temporadas comerciales m\u00e1s importantes en M\u00e9xico, las empresas se preparan para optimizar sus estrategias de comunicaci\u00f3n y fidelizaci\u00f3n. En este contexto, WhatsApp ha surgido como una herramienta fundamental para conectar a las marcas con sus clientes de manera m\u00e1s directa y personalizada.<\/p>\n<p>En este panorama, el comercio electr\u00f3nico ha revolucionado la forma en que Durante este periodo, donde las expectativas de los consumidores son altas, la comunicaci\u00f3n r\u00e1pida y eficiente es protag\u00f3nica para asegurar una experiencia positiva. La mensajer\u00eda instant\u00e1nea, y en particular WhatsApp, se ha convertido en un canal preferido tanto por los consumidores como por las empresas. Un estudio denominado \u201cDatos del consumidor de WhatsApp\u201d, se\u00f1alan que el 70% de los mexicanos ha utilizado WhatsApp para comunicarse con comercios o tiendas de servicios, mientras que el 67% afirma que la mensajer\u00eda es su forma favorita de interactuar con las empresas.<\/p>\n<p>Consumimos, sin duda. Sin embargo, en un mundo cada vez m\u00e1s digital y conectado, los consumidores buscan experiencias m\u00e1s personalizadas y directas. Aqu\u00ed es donde entra en juego el comercio conversacional, que transforma la manera de interactuar entre las marcas y sus clientes. Este enfoque permite que los consumidores puedan hacer preguntas, resolver dudas y realizar compras directamente a trav\u00e9s de conversaciones con chatbots o asistentes virtuales, en lugar de navegar por sitios web complejos o rellenar largos formularios.<\/p>\n<p>\u201cEl comercio conversacional permite a las empresas hacer m\u00e1s con menos, facilitando la interacci\u00f3n en tiempo real y brindando una experiencia de compra personalizada. Esto es especialmente en temporadas importantes como el Buen Fin, donde la rapidez y la simplicidad pueden marcar la diferencia entre cerrar una venta o perder un cliente\u201d, se\u00f1al\u00f3 Daniel Bilbao, Co fundador de Truora.<\/p>\n<p>En un ecosistema donde la rapidez y personalizaci\u00f3n son factores clave, la capacidad de las empresas para gestionar eficientemente las interacciones con sus clientes es un diferenciador importante. WhatsApp, al ser una plataforma accesible y familiar para los consumidores, facilita este tipo de comunicaci\u00f3n, permitiendo a las marcas interactuar de manera m\u00e1s cercana, incluso automatizando sus procesos sin perder el toque humano.<\/p>\n<p>\u201cLas empresas est\u00e1n construyendo relaciones significativas con sus clientes a trav\u00e9s de la mensajer\u00eda instant\u00e1nea. WhatsApp no solo permite una comunicaci\u00f3n m\u00e1s eficiente, tambi\u00e9n crea un canal de confianza que es crucial. Este tipo de interacciones personalizadas ayudan a las marcas a conectar de una forma m\u00e1s aut\u00e9ntica y cercana con sus consumidores, lo que incrementa la lealtad y la satisfacci\u00f3n tan necesarias hoy en d\u00eda\u201d; puntualiz\u00f3 Bilbao.<\/p>\n<p>Al facilitar interacciones m\u00e1s cercanas y eficientes, herramientas como WhatsApp ayudan a las marcas a destacar en el competitivo entorno del comercio digital; empero, lo anterior ser\u00e1 motivo de otro an\u00e1lisis en posterior entrega de <strong><em>HORA 14<\/em><\/strong>.<\/p>\n<p><em><a href=\"mailto:%20mauricio_conde@msn.com\" target=\"_blank\" rel=\"noopener noreferrer\">mauricioconde59@outlook.com<\/a><\/em><br \/>\nX<em>: <a href=\"https:\/\/twitter.com\/mauconde?lang=es\" target=\"_blank\" rel=\"noopener\">@mauconde<\/a><\/em><\/p>\n","protected":false},"excerpt":{"rendered":"<p><span style=\"color: #005497;\"><strong>Mauricio Conde Olivares<\/strong><\/span><\/p>\n","protected":false},"author":3,"featured_media":0,"comment_status":"open","ping_status":"open","sticky":false,"template":"","format":"standard","meta":{"_monsterinsights_skip_tracking":false,"_monsterinsights_sitenote_active":false,"_monsterinsights_sitenote_note":"","_monsterinsights_sitenote_category":0,"footnotes":""},"categories":[35889],"tags":[43712,43674,44860],"class_list":["post-638987","post","type-post","status-publish","format-standard","hentry","category-mauricio-conde-olivares","tag-mauricio-conde-olivares","tag-opinion","tag-hora-14"],"_links":{"self":[{"href":"https:\/\/www.diarioimagen.net\/index.php?rest_route=\/wp\/v2\/posts\/638987","targetHints":{"allow":["GET"]}}],"collection":[{"href":"https:\/\/www.diarioimagen.net\/index.php?rest_route=\/wp\/v2\/posts"}],"about":[{"href":"https:\/\/www.diarioimagen.net\/index.php?rest_route=\/wp\/v2\/types\/post"}],"author":[{"embeddable":true,"href":"https:\/\/www.diarioimagen.net\/index.php?rest_route=\/wp\/v2\/users\/3"}],"replies":[{"embeddable":true,"href":"https:\/\/www.diarioimagen.net\/index.php?rest_route=%2Fwp%2Fv2%2Fcomments&post=638987"}],"version-history":[{"count":0,"href":"https:\/\/www.diarioimagen.net\/index.php?rest_route=\/wp\/v2\/posts\/638987\/revisions"}],"wp:attachment":[{"href":"https:\/\/www.diarioimagen.net\/index.php?rest_route=%2Fwp%2Fv2%2Fmedia&parent=638987"}],"wp:term":[{"taxonomy":"category","embeddable":true,"href":"https:\/\/www.diarioimagen.net\/index.php?rest_route=%2Fwp%2Fv2%2Fcategories&post=638987"},{"taxonomy":"post_tag","embeddable":true,"href":"https:\/\/www.diarioimagen.net\/index.php?rest_route=%2Fwp%2Fv2%2Ftags&post=638987"}],"curies":[{"name":"wp","href":"https:\/\/api.w.org\/{rel}","templated":true}]}}