{"id":638989,"date":"2024-10-30T00:04:54","date_gmt":"2024-10-30T06:04:54","guid":{"rendered":"https:\/\/www.diarioimagen.net\/?p=638989"},"modified":"2024-10-31T00:52:36","modified_gmt":"2024-10-31T06:52:36","slug":"la-corte-no-estaba-muerta","status":"publish","type":"post","link":"https:\/\/www.diarioimagen.net\/?p=638989","title":{"rendered":"La\u00a0Corte\u00a0no\u00a0estaba\u00a0muerta&#8230;"},"content":{"rendered":"<h2>De pe a pa<\/h2>\n<h5>Alberto Vieyra G.<\/h5>\n<p>&nbsp;<\/p>\n<p>La Corte no estaba muerta, andaba de parranda. Pero calladita se ve\u00eda m\u00e1s bonita. Ayer la agonizante Corte dio se\u00f1ales de vida cuando el ministro Juan Luis Gonz\u00e1lez Alc\u00e1ntara Carranc\u00e1 present\u00f3 un proyecto para declarar inconstitucional la reforma al Poder Judicial para elegir exclusivamente a magistrados, pero no a jueces ni ministros de la Corte.<\/p>\n<p>El proyecto busca declarar inconstitucional las disposiciones de la reforma judicial y el palo dado por el ministro Juan Luis Gonz\u00e1lez Alc\u00e1ntara cay\u00f3 como un balde de agua helada para la mal llamada supremac\u00eda legislativa morenista, incluyendo a su presidenta Claudia Sheinbaum para que se asilencien.<\/p>\n<p>En la exposici\u00f3n de motivos, el se\u00f1or ministro sustenta que la diab\u00f3lica reforma lopezobradorista se hizo con los pies violando derechos humanos y atropellando la Carta Magna. A\u00f1ade:<\/p>\n<p>\u201cDe lo hasta aqu\u00ed expuesto, es posible concluir que el sistema analizado no genera las condiciones m\u00ednimas de seguridad jur\u00eddica requeridas en cualquier sistema democr\u00e1tico. No existe certeza para los aspirantes al cargo de las cualidades que resultar\u00e1n, en \u00faltima instancia, definitorias para alcanzar a ser incluido en las listas\u201d.<\/p>\n<p>\u201cNo existe certeza para los candidatos sobre las maneras en que ser\u00e1 equitativo hacer uso de los espacios p\u00fablicos ni el tipo de contenido que podr\u00eda ser objeto de promesa de campa\u00f1a. No existe certeza para la ciudadan\u00eda sobre los perfiles que se le presentar\u00e1n en una lista masiva y bajo un sistema que no ofrece, tampoco, garant\u00edas para que se emita un voto informado\u201d.<\/p>\n<p>\u201cEn \u00faltima instancia, no existe certeza para las personas sobre los perfiles de las personas juzgadoras que, el d\u00eda de ma\u00f1ana, impartir\u00e1n justicia y dirimir\u00e1n conflictos sobre sus derechos, sus obligaciones y sus libertades\u201d, detalla el proyecto de sentencia.<\/p>\n<p>La inconstitucionalidad de la demencial reforma al Poder Judicial se discutir\u00e1 sin duda esta semana y su veredicto ser\u00e1 inatacable y en caso de que persista el hipo de los morenistas, el supremo tribunal de justicia azteca tendr\u00e1 el derecho de acudir a la Corte Interamericana de los Derechos Humanos, toda vez que el tema viola derechos humanos consagrados en las leyes de ese tribunal que fueron suscritas por el gobierno mexicano.<\/p>\n<p>Ya lo hab\u00eda dicho el propio ministro Juan Luis Gonz\u00e1lez Alc\u00e1ntara que el asunto de la inconstitucionalidad llevar\u00eda tiempo para fundamentar esa exigencia y derecho de partidos pol\u00edticos e incluso de Estados libres y soberanos como Guanajuato, adem\u00e1s de partidos pol\u00edticos como el PRI, PAN y Movimiento Ciudadano. Para muchos, la Corte se tard\u00f3 una eternidad eterna sobre todo despu\u00e9s de que la arrogante mayor\u00eda espuria de Morena que ahora se conduce de manera arrogante como la s\u00faper mayor\u00eda legislativa recurri\u00f3 al blindaje de su reformita con otra reforma demencial que es todav\u00eda m\u00e1s violadora de los derechos humanos y que en su borrachera de poder, los morenistas llegaron a advertir que est\u00e1bamos ante \u201cuna bomba nuclear que ni Dios padre podr\u00eda detener\u201d.<\/p>\n<p>Pues ya ve que s\u00ed. Y aqu\u00ed lo hemos dicho en un par de ocasiones que poder que no puede, no es poder. Ya veremos c\u00f3mo van a chillar esos del supremo Poder Legislativo.<\/p>\n<p><em><a href=\"mailto:info@agenciamn.com\" target=\"_blank\" rel=\"noopener noreferrer\">info@agenciamn.com<\/a><\/em><\/p>\n","protected":false},"excerpt":{"rendered":"<p><span style=\"color: #005497;\"><strong>Alberto Vieyra G.<\/strong><\/span><\/p>\n","protected":false},"author":3,"featured_media":0,"comment_status":"open","ping_status":"open","sticky":false,"template":"","format":"standard","meta":{"_monsterinsights_skip_tracking":false,"_monsterinsights_sitenote_active":false,"_monsterinsights_sitenote_note":"","_monsterinsights_sitenote_category":0,"footnotes":""},"categories":[4596],"tags":[43697,4597,43674],"class_list":["post-638989","post","type-post","status-publish","format-standard","hentry","category-alberto-vieyra-g","tag-alberto-vieyra-g","tag-de-pe-a-pa","tag-opinion"],"_links":{"self":[{"href":"https:\/\/www.diarioimagen.net\/index.php?rest_route=\/wp\/v2\/posts\/638989","targetHints":{"allow":["GET"]}}],"collection":[{"href":"https:\/\/www.diarioimagen.net\/index.php?rest_route=\/wp\/v2\/posts"}],"about":[{"href":"https:\/\/www.diarioimagen.net\/index.php?rest_route=\/wp\/v2\/types\/post"}],"author":[{"embeddable":true,"href":"https:\/\/www.diarioimagen.net\/index.php?rest_route=\/wp\/v2\/users\/3"}],"replies":[{"embeddable":true,"href":"https:\/\/www.diarioimagen.net\/index.php?rest_route=%2Fwp%2Fv2%2Fcomments&post=638989"}],"version-history":[{"count":0,"href":"https:\/\/www.diarioimagen.net\/index.php?rest_route=\/wp\/v2\/posts\/638989\/revisions"}],"wp:attachment":[{"href":"https:\/\/www.diarioimagen.net\/index.php?rest_route=%2Fwp%2Fv2%2Fmedia&parent=638989"}],"wp:term":[{"taxonomy":"category","embeddable":true,"href":"https:\/\/www.diarioimagen.net\/index.php?rest_route=%2Fwp%2Fv2%2Fcategories&post=638989"},{"taxonomy":"post_tag","embeddable":true,"href":"https:\/\/www.diarioimagen.net\/index.php?rest_route=%2Fwp%2Fv2%2Ftags&post=638989"}],"curies":[{"name":"wp","href":"https:\/\/api.w.org\/{rel}","templated":true}]}}