{"id":638990,"date":"2024-10-30T00:02:47","date_gmt":"2024-10-30T06:02:47","guid":{"rendered":"https:\/\/www.diarioimagen.net\/?p=638990"},"modified":"2024-10-30T00:12:17","modified_gmt":"2024-10-30T06:12:17","slug":"el-ministro-gonzalez-alcantara-quiere-evitar-crisis-constitucional","status":"publish","type":"post","link":"https:\/\/www.diarioimagen.net\/?p=638990","title":{"rendered":"El ministro Gonz\u00e1lez Alc\u00e1ntara quiere evitar crisis constitucional"},"content":{"rendered":"<h2>La Retaguardia<\/h2>\n<h5>Adriana Moreno Cordero<\/h5>\n<p>&nbsp;<\/p>\n<ul>\n<li><strong><em>La senadora priista Cynthia L\u00f3pez Castro y sus coqueteos con el oficialismo<\/em><\/strong><\/li>\n<\/ul>\n<p>&nbsp;<\/p>\n<p>Justo el d\u00eda de las elecciones en Estados Unidos, el pr\u00f3ximo llamado \u201csuper martes\u201d, aqu\u00ed en M\u00e9xico, la Suprema Corte de Justicia de la Naci\u00f3n acord\u00f3 empezar a discutir las acciones de inconstitucionalidad presentadas por distintos\u00a0partidos pol\u00edticos\u00a0contra la\u00a0reforma judicial, as\u00ed como revisar el proyecto de sentencia del\u00a0ministro<strong> Juan Luis Gonz\u00e1lez Alc\u00e1ntara<\/strong>, que, como ya es bien sabido, propuso invalidar la elecci\u00f3n popular por parte del \u201cpueblo bueno y sabio\u201d de<strong>\u00a0<\/strong>jueces\u00a0y magistrados, pero mantener la de\u00a0ministros\u00a0y magistrados de las salas del\u00a0Tribunal Electoral del Poder Judicial de la Federaci\u00f3n, (TEPJF).<\/p>\n<p>Otra de las modificaciones reside en declarar inconstitucional la prohibici\u00f3n que impone la reforma en el sentido de suspender normas generales en amparo y que dejar\u00eda a la poblaci\u00f3n en la total indefensi\u00f3n, con una mano adelante y la otra atr\u00e1s.<\/p>\n<p>Esto, junto con la prohibici\u00f3n de suspender normas generales en acciones de inconstitucionalidad y controversias constitucionales, que tendr\u00edan exactamente el mismo efecto en la sociedad.<\/p>\n<p>Esto lo hizo el ministro Gonz\u00e1lez Alc\u00e1ntara para evitar una crisis constitucional que, por cierto, los de Morena se niegan a ver y eso ha derivado en contradicciones que se empiezan a gestar en el partido guinda y que tendr\u00e1 saldos no muy convenientes que digamos y a la presidenta <strong>Claudia Sheinbaum<\/strong> no le gust\u00f3.<\/p>\n<p>Es claro que, tanto la jefa del Ejecutivo como sus coordinadores en el Congreso de la Uni\u00f3n, <strong>Ad\u00e1n Augusto L\u00f3pez Hern\u00e1ndez<\/strong> y <strong>Ricardo Monreal<\/strong>, est\u00e1n \u201cmontados en su macho\u201d; echan mano de nueva cuenta ni m\u00e1s ni menos que del desacato, que en los \u00faltimos d\u00edas lo han usado como papel sanitario para hacer su santa voluntad, aun cuando la votaci\u00f3n en el m\u00e1ximo Tribunal de la Naci\u00f3n sea de los ocho votos requeridos a favor de la propuesta del ministro Gonz\u00e1lez Alc\u00e1ntara.<\/p>\n<p>Tal situaci\u00f3n ha puesto al descubierto que la jefa del Ejecutivo tiene una faceta que se comenta en los corrillos pol\u00edticos, mucho m\u00e1s radical que la que ten\u00eda su antecesor. \u00bfSer\u00e1?<\/p>\n<p>Ahora bien, lo que empez\u00f3 como un rumor y va tomando forma es la renuncia de los ministros de la SCJN que est\u00e1n en contra de la controvertida reforma al Poder Judicial y la cadena ya empez\u00f3 con la del ministro <strong>Alfredo Guti\u00e9rrez Ortiz Mena<\/strong>, misma que entrar\u00eda en operaci\u00f3n en agosto de 2025.<\/p>\n<p>Envi\u00f3 una carta el ministro al presidente de la Mesa Directiva del Senado de la Rep\u00fablica, Gerardo Fern\u00e1ndez Noro\u00f1a, y, por otro lado, dijo Guti\u00e9rrez Ortiz Mena no tener el perfil para ser candidato a ser electo por el voto popular.<\/p>\n<p>Espec\u00edficamente, el ministro se\u00f1al\u00f3 en su carta: \u201cHoy me enfrento a una reforma constitucional que acorta el mandato para el cual fue investido. Se me presentan dos opciones: someterme a un proceso de elecci\u00f3n popular o presentar mi renuncia\u201d.<\/p>\n<p>Y es que esto puede ser considerado un acto hasta humillante donde la carrera judicial se hace de lado, porque salvo honrosas excepciones como son la pirata <strong>Yasm\u00edn Esquivel, Loretta Ortiz<\/strong> y la autollamada \u201cministra del pueblo\u201d, <strong>Lenia Batres<\/strong>, el resto de los ministros cuentan con todas las aptitudes para ocupar un asiento en la Suprema Corte.<\/p>\n<p>Tambi\u00e9n, bien puede considerarse que tirar por la borda toda una carrera judicial para someterse a una votaci\u00f3n m\u00e1s que ama\u00f1ada y \u201cpalomeada\u201d, suena hasta ofensivo.<\/p>\n<p>Hablando de esto \u00faltimo, Sheinbaum Pardo volvi\u00f3 a la carga se\u00f1alando en su \u201cma\u00f1anera del pueblo\u201d que los ministros presentan su renuncia para poderse ir con todos los haberes \u201cque es un mont\u00f3n de dinero\u201d.<\/p>\n<p>Muy feliz y complacido estar\u00e1 Andr\u00e9s Manuel L\u00f3pez Obrador desde su finca porque su pupila ha terminado con su encomienda: la de desactivar aquellas voces que est\u00e1n en contra de las sandeces de esta errada y llamada Cuarta Transformaci\u00f3n ahora, en su segundo piso.<\/p>\n<p style=\"text-align: center;\"><strong>Municiones<\/strong><\/p>\n<p><strong>***<\/strong> Qui\u00e9n podr\u00eda negar que la senadora, ahora independiente, <strong>Cynthia L\u00f3pez Castro<\/strong>, se esper\u00f3 hasta amarrar una posici\u00f3n en el Congreso de la Uni\u00f3n para renunciar del PRI; que en realidad no renunci\u00f3 porque ya sab\u00eda que la iban a expulsar. A lo mejor en Morena no le prometieron que tendr\u00eda un cargo mejor al que consigui\u00f3 en lo que se puede considerar un doble discurso. Ya se hab\u00eda venido comentando que L\u00f3pez Castro ten\u00eda \u201cpor debajo de la mesa\u201d, acercamientos con el oficialismo. Dir\u00edase entonces que estaba \u201cmidi\u00e9ndole el agua a los tamales\u201d para ver de d\u00f3nde sacaba m\u00e1s provecho. Y para justificar su salida del tricolor argument\u00f3 que el PRI de las instituciones, donde cab\u00edan las diferencias ya no existe. \u201cYa no soy parte del PRI despu\u00e9s de 21 a\u00f1os de militancia. Lo que si veo es que el PRI de las causas sociales ya no existe. Sin duda, no es un d\u00eda f\u00e1cil, pero aqu\u00ed estamos\u201d. Despu\u00e9s ech\u00f3 mano hasta de la misoginia acusando que el fin de semana despu\u00e9s de la discusi\u00f3n de la supremac\u00eda constitucional, fue v\u00edctima de \u201clinchamiento pol\u00edtico del que\u2026. Cuando ven a una mujer pol\u00edtica hablar con otra, entonces se est\u00e1 vendiendo y si son hombres, entonces est\u00e1n acordando.\u201d Luego, a la pregunta de si iba a emigrar a Morena, la ex priista respondi\u00f3 que no ha platicado con ninguno de los otros partidos, \u201cs\u00f3lo renunci\u00e9 al PRI y quiero darle vuelta a la p\u00e1gina\u201d. Bueno, no podr\u00eda negar que ha estado talachando duro para que la cachen. Por su parte, el l\u00edder nacional del Revolucionario Institucional, <strong><em>Alito<\/em>, Moreno<\/strong> opin\u00f3: \u201cnosotros platicamos se agotaron los puntos y de manera un\u00e1nime todos los senadores aprobaron expulsar a L\u00f3pez Castro\u201d y luego lanz\u00f3 la pregunta el dirigente tricolor: \u00bfquien juzga los hechos?, los ciudadanos, el juicio est\u00e1 en los medios de comunicaci\u00f3n<\/p>\n<p><strong>***<\/strong> <strong>Marko Cort\u00e9s Mendoza<\/strong> pide licencia en el Senado y lo hace a larga distancia, desde Espa\u00f1a y \u00bfa lo mejor no regresa? Una versi\u00f3n radica en que ya tiene un pie fuera del liderazgo de Acci\u00f3n Nacional y quiere una salida decorosa; supuestamente por eso se hace a un lado de la competencia por qui\u00e9n ser\u00e1 su sucesor o sucesora, que est\u00e1 entre <strong>Jorge Herrera<\/strong> y <strong>Adriana D\u00e1vila<\/strong>.<\/p>\n<p><strong>***<\/strong> En el Senado de la Rep\u00fablica apuran el paso en cuanto a la elecci\u00f3n de jueces y magistrados y por 75 votos a favor y 40 votos en contra design\u00f3 como integrantes del Comit\u00e9 de Evaluaci\u00f3n del Poder Legislativo Federal a <strong>Maday Merino Dami\u00e1n, Andr\u00e9s Norberto Garc\u00eda Reper Favila, Mar\u00eda Gabriela S\u00e1nchez Garc\u00eda, Maribel Concepci\u00f3n M\u00e9ndez de Lara<\/strong> y <strong>Ana Patricia Brise\u00f1o Torres<\/strong>. Para variar, son gente cercana al oficialismo y por eso, r\u00e1pidamente, los integrantes de dicho Comit\u00e9 rendir\u00e1n protesta hoy. El acuerdo fue remitido a la C\u00e1mara de Diputados para que contin\u00fae su tr\u00e1mite legislativo y de esta forma, a m\u00e1s tardar el 31 de octubre\u00a0 de 2024, pueda quedar instalado el Comit\u00e9 de Evaluaci\u00f3n.<\/p>\n<p><u><a href=\"mailto:morcora@gmail.com\" target=\"_blank\" rel=\"noopener noreferrer\"><em>morcora@gmail.com<\/em><\/a><\/u><\/p>\n","protected":false},"excerpt":{"rendered":"<p><span style=\"color: #005497;\"><strong>Adriana Moreno Cordero<\/strong><\/span><\/p>\n","protected":false},"author":3,"featured_media":0,"comment_status":"open","ping_status":"open","sticky":false,"template":"","format":"standard","meta":{"_monsterinsights_skip_tracking":false,"_monsterinsights_sitenote_active":false,"_monsterinsights_sitenote_note":"","_monsterinsights_sitenote_category":0,"footnotes":""},"categories":[69370],"tags":[69369,69368,43674],"class_list":["post-638990","post","type-post","status-publish","format-standard","hentry","category-adriana-moreno-cordero","tag-adriana-moreno-cordero","tag-la-retaguardia","tag-opinion"],"_links":{"self":[{"href":"https:\/\/www.diarioimagen.net\/index.php?rest_route=\/wp\/v2\/posts\/638990","targetHints":{"allow":["GET"]}}],"collection":[{"href":"https:\/\/www.diarioimagen.net\/index.php?rest_route=\/wp\/v2\/posts"}],"about":[{"href":"https:\/\/www.diarioimagen.net\/index.php?rest_route=\/wp\/v2\/types\/post"}],"author":[{"embeddable":true,"href":"https:\/\/www.diarioimagen.net\/index.php?rest_route=\/wp\/v2\/users\/3"}],"replies":[{"embeddable":true,"href":"https:\/\/www.diarioimagen.net\/index.php?rest_route=%2Fwp%2Fv2%2Fcomments&post=638990"}],"version-history":[{"count":0,"href":"https:\/\/www.diarioimagen.net\/index.php?rest_route=\/wp\/v2\/posts\/638990\/revisions"}],"wp:attachment":[{"href":"https:\/\/www.diarioimagen.net\/index.php?rest_route=%2Fwp%2Fv2%2Fmedia&parent=638990"}],"wp:term":[{"taxonomy":"category","embeddable":true,"href":"https:\/\/www.diarioimagen.net\/index.php?rest_route=%2Fwp%2Fv2%2Fcategories&post=638990"},{"taxonomy":"post_tag","embeddable":true,"href":"https:\/\/www.diarioimagen.net\/index.php?rest_route=%2Fwp%2Fv2%2Ftags&post=638990"}],"curies":[{"name":"wp","href":"https:\/\/api.w.org\/{rel}","templated":true}]}}