{"id":638992,"date":"2024-10-30T00:01:20","date_gmt":"2024-10-30T06:01:20","guid":{"rendered":"https:\/\/www.diarioimagen.net\/?p=638992"},"modified":"2024-10-30T00:15:29","modified_gmt":"2024-10-30T06:15:29","slug":"se-retiran-ministros-de-la-contienda","status":"publish","type":"post","link":"https:\/\/www.diarioimagen.net\/?p=638992","title":{"rendered":"Se retiran ministros de la contienda"},"content":{"rendered":"<h2>Desde el portal<\/h2>\n<h5>\u00c1ngel Soriano<\/h5>\n<p>&nbsp;<\/p>\n<p>A efecto de cumplir con la convocatoria correspondiente -y estar en condiciones de recibir colosales indemnizaciones-, ministros de la SCJN iniciaron el proceso de renuncias o declinaci\u00f3n a participar en la contienda de junio de 2025 para permanecer en el cargo, y dar paso a una nueva generaci\u00f3n de funcionarios judiciales con m\u00e1s vocaci\u00f3n de servicio.<\/p>\n<p>Porque es indudable que los renunciantes, o bien est\u00e1n satisfechos de las ganancias obtenidas o no est\u00e1n en condiciones de participar en una justa popular, han decidido retirarse argumentando inconformidad con el proceso o desacuerdo con el mismo, pero es parte del mecanismo instrumento para sanear el Poder Judicial.<\/p>\n<p>El primero de los renunciantes, Alfredo Guti\u00e9rrez Ortiz Mena, indic\u00f3 que declina, pero no justifica la reforma, sino que est\u00e1 dentro de los m\u00e1rgenes se\u00f1alados y se va satisfecho de cumplir con su encargo, a la vez que la presidenta Claudia Sheinbaum dijo que los renunciantes \u201cse llevan un mont\u00f3n de dinero\u201d por esa acci\u00f3n, propia de los mercaderes.<\/p>\n<p>Hasta ahora, han declinado participar en el proceso electoral 51 juezas y jueces, inform\u00f3 el senador Gerardo Fern\u00e1ndez Noro\u00f1a, y falta todav\u00eda que el Congreso de la Uni\u00f3n y el Ejecutivo Federal se pongan de acuerdo en los perfiles de los candidatos a ocupar los cargos vacantes, pero se entiende que estos ser\u00e1n acad\u00e9micos y con plena identidad de los votantes.<\/p>\n<p style=\"text-align: center;\"><strong>TURBULENCIAS<br \/>\nGenera inconformidad la violencia<\/strong><\/p>\n<p>Mientras en Mazatl\u00e1n la autoridad municipal recomend\u00f3 a la poblaci\u00f3n y a los visitantes a resguardarse ante la creciente violencia en el puerto, el gobernador de Sinaloa, Rub\u00e9n Rocha Moya ofrece a sus adversarios a colaborar en la recolecci\u00f3n de firmas para la revocaci\u00f3n de su mandato, pues es de sobra conocida su indisposici\u00f3n por rescatar la tranquilidad en el estado y la presidenta Claudia Sheinbaum reitera que no negociar\u00e1 con la delincuencia organizada ni declarar\u00e1 la guerra a los c\u00e1rteles de la droga y menos acepta la existencia de narcoterrorismo en el pa\u00eds para justificar la injerencia extranjero, y record\u00f3 que la violencia fue generada por la intromisi\u00f3n de Estados Unidos en M\u00e9xico en la entrega y captura de \u201cEl Mayo\u201d Zambada. Y \u201chaiga sido como haiga sido\u201d, la realidad es contundente: trailers y veh\u00edculos incendiados, secuestros, ejecuciones, tiroteos y persecuciones laceran a la sociedad que exigen resultados ya, no atacar las causas que es una soluci\u00f3n a largo plazo. Lo urgente ahora es detener el ba\u00f1o de sangre\u2026 Indudable, que el pa\u00eds se encuentra polarizado, pues mientras en algunas entidades y comunidades se prepara el festejo del D\u00eda de Muertos, miles de deudos claman por justicia o la presentaci\u00f3n de sus parientes desaparecidos; las comparsas en las calles con derroche de alegr\u00eda no es compartido en todo el pa\u00eds\u2026 La soberan\u00eda del pueblo radica en los tres Poderes de la Uni\u00f3n que es la que debe decidir sobre las reformas constitucionales a la carga magna, no dos poderes contra uno, al que pretenden someter. La supremac\u00eda constitucional para atajar controversias constitucionales deja a la sociedad y a los ciudadanos sin instrumentos de defensa y a merced de lo que decida un solo poder, en este caso ser\u00eda el Ejecutivo, advierte el ex Procurador General de la Rep\u00fablica y embajador de M\u00e9xico en Francia, Ignacio Morales Lechuga, al definir la reforma judicial -no para mejorar la justicia-, sino para implementar una dictadura. Se asoma ya el rostro de la dictadura, se\u00f1ala en un an\u00e1lisis de lo que est\u00e1 ya previsto ocurrir\u00e1 en la C\u00e1mara de Diputados al aprobarse la inimpugnabilidad de las reforma constitucionales o la supresi\u00f3n del amparo al respecto.<\/p>\n<p><u><a href=\"mailto:asorianocarrasco@yahoo.com\" target=\"_blank\" rel=\"noopener noreferrer\"><em>asorianocarrasco@yahoo.com<\/em><\/a><br \/>\n<em><a href=\"https:\/\/revistabrecha.com\" target=\"_blank\" rel=\"noopener noreferrer\">www.revistabrecha.com<\/a><br \/>\n<\/em><\/u><em>facebook oficial <a href=\"https:\/\/es-la.facebook.com\/RevistaBrecha.Oficial\" target=\"_blank\" rel=\"noopener\">@BrechaRevista<\/a><\/em><\/p>\n","protected":false},"excerpt":{"rendered":"<p><span style=\"color: #005497;\"><strong>\u00c1ngel Soriano<\/strong><\/span><\/p>\n","protected":false},"author":3,"featured_media":0,"comment_status":"open","ping_status":"open","sticky":false,"template":"","format":"standard","meta":{"_monsterinsights_skip_tracking":false,"_monsterinsights_sitenote_active":false,"_monsterinsights_sitenote_note":"","_monsterinsights_sitenote_category":0,"footnotes":""},"categories":[135],"tags":[85,86,43674],"class_list":["post-638992","post","type-post","status-publish","format-standard","hentry","category-angel-soriano-opinion","tag-angel-soriano","tag-desde-el-portal","tag-opinion"],"_links":{"self":[{"href":"https:\/\/www.diarioimagen.net\/index.php?rest_route=\/wp\/v2\/posts\/638992","targetHints":{"allow":["GET"]}}],"collection":[{"href":"https:\/\/www.diarioimagen.net\/index.php?rest_route=\/wp\/v2\/posts"}],"about":[{"href":"https:\/\/www.diarioimagen.net\/index.php?rest_route=\/wp\/v2\/types\/post"}],"author":[{"embeddable":true,"href":"https:\/\/www.diarioimagen.net\/index.php?rest_route=\/wp\/v2\/users\/3"}],"replies":[{"embeddable":true,"href":"https:\/\/www.diarioimagen.net\/index.php?rest_route=%2Fwp%2Fv2%2Fcomments&post=638992"}],"version-history":[{"count":0,"href":"https:\/\/www.diarioimagen.net\/index.php?rest_route=\/wp\/v2\/posts\/638992\/revisions"}],"wp:attachment":[{"href":"https:\/\/www.diarioimagen.net\/index.php?rest_route=%2Fwp%2Fv2%2Fmedia&parent=638992"}],"wp:term":[{"taxonomy":"category","embeddable":true,"href":"https:\/\/www.diarioimagen.net\/index.php?rest_route=%2Fwp%2Fv2%2Fcategories&post=638992"},{"taxonomy":"post_tag","embeddable":true,"href":"https:\/\/www.diarioimagen.net\/index.php?rest_route=%2Fwp%2Fv2%2Ftags&post=638992"}],"curies":[{"name":"wp","href":"https:\/\/api.w.org\/{rel}","templated":true}]}}