{"id":638997,"date":"2024-10-30T00:11:32","date_gmt":"2024-10-30T06:11:32","guid":{"rendered":"https:\/\/www.diarioimagen.net\/?p=638997"},"modified":"2024-10-31T23:53:27","modified_gmt":"2024-11-01T05:53:27","slug":"las-mananeras-del-lugar-comun","status":"publish","type":"post","link":"https:\/\/www.diarioimagen.net\/?p=638997","title":{"rendered":"Las \u201cma\u00f1aneras\u201d del lugar com\u00fan"},"content":{"rendered":"<h2>\u00cdndice pol\u00edtico<\/h2>\n<h5>Francisco Rodr\u00edguez<\/h5>\n<p>&nbsp;<\/p>\n<p>A diferencia de las matin\u00e9s pol\u00edtico-vengativas-electoreras-musicales de su antecesor, \u201clas ma\u00f1aneras del pueblo\u201d se han convertido en el espacio en el que reinan la desinformaci\u00f3n y el lugar com\u00fan.<\/p>\n<p>Y esos infinitos lugares comunes provocan que la pol\u00edtica se vac\u00ede de pol\u00edtica.<\/p>\n<p>\u201cIniciamos nuestra primera conferencia ma\u00f1anera, este di\u00e1logo circular es del pueblo y para el pueblo\u201d, abri\u00f3 este ejercicio la Presidente <strong>Claudia Sheinbaum<\/strong> el 2 de octubre, hace ya casi un mes.<\/p>\n<p>\u00bfPara qui\u00e9n si no? \u00bfPara los habitantes de Senegal? \u00bfDe Groenlandia?<\/p>\n<p>\u00a1Claro que las armas que emplea la delincuencia organizada provienen de Estados Unidos! Las f\u00e1bricas de la Sedena apenas si producen balines para resortera.<\/p>\n<p>\u00a1Por supuesto que el terrorismo s\u00ed es terrorismo! Lo niega, pero los hechos la desmienten.<\/p>\n<p>Se termin\u00f3 la emergencia en Acapulco\u2026 aunque los habitantes del que fuera paradisiaco puerto tur\u00edstico, sin hogar, sin agua, sin empleo no opinen lo mismo.<\/p>\n<p>Ah\u00ed en el tapanco palaciego se oy\u00f3 apenas que el encapsulamiento de los trabajadores del Poder Judicial que se manifestaron afuera del Aut\u00f3dromo Hermanos Rodr\u00edguez fue para permitir el libre tr\u00e1nsito de los pilotos de la F\u00f3rmula 1, adem\u00e1s de proteger a los asistentes. \u00bfEstaban en la pista los juzgadores?<\/p>\n<p>Otra: No se debe criminalizar a una ni\u00f1a de 14 a\u00f1os. Lugar com\u00fan.<\/p>\n<p>Y ante cada hecho de violencia, ante cada asesinato, tras cualquiera de las varias masacres registradas en este su primer mes de mandato, la se\u00f1ora se zafa con el cl\u00e1sico \u201cvamos a investigar\u201d.<\/p>\n<p>A Sheinbaum le hace falta mucho para llenar los zapatos de AMLO en el tablado del Sal\u00f3n Tesorer\u00eda de Palacio Nacional o en cualquier templete.<\/p>\n<p>Cae en excesos al fijar a sus contendientes. Llama \u201ct\u00f3xico\u201d a quien identifica como el principal de quienes se le oponen. Usa un t\u00e9rmino que se populariz\u00f3 en los narcocorridos. Ni siquiera se da cuenta.<\/p>\n<p>Un mes de \u201cma\u00f1aneras del pueblo\u201d y \u00e9stas a\u00fan no prenden.<\/p>\n<p>Y como van las cosas, no prender\u00e1n.<\/p>\n<p style=\"text-align: center;\"><strong>Para dejar la intrascendencia\u2026<\/strong><\/p>\n<p>Claudia Sheinbaum debe transformarse ella misma para poder transformar.<\/p>\n<p>Debe enfatizar sus convicciones y no dejarlas en el aire, donde todos dudamos de su verdadera pasi\u00f3n por liderar la 4T.<\/p>\n<p>Sin convicciones no se puede hacer pol\u00edtica. Esto no significa que sea dogm\u00e1tica, pero tampoco moderada ni fan\u00e1tica de la izquierda o de lo que hoy est\u00e1 de moda: del narcosocialismo del siglo XXI, impuesto por el Foro de Sao Paulo a los pa\u00edses caribe\u00f1os y sudamericanos.<\/p>\n<p>Debe defender esas ideas, valores y principios, si es que el narcosocialismo las tuviera. Esta matriz ideol\u00f3gica le servir\u00eda como ancla s\u00f3lida cada vez que tenga que lidiar con una coyuntura compleja. Debe moverse t\u00e1cticamente. Lo necesario, pero sin dejar de avanzar en lo definido previamente como estrat\u00e9gico.<\/p>\n<p>Esto, adem\u00e1s, tiene un correlato inmediato: le permitir\u00e1 fijar al adversario pol\u00edtico sin ambig\u00fcedades. Esta es una cuesti\u00f3n fundamental para evitar confusiones entre la ciudadan\u00eda cada vez que haya que tomar partido, sea a la hora de votar o, sencillamente, en la cotidianeidad de una discusi\u00f3n familiar.<\/p>\n<p>Sheinbaum no debe subestimar la importancia que tiene la gesti\u00f3n para que su palabra tenga credibilidad. El gobierno de la Cuarta Transformaci\u00f3n -como as\u00ed se autodefine- ha tenido logros muy notorios en lo social y lo econ\u00f3mico. La mejora en el bienestar social vino acompa\u00f1ada de la bonanza macroecon\u00f3mica. Por ejemplo, hoy en d\u00eda el peso mexicano es la moneda que m\u00e1s se apreci\u00f3 en estos a\u00f1os en toda Am\u00e9rica Latina.<\/p>\n<p>Asimismo, debe comunicar sin frivolidad. No debe hacer caso a ninguno de esos manuales modernos de comunicaci\u00f3n pol\u00edtica que siempre abusan de infinitos lugares comunes -como en los que ha ca\u00eddo hasta ahora- y, repito, que provocan que la pol\u00edtica se vac\u00ede de pol\u00edtica.<\/p>\n<p>Debe saber que sin batalla cultural es imposible sostener un proceso de transformaci\u00f3n hacia adelante. Su base est\u00e1 en el llamado humanismo mexicano, cualquier cosa que eso signifique, pero que ha soslayado en sus primeros d\u00edas de gobierno.<\/p>\n<p>Tambi\u00e9n est\u00e1 obligada a ser pragm\u00e1tica. No se puede hacer pol\u00edtica desconociendo la realidad. Por ejemplo, no se puede desconocer que en M\u00e9xico hay brotes de narcoterrorismo.<\/p>\n<p>Lo anterior, claro, si es que la Presidente de verdad quiere trascender y no ser solamente una mala copia de su antecesor.<\/p>\n<p style=\"text-align: center;\"><strong>Indicios<\/strong><\/p>\n<p>\u201cLas ma\u00f1aneras del pueblo\u201d iniciaron \u00e1giles. Hoy, la Presidente hace pausas. Piensa m\u00e1s lo que va a decir. Y no siempre acierta en sus dichos. La \u00fanica diferencia con su antecesor es la escenograf\u00eda que ahora es blanca y que ya no duran hasta tres horas. <strong>*\u00a0 *\u00a0 *<\/strong> Por hoy es todo. Mi reconocimiento a usted que ley\u00f3 hasta aqu\u00ed. Como siempre, le deseo \u00a1buenas gracias y muchos, muchos d\u00edas!<\/p>\n<p><em><u><a href=\"http:\/\/www.indicepolitico.com\" target=\"_blank\" rel=\"noopener noreferrer\">www.indicepolitico.com<\/a><\/u><u><br \/>\n<\/u><a href=\"mailto:indicepolitico@gmail.com\" target=\"_blank\" rel=\"noopener noreferrer\">indicepolitico@gmail.com<\/a><\/em><br \/>\n<em><a href=\"https:\/\/twitter.com\/indicepolitico?lang=es\" target=\"_blank\" rel=\"noopener noreferrer\">@IndicePolitico<\/a><\/em><br \/>\n<em><u><a href=\"https:\/\/twitter.com\/pacorodriguez\" target=\"_blank\" rel=\"noopener noreferrer\">@pacorodriguez<\/a><\/u><\/em><\/p>\n","protected":false},"excerpt":{"rendered":"<p><span style=\"color: #005497;\"><strong>Francisco Rodr\u00edguez<\/strong><\/span><\/p>\n","protected":false},"author":3,"featured_media":0,"comment_status":"open","ping_status":"open","sticky":false,"template":"","format":"standard","meta":{"_monsterinsights_skip_tracking":false,"_monsterinsights_sitenote_active":false,"_monsterinsights_sitenote_note":"","_monsterinsights_sitenote_category":0,"footnotes":""},"categories":[549],"tags":[43689,550,43674],"class_list":["post-638997","post","type-post","status-publish","format-standard","hentry","category-francisco-rodriguez","tag-francisco-rodriguez","tag-indice-politico","tag-opinion"],"_links":{"self":[{"href":"https:\/\/www.diarioimagen.net\/index.php?rest_route=\/wp\/v2\/posts\/638997","targetHints":{"allow":["GET"]}}],"collection":[{"href":"https:\/\/www.diarioimagen.net\/index.php?rest_route=\/wp\/v2\/posts"}],"about":[{"href":"https:\/\/www.diarioimagen.net\/index.php?rest_route=\/wp\/v2\/types\/post"}],"author":[{"embeddable":true,"href":"https:\/\/www.diarioimagen.net\/index.php?rest_route=\/wp\/v2\/users\/3"}],"replies":[{"embeddable":true,"href":"https:\/\/www.diarioimagen.net\/index.php?rest_route=%2Fwp%2Fv2%2Fcomments&post=638997"}],"version-history":[{"count":0,"href":"https:\/\/www.diarioimagen.net\/index.php?rest_route=\/wp\/v2\/posts\/638997\/revisions"}],"wp:attachment":[{"href":"https:\/\/www.diarioimagen.net\/index.php?rest_route=%2Fwp%2Fv2%2Fmedia&parent=638997"}],"wp:term":[{"taxonomy":"category","embeddable":true,"href":"https:\/\/www.diarioimagen.net\/index.php?rest_route=%2Fwp%2Fv2%2Fcategories&post=638997"},{"taxonomy":"post_tag","embeddable":true,"href":"https:\/\/www.diarioimagen.net\/index.php?rest_route=%2Fwp%2Fv2%2Ftags&post=638997"}],"curies":[{"name":"wp","href":"https:\/\/api.w.org\/{rel}","templated":true}]}}