{"id":639096,"date":"2024-10-31T00:01:29","date_gmt":"2024-10-31T06:01:29","guid":{"rendered":"https:\/\/www.diarioimagen.net\/?p=639096"},"modified":"2024-11-01T01:15:11","modified_gmt":"2024-11-01T07:15:11","slug":"sheinbaum-firma-el-decreto-de-reforma-de-pemex-y-cfe","status":"publish","type":"post","link":"https:\/\/www.diarioimagen.net\/?p=639096","title":{"rendered":"Sheinbaum firma el decreto de reforma de Pemex\u00a0y\u00a0CFE"},"content":{"rendered":"<p>&nbsp;<\/p>\n<h2 style=\"text-align: center;\">\u201cSe devuelve al pueblo de M\u00e9xico el control\u201d<\/h2>\n<p><em>\u00a0<\/em><\/p>\n<ul>\n<li><strong><em>La Presidenta tambi\u00e9n sign\u00f3 el de materia ferroviaria<\/em><\/strong><\/li>\n<\/ul>\n<p>&nbsp;<\/p>\n<div id=\"attachment_639178\" style=\"width: 470px\" class=\"wp-caption aligncenter\"><a href=\"https:\/\/www.diarioimagen.net\/?attachment_id=639178\" rel=\"attachment wp-att-639178\"><img loading=\"lazy\" decoding=\"async\" aria-describedby=\"caption-attachment-639178\" class=\"size-full wp-image-639178\" src=\"https:\/\/www.diarioimagen.net\/wp-content\/uploads\/2024\/10\/sheinbaum-firma-decreto.jpg\" alt=\"\" width=\"460\" height=\"270\" srcset=\"https:\/\/www.diarioimagen.net\/wp-content\/uploads\/2024\/10\/sheinbaum-firma-decreto.jpg 460w, https:\/\/www.diarioimagen.net\/wp-content\/uploads\/2024\/10\/sheinbaum-firma-decreto-240x141.jpg 240w\" sizes=\"auto, (max-width: 460px) 100vw, 460px\" \/><\/a><p id=\"caption-attachment-639178\" class=\"wp-caption-text\">La presidenta Claudia Sheinbaum Pardo firm\u00f3 este mi\u00e9rcoles el decreto de la reforma energ\u00e9tica, que \u201cdevuelve a Pemex y a CFE al pueblo de M\u00e9xico\u201d.<\/p><\/div>\n<p>&nbsp;<\/p>\n<p>La presidenta Claudia Sheinbaum firm\u00f3, en la conferencia ma\u00f1anera de este mi\u00e9rcoles, el decreto que regresa a su car\u00e1cter de empresa p\u00fablica a Petr\u00f3leos Mexicanos (Pemex) y a la Comisi\u00f3n Federal de Electricidad (CFE), luego de que el Congreso de la Uni\u00f3n la aprobara; tambi\u00e9n sign\u00f3 el decreto en materia ferroviaria, para que el Estado opere de nuevo los trenes de pasajeros.<\/p>\n<p>\u201cEs una reforma que en una parte muy importante le devuelve al pueblo las empresas que siempre fueron del pueblo de M\u00e9xico y que en el 2013 privatizaron, porque al convertir a Pemex y a CFE en \u2018empresas productivas del Estado\u2019, en realidad hac\u00edan que dejaran de ser p\u00fablicas y que se convirtieran en empresas privadas\u201d, expres\u00f3 la mandataria.<\/p>\n<p>Sheinbaum Pardo celebr\u00f3 que el Congreso declarara constitucional esta reforma, que fue enviada por el expresidente Andr\u00e9s Manuel L\u00f3pez Obrador (2018-2024) en febrero pasado.<\/p>\n<p>A su vez, firm\u00f3 el decreto para que las v\u00edas ferroviarias sean ocupadas como transporte de pasajeros. \u201cSon dos reformas muy importantes que vamos a firmar el d\u00eda de hoy\u201d, expuso.<\/p>\n<p>En cuanto a la reforma en el sector ferroviario, el director general de la Agencia Reguladora de Transporte Ferroviario, Andr\u00e9s Lajous, record\u00f3 que en 1995 se comenz\u00f3 un proceso de privatizaci\u00f3n de v\u00edas para servicios de carga y quitar el servicio de pasajeros.<\/p>\n<p>\u201cEl objeto de la reforma es impulsar desde el estado los servicios de trenes de pasajeros, y esto implica la reducci\u00f3n en el tiempo de recorrido, mayor seguridad, mejor calidad de vida, una reducci\u00f3n en la huella de carbono, siendo m\u00e1s eficiente que otros modos de transporte, y la prestaci\u00f3n de servicio a comunidades que quedaron aisladas precisamente en el proceso de privatizaci\u00f3n, porque estaban conectadas con trenes de pasajeros que dejaron de operar\u201d, precis\u00f3 el funcionario.<\/p>\n<p style=\"text-align: center;\"><strong>Reforma a Ley Org\u00e1nica de la Administraci\u00f3n P\u00fablica Federal<\/strong><\/p>\n<p>La titular del Ejecutivo federal tambi\u00e9n inform\u00f3 que enviar\u00e1 al Congreso la iniciativa de reforma a la Ley Org\u00e1nica de la Administraci\u00f3n P\u00fablica Federal, con la cual se suman tres nuevas dependencias: la Secretar\u00eda de las Mujeres, la Secretar\u00eda de Ciencia, Humanidades, Tecnolog\u00eda e Innovaci\u00f3n y la Agencia de Transformaci\u00f3n Digital.<\/p>\n<p>\u201cSe incluye la creaci\u00f3n de la Secretar\u00eda de las Mujeres, que estar\u00e1 funcionando a partir del 1 de enero del 2025; la Secretar\u00eda de Ciencia, Humanidades, Tecnolog\u00eda e Innovaci\u00f3n, que tambi\u00e9n estar\u00e1 operando a partir del 1 de enero del 2025; y la Agencia de Transformaci\u00f3n Digital, que va a ayudarnos a simplificar todos los tr\u00e1mites, a digitalizarlos, y tambi\u00e9n va a estar encargada de todo el \u00e1rea de sat\u00e9lites que antes estaban dentro de la Secretar\u00eda de Comunicaciones y Transportes\u201d, indic\u00f3 Sheinbaum Pardo.<\/p>\n<p style=\"text-align: center;\"><strong>Permanencia del Inai es innecesaria, reitera la Presidenta<\/strong><\/p>\n<p>La presidenta Sheinbaum Pardo reiter\u00f3 que no ve la necesidad que el Instituto Nacional de Transparencia, Acceso a la Informaci\u00f3n y Protecci\u00f3n de Datos Personales (Inai) siga en operaciones pues, seg\u00fan se\u00f1al\u00f3, su funci\u00f3n de garantizar transparencia ha sido opacada por casos de corrupci\u00f3n dentro del propio organismo.<\/p>\n<p>\u201cEl Inai le hizo una propuesta a la Secretar\u00eda (de Gobernaci\u00f3n) para que disminuyan sus gastos, pero ya es muy tarde, ya est\u00e1 la propuesta (para desaparecer algunos organismos aut\u00f3nomos) ah\u00ed en el Congreso. (Sin embargo,) que sepan las y los mexicanos que va a haber transparencia, sin necesidad de estos actos de corrupci\u00f3n, o de m\u00e1s recursos\u201d, indic\u00f3 la mandataria.<\/p>\n<p>Adem\u00e1s, consider\u00f3 que el presupuesto del organismo garante podr\u00eda aplicarse a otros rubros y puso como ejemplo invertir en escuelas.<\/p>\n<p>Sheinbaum Pardo detall\u00f3 que la transparencia ser\u00e1 resguardada por la Secretar\u00eda de la Funci\u00f3n P\u00fablica, en el nuevo \u00f3rgano de Anticorrupci\u00f3n y Buen Gobierno; aunque precis\u00f3 que se est\u00e1 revisando el tema de la independencia t\u00e9cnica, \u201cporque es parte de lo que se firm\u00f3 en su momento en el tratado para algunos organismos, eso lo est\u00e1 revisando incluso el propio Congreso, pues para que quede claramente en algunos casos que tiene que tener su independencia t\u00e9cnica para que no haya problema\u201d.<\/p>\n","protected":false},"excerpt":{"rendered":"<p>La presidenta Claudia Sheinbaum firm\u00f3, en la conferencia ma\u00f1anera de este mi\u00e9rcoles, el decreto que regresa a su car\u00e1cter de empresa p\u00fablica a Petr\u00f3leos Mexicanos (Pemex) y a la Comisi\u00f3n Federal de Electricidad (CFE), luego de que el Congreso de la Uni\u00f3n la aprobara; tambi\u00e9n sign\u00f3 el decreto en materia ferroviaria, para que el Estado opere de nuevo los trenes de pasajeros.<\/p>\n","protected":false},"author":3,"featured_media":639178,"comment_status":"open","ping_status":"open","sticky":false,"template":"","format":"standard","meta":{"_monsterinsights_skip_tracking":false,"_monsterinsights_sitenote_active":false,"_monsterinsights_sitenote_note":"","_monsterinsights_sitenote_category":0,"footnotes":""},"categories":[17,3],"tags":[139,74622,292],"class_list":["post-639096","post","type-post","status-publish","format-standard","has-post-thumbnail","hentry","category-especiales","category-nacional","tag-cfe","tag-decreto","tag-pemex"],"_links":{"self":[{"href":"https:\/\/www.diarioimagen.net\/index.php?rest_route=\/wp\/v2\/posts\/639096","targetHints":{"allow":["GET"]}}],"collection":[{"href":"https:\/\/www.diarioimagen.net\/index.php?rest_route=\/wp\/v2\/posts"}],"about":[{"href":"https:\/\/www.diarioimagen.net\/index.php?rest_route=\/wp\/v2\/types\/post"}],"author":[{"embeddable":true,"href":"https:\/\/www.diarioimagen.net\/index.php?rest_route=\/wp\/v2\/users\/3"}],"replies":[{"embeddable":true,"href":"https:\/\/www.diarioimagen.net\/index.php?rest_route=%2Fwp%2Fv2%2Fcomments&post=639096"}],"version-history":[{"count":0,"href":"https:\/\/www.diarioimagen.net\/index.php?rest_route=\/wp\/v2\/posts\/639096\/revisions"}],"wp:featuredmedia":[{"embeddable":true,"href":"https:\/\/www.diarioimagen.net\/index.php?rest_route=\/wp\/v2\/media\/639178"}],"wp:attachment":[{"href":"https:\/\/www.diarioimagen.net\/index.php?rest_route=%2Fwp%2Fv2%2Fmedia&parent=639096"}],"wp:term":[{"taxonomy":"category","embeddable":true,"href":"https:\/\/www.diarioimagen.net\/index.php?rest_route=%2Fwp%2Fv2%2Fcategories&post=639096"},{"taxonomy":"post_tag","embeddable":true,"href":"https:\/\/www.diarioimagen.net\/index.php?rest_route=%2Fwp%2Fv2%2Ftags&post=639096"}],"curies":[{"name":"wp","href":"https:\/\/api.w.org\/{rel}","templated":true}]}}