{"id":639104,"date":"2024-10-31T00:08:28","date_gmt":"2024-10-31T06:08:28","guid":{"rendered":"https:\/\/www.diarioimagen.net\/?p=639104"},"modified":"2024-11-01T00:38:56","modified_gmt":"2024-11-01T06:38:56","slug":"uaemex-sede-de-la-xxxi-reunion-de-trabajo-de-la-red-de-tutorias-region-centro-sur-de-anuies","status":"publish","type":"post","link":"https:\/\/www.diarioimagen.net\/?p=639104","title":{"rendered":"UAEM\u00e9x, sede de la XXXI Reuni\u00f3n de trabajo de la\u00a0Red\u00a0de Tutor\u00edas Regi\u00f3n Centro-Sur de ANUIES"},"content":{"rendered":"<p>&nbsp;<\/p>\n<div id=\"attachment_639166\" style=\"width: 470px\" class=\"wp-caption aligncenter\"><a href=\"https:\/\/www.diarioimagen.net\/?attachment_id=639166\" rel=\"attachment wp-att-639166\"><img loading=\"lazy\" decoding=\"async\" aria-describedby=\"caption-attachment-639166\" class=\"size-full wp-image-639166\" src=\"https:\/\/www.diarioimagen.net\/wp-content\/uploads\/2024\/10\/uaem-sede-de-la-reunion.jpg\" alt=\"\" width=\"460\" height=\"270\" srcset=\"https:\/\/www.diarioimagen.net\/wp-content\/uploads\/2024\/10\/uaem-sede-de-la-reunion.jpg 460w, https:\/\/www.diarioimagen.net\/wp-content\/uploads\/2024\/10\/uaem-sede-de-la-reunion-240x141.jpg 240w\" sizes=\"auto, (max-width: 460px) 100vw, 460px\" \/><\/a><p id=\"caption-attachment-639166\" class=\"wp-caption-text\">En el Museo Universitario \u201cLeopoldo Flores\u201d de la UAEM\u00e9x se presentaron mesas de trabajo en las cuales el di\u00e1logo entre instituciones permiti\u00f3 intercambiar estrategias para mejorar la tutor\u00eda acad\u00e9mica.<\/p><\/div>\n<p>&nbsp;<\/p>\n<p><strong>Toluca, Estado de M\u00e9xico.<\/strong>\u2014 A fin de promover el desarrollo y consolidaci\u00f3n de los programas de tutor\u00eda institucionales de educaci\u00f3n superior, la Universidad Aut\u00f3noma del Estado de M\u00e9xico (UAEM\u00e9x) fue sede de la XXXI Reuni\u00f3n de Trabajo de la Red de Tutor\u00edas Centro-Sur de la Asociaci\u00f3n Nacional de Universidades e Instituciones de Educaci\u00f3n Superior (ANUIES).<\/p>\n<p>En el Museo Universitario \u201cLeopoldo Flores\u201d y en representaci\u00f3n del rector de la Aut\u00f3noma mexiquense, Carlos Eduardo Barrera D\u00edaz, el director de Educaci\u00f3n Continua y Digital, Alberto Torres Guti\u00e9rrez, mencion\u00f3 que es primordial hacer uso de m\u00e9todos efectivos y de herramientas tecnol\u00f3gicas que sean aprovechadas en beneficio de la ejecuci\u00f3n de la tutor\u00eda acad\u00e9mica para la educaci\u00f3n superior.<\/p>\n<p>\u201cAdem\u00e1s de ser un espacio de reflexi\u00f3n y an\u00e1lisis, tambi\u00e9n es una plataforma para la construcci\u00f3n de un mundo mejor, a trav\u00e9s de la ense\u00f1anza m\u00e1s colectiva respaldada por la comunidad acad\u00e9mica\u201d, precis\u00f3.<\/p>\n<p>Por su parte, la representante de la coordinadora de la Red de Tutor\u00edas Regi\u00f3n Centro-Sur de la ANUIES, Liliana Cruz Barbosa, la acad\u00e9mica de la Benem\u00e9rita Universidad Aut\u00f3noma de Puebla (BUAP), Mar\u00eda Erika Eugenia Vera Cervantes, explic\u00f3 que la Red trabaja en torno a cuatro \u00e1reas: investigaci\u00f3n, material did\u00e1ctico, evaluaci\u00f3n y sistematizaci\u00f3n, para las cuales se fomenta el uso de tecnolog\u00edas y la participaci\u00f3n de estudiantes.<\/p>\n<p>Cabe hacer menci\u00f3n que la Red de Tutor\u00edas de la Regi\u00f3n Centro-Sur tiene el prop\u00f3sito de intercambiar informaci\u00f3n sobre la experiencia y competencias de sus miembros, as\u00ed como analizar temas cuya relevancia amerite un esfuerzo colectivo de alcance regional o nacional, sistem\u00e1tico y permanente.<\/p>\n<p>Tras la ceremonia de inauguraci\u00f3n se presentaron mesas de trabajo en las cuales el di\u00e1logo entre instituciones permiti\u00f3 intercambiar estrategias para mejorar la tutor\u00eda acad\u00e9mica.<\/p>\n<p>En el evento estuvieron presentes la secretaria t\u00e9cnica de la Red de Tutor\u00edas Regi\u00f3n Centro-Sur, Rosalva Telumbre Melgar, integrantes y representantes de las instituciones de educaci\u00f3n superior miembros de esta red.<\/p>\n","protected":false},"excerpt":{"rendered":"<p>A fin de promover el desarrollo y consolidaci\u00f3n de los programas de tutor\u00eda institucionales de educaci\u00f3n superior, la Universidad Aut\u00f3noma del Estado de M\u00e9xico (UAEM\u00e9x) fue sede de la XXXI Reuni\u00f3n de Trabajo de la Red de Tutor\u00edas Centro-Sur de la Asociaci\u00f3n Nacional de Universidades e Instituciones de Educaci\u00f3n Superior (ANUIES).<\/p>\n","protected":false},"author":3,"featured_media":639166,"comment_status":"open","ping_status":"open","sticky":false,"template":"","format":"standard","meta":{"_monsterinsights_skip_tracking":false,"_monsterinsights_sitenote_active":false,"_monsterinsights_sitenote_note":"","_monsterinsights_sitenote_category":0,"footnotes":""},"categories":[5],"tags":[14993,67878],"class_list":["post-639104","post","type-post","status-publish","format-standard","has-post-thumbnail","hentry","category-estado-de-mexico","tag-anuies","tag-uaemex"],"_links":{"self":[{"href":"https:\/\/www.diarioimagen.net\/index.php?rest_route=\/wp\/v2\/posts\/639104","targetHints":{"allow":["GET"]}}],"collection":[{"href":"https:\/\/www.diarioimagen.net\/index.php?rest_route=\/wp\/v2\/posts"}],"about":[{"href":"https:\/\/www.diarioimagen.net\/index.php?rest_route=\/wp\/v2\/types\/post"}],"author":[{"embeddable":true,"href":"https:\/\/www.diarioimagen.net\/index.php?rest_route=\/wp\/v2\/users\/3"}],"replies":[{"embeddable":true,"href":"https:\/\/www.diarioimagen.net\/index.php?rest_route=%2Fwp%2Fv2%2Fcomments&post=639104"}],"version-history":[{"count":0,"href":"https:\/\/www.diarioimagen.net\/index.php?rest_route=\/wp\/v2\/posts\/639104\/revisions"}],"wp:featuredmedia":[{"embeddable":true,"href":"https:\/\/www.diarioimagen.net\/index.php?rest_route=\/wp\/v2\/media\/639166"}],"wp:attachment":[{"href":"https:\/\/www.diarioimagen.net\/index.php?rest_route=%2Fwp%2Fv2%2Fmedia&parent=639104"}],"wp:term":[{"taxonomy":"category","embeddable":true,"href":"https:\/\/www.diarioimagen.net\/index.php?rest_route=%2Fwp%2Fv2%2Fcategories&post=639104"},{"taxonomy":"post_tag","embeddable":true,"href":"https:\/\/www.diarioimagen.net\/index.php?rest_route=%2Fwp%2Fv2%2Ftags&post=639104"}],"curies":[{"name":"wp","href":"https:\/\/api.w.org\/{rel}","templated":true}]}}