{"id":639112,"date":"2024-10-31T00:01:45","date_gmt":"2024-10-31T06:01:45","guid":{"rendered":"https:\/\/www.diarioimagen.net\/?p=639112"},"modified":"2024-10-31T01:48:30","modified_gmt":"2024-10-31T07:48:30","slug":"respaldan-demandas-de-trabajadores-de-ecatepec-pertenecientes-al-suteym","status":"publish","type":"post","link":"https:\/\/www.diarioimagen.net\/?p=639112","title":{"rendered":"Respaldan demandas de trabajadores de Ecatepec, pertenecientes al SUTEyM"},"content":{"rendered":"<p>&nbsp;<\/p>\n<ul>\n<li><em><strong>No les han pagado prestaciones<\/strong><\/em><\/li>\n<\/ul>\n<p><strong>\u00a0<\/strong><\/p>\n<h6>Arturo Baena<\/h6>\n<p>&nbsp;<\/p>\n<div id=\"attachment_639197\" style=\"width: 470px\" class=\"wp-caption aligncenter\"><a href=\"https:\/\/www.diarioimagen.net\/?attachment_id=639197\" rel=\"attachment wp-att-639197\"><img loading=\"lazy\" decoding=\"async\" aria-describedby=\"caption-attachment-639197\" class=\"size-full wp-image-639197\" src=\"https:\/\/www.diarioimagen.net\/wp-content\/uploads\/2024\/10\/respaldan-demandas.jpg\" alt=\"\" width=\"460\" height=\"270\" srcset=\"https:\/\/www.diarioimagen.net\/wp-content\/uploads\/2024\/10\/respaldan-demandas.jpg 460w, https:\/\/www.diarioimagen.net\/wp-content\/uploads\/2024\/10\/respaldan-demandas-240x141.jpg 240w\" sizes=\"auto, (max-width: 460px) 100vw, 460px\" \/><\/a><p id=\"caption-attachment-639197\" class=\"wp-caption-text\">Agremiados al SUTEyM bloquearon y colapsaron vialidades en Ecatepec, en protesta porque desde el a\u00f1o 2021 no les han pagado prestaciones.<\/p><\/div>\n<p>&nbsp;<\/p>\n<p><strong>Valle de M\u00e9xico.\u2014<\/strong> Luego de que empleados agremiados al Sindicato \u00danico de Trabajadoras del Estado y Municipios (SUTEyM) bloquearon y colapsaron vialidades en Ecatepec, en protesta porque desde el a\u00f1o 2021 no les han pagado sus prestaciones, estos recibieron el respaldo de suteymistas de varios municipios.<\/p>\n<p>\u201cLos gobiernos emanados de Morena, afirmaron que mantendr\u00edan una relaci\u00f3n de respeto con el SUTEyM, sin embargo act\u00faan de manera contraria como ya sucedi\u00f3 en el municipio de Naucalpan. Desde luego que apoyamos sus justas demandas\u201d, dijeron trabajadores de este sindicato.<\/p>\n<p>Los afectados se\u00f1alaron que el gobierno, que en 2019 inici\u00f3 Fernando Vilchis, no ha dado cumplimiento al convenio laboral, por lo que han tenido retenci\u00f3n de pagos, prestaciones no saldadas, falta de equipamiento para hacer su trabajo, despidos injustificados, entre otras demandas que afectan a 4 mil empleados.<\/p>\n<p>Se\u00f1alaron de manera directa al ex presidente municipal Fernando Vilchis, quien ahora es diputado dejando sin cumplir las prestaciones a los trabajadores del SUTEyM.<\/p>\n<p>En ese sentido, el Secretario General del SUTEyM en Ecatepec, Pedro Montoya Ar\u00e9chiga, se\u00f1al\u00f3 que el presidente municipal interino Jes\u00fas Palacios se ha negado a dar soluci\u00f3n a las demandas de los trabajadores sindicalizados.<\/p>\n<p>Los cierres de vialidades afectaron\u00a0 a personas que sal\u00edan\u00a0 a laborar a diferentes partes del Valle de M\u00e9xico, as\u00ed como a estudiantes y maestros que no alcanzaron a llegar a sus planteles, lo que paraliz\u00f3 a uno de los municipios m\u00e1s poblados del Estado de M\u00e9xico.<\/p>\n","protected":false},"excerpt":{"rendered":"<p>Luego de que empleados agremiados al Sindicato \u00danico de Trabajadoras del Estado y Municipios (SUTEyM) bloquearon y colapsaron vialidades en Ecatepec, en protesta porque desde el a\u00f1o 2021 no les han pagado sus prestaciones, estos recibieron el respaldo de suteymistas de varios municipios.<\/p>\n","protected":false},"author":3,"featured_media":639197,"comment_status":"open","ping_status":"open","sticky":false,"template":"","format":"standard","meta":{"_monsterinsights_skip_tracking":false,"_monsterinsights_sitenote_active":false,"_monsterinsights_sitenote_note":"","_monsterinsights_sitenote_category":0,"footnotes":""},"categories":[5],"tags":[2572,71465],"class_list":["post-639112","post","type-post","status-publish","format-standard","has-post-thumbnail","hentry","category-estado-de-mexico","tag-suteym","tag-vialidades"],"_links":{"self":[{"href":"https:\/\/www.diarioimagen.net\/index.php?rest_route=\/wp\/v2\/posts\/639112","targetHints":{"allow":["GET"]}}],"collection":[{"href":"https:\/\/www.diarioimagen.net\/index.php?rest_route=\/wp\/v2\/posts"}],"about":[{"href":"https:\/\/www.diarioimagen.net\/index.php?rest_route=\/wp\/v2\/types\/post"}],"author":[{"embeddable":true,"href":"https:\/\/www.diarioimagen.net\/index.php?rest_route=\/wp\/v2\/users\/3"}],"replies":[{"embeddable":true,"href":"https:\/\/www.diarioimagen.net\/index.php?rest_route=%2Fwp%2Fv2%2Fcomments&post=639112"}],"version-history":[{"count":0,"href":"https:\/\/www.diarioimagen.net\/index.php?rest_route=\/wp\/v2\/posts\/639112\/revisions"}],"wp:featuredmedia":[{"embeddable":true,"href":"https:\/\/www.diarioimagen.net\/index.php?rest_route=\/wp\/v2\/media\/639197"}],"wp:attachment":[{"href":"https:\/\/www.diarioimagen.net\/index.php?rest_route=%2Fwp%2Fv2%2Fmedia&parent=639112"}],"wp:term":[{"taxonomy":"category","embeddable":true,"href":"https:\/\/www.diarioimagen.net\/index.php?rest_route=%2Fwp%2Fv2%2Fcategories&post=639112"},{"taxonomy":"post_tag","embeddable":true,"href":"https:\/\/www.diarioimagen.net\/index.php?rest_route=%2Fwp%2Fv2%2Ftags&post=639112"}],"curies":[{"name":"wp","href":"https:\/\/api.w.org\/{rel}","templated":true}]}}