{"id":639114,"date":"2024-10-31T00:03:54","date_gmt":"2024-10-31T06:03:54","guid":{"rendered":"https:\/\/www.diarioimagen.net\/?p=639114"},"modified":"2024-10-31T01:47:46","modified_gmt":"2024-10-31T07:47:46","slug":"reconocen-aprobacion-de-delfina-gomez-publicada-por-mitofsky","status":"publish","type":"post","link":"https:\/\/www.diarioimagen.net\/?p=639114","title":{"rendered":"Reconocen aprobaci\u00f3n de Delfina G\u00f3mez, publicada por Mitofsky"},"content":{"rendered":"<p>&nbsp;<\/p>\n<ul>\n<li><strong><em>Segundo lugar nacional<\/em> <\/strong><\/li>\n<\/ul>\n<p><strong>\u00a0<\/strong><\/p>\n<h6>Arturo Baena<\/h6>\n<p>&nbsp;<\/p>\n<div id=\"attachment_639195\" style=\"width: 470px\" class=\"wp-caption aligncenter\"><a href=\"https:\/\/www.diarioimagen.net\/?attachment_id=639195\" rel=\"attachment wp-att-639195\"><img loading=\"lazy\" decoding=\"async\" aria-describedby=\"caption-attachment-639195\" class=\"size-full wp-image-639195\" src=\"https:\/\/www.diarioimagen.net\/wp-content\/uploads\/2024\/10\/reconocen-aprobacion.jpg\" alt=\"\" width=\"460\" height=\"270\" srcset=\"https:\/\/www.diarioimagen.net\/wp-content\/uploads\/2024\/10\/reconocen-aprobacion.jpg 460w, https:\/\/www.diarioimagen.net\/wp-content\/uploads\/2024\/10\/reconocen-aprobacion-240x141.jpg 240w\" sizes=\"auto, (max-width: 460px) 100vw, 460px\" \/><\/a><p id=\"caption-attachment-639195\" class=\"wp-caption-text\">Diversos sectores de la sociedad mexiquense reconocieron el primer a\u00f1o de gobierno de Delfina G\u00f3mez, que se posicion\u00f3 en el segundo lugar, a nivel nacional, con una aprobaci\u00f3n del 51.4%, seg\u00fan Mitofsky.<\/p><\/div>\n<p>&nbsp;<\/p>\n<p><strong>Toluca, Estado de M\u00e9xico.\u2014<\/strong> Legisladores, empresarios, s\u00edndicos y regidores de la entidad reconocieron el primer a\u00f1o de gobierno de la mandataria mexiquense, despu\u00e9s de que en el \u00faltimo an\u00e1lisis de aprobaci\u00f3n, realizado por Mitofsky,\u00a0 la gobernadora Delfina G\u00f3mez, se posicion\u00f3 en el segundo lugar, a nivel nacional, con una aprobaci\u00f3n del 51.4%. Este ranking incluye a seis mandatarios de la regi\u00f3n central de M\u00e9xico, que en septiembre pasado representaron a los estados de Hidalgo, Estado de M\u00e9xico, Tlaxcala, Puebla, Ciudad de M\u00e9xico y Morelos.<\/p>\n<p>El gobernador de Hidalgo, Julio Menchaca, se ubic\u00f3 en la primera posici\u00f3n con un 52.0% de aprobaci\u00f3n, seguido muy de cerca por Delfina G\u00f3mez y Lorena Cu\u00e9llar, gobernadora de Tlaxcala, quien alcanz\u00f3 tambi\u00e9n un 51.4%, pero qued\u00f3 en el tercer lugar. En el cuarto sitio se posicion\u00f3 Sergio Salom\u00f3n C\u00e9spedes, de Puebla, con una calificaci\u00f3n de 50.7%, mientras que Mart\u00ed Batres, jefe de gobierno de la Ciudad de M\u00e9xico, obtuvo un 49.0%, quedando en el quinto puesto.<\/p>\n<p>Samuel Sotelo, de Morelos, cerr\u00f3 la lista en la sexta posici\u00f3n con una aprobaci\u00f3n del 27.2%, la m\u00e1s baja de este grupo y correspondiente a su \u00faltimo periodo de evaluaci\u00f3n como gobernador de esa entidad.<\/p>\n<p>Esta evaluaci\u00f3n de Mitofsky destaca la diversidad de liderazgos en la regi\u00f3n, compuesta por dos mujeres y cuatro hombres, con calificaciones que reflejan la percepci\u00f3n p\u00fablica del trabajo en sus respectivos estados.<\/p>\n","protected":false},"excerpt":{"rendered":"<p>Legisladores, empresarios, s\u00edndicos y regidores de la entidad reconocieron el primer a\u00f1o de gobierno de la mandataria mexiquense, despu\u00e9s de que en el \u00faltimo an\u00e1lisis de aprobaci\u00f3n, realizado por Mitofsky,\u00a0 la gobernadora Delfina G\u00f3mez, se posicion\u00f3 en el segundo lugar, a nivel nacional, con una aprobaci\u00f3n del 51.4%. Este ranking incluye a seis mandatarios de la regi\u00f3n central de M\u00e9xico, que en septiembre pasado representaron a los estados de Hidalgo, Estado de M\u00e9xico, Tlaxcala, Puebla, Ciudad de M\u00e9xico y Morelos.<\/p>\n","protected":false},"author":3,"featured_media":639195,"comment_status":"open","ping_status":"open","sticky":false,"template":"","format":"standard","meta":{"_monsterinsights_skip_tracking":false,"_monsterinsights_sitenote_active":false,"_monsterinsights_sitenote_note":"","_monsterinsights_sitenote_category":0,"footnotes":""},"categories":[5],"tags":[57859,101137],"class_list":["post-639114","post","type-post","status-publish","format-standard","has-post-thumbnail","hentry","category-estado-de-mexico","tag-delfina-gomez-alvarez","tag-mitofsky"],"_links":{"self":[{"href":"https:\/\/www.diarioimagen.net\/index.php?rest_route=\/wp\/v2\/posts\/639114","targetHints":{"allow":["GET"]}}],"collection":[{"href":"https:\/\/www.diarioimagen.net\/index.php?rest_route=\/wp\/v2\/posts"}],"about":[{"href":"https:\/\/www.diarioimagen.net\/index.php?rest_route=\/wp\/v2\/types\/post"}],"author":[{"embeddable":true,"href":"https:\/\/www.diarioimagen.net\/index.php?rest_route=\/wp\/v2\/users\/3"}],"replies":[{"embeddable":true,"href":"https:\/\/www.diarioimagen.net\/index.php?rest_route=%2Fwp%2Fv2%2Fcomments&post=639114"}],"version-history":[{"count":0,"href":"https:\/\/www.diarioimagen.net\/index.php?rest_route=\/wp\/v2\/posts\/639114\/revisions"}],"wp:featuredmedia":[{"embeddable":true,"href":"https:\/\/www.diarioimagen.net\/index.php?rest_route=\/wp\/v2\/media\/639195"}],"wp:attachment":[{"href":"https:\/\/www.diarioimagen.net\/index.php?rest_route=%2Fwp%2Fv2%2Fmedia&parent=639114"}],"wp:term":[{"taxonomy":"category","embeddable":true,"href":"https:\/\/www.diarioimagen.net\/index.php?rest_route=%2Fwp%2Fv2%2Fcategories&post=639114"},{"taxonomy":"post_tag","embeddable":true,"href":"https:\/\/www.diarioimagen.net\/index.php?rest_route=%2Fwp%2Fv2%2Ftags&post=639114"}],"curies":[{"name":"wp","href":"https:\/\/api.w.org\/{rel}","templated":true}]}}