{"id":639116,"date":"2024-10-31T00:04:21","date_gmt":"2024-10-31T06:04:21","guid":{"rendered":"https:\/\/www.diarioimagen.net\/?p=639116"},"modified":"2024-10-31T01:47:57","modified_gmt":"2024-10-31T07:47:57","slug":"arranca-operativo-dia-de-muertos-en-huixquilucan","status":"publish","type":"post","link":"https:\/\/www.diarioimagen.net\/?p=639116","title":{"rendered":"Arranca operativo \u201cD\u00eda de Muertos\u201d en Huixquilucan"},"content":{"rendered":"<p>&nbsp;<\/p>\n<div id=\"attachment_639193\" style=\"width: 470px\" class=\"wp-caption aligncenter\"><a href=\"https:\/\/www.diarioimagen.net\/?attachment_id=639193\" rel=\"attachment wp-att-639193\"><img loading=\"lazy\" decoding=\"async\" aria-describedby=\"caption-attachment-639193\" class=\"size-full wp-image-639193\" src=\"https:\/\/www.diarioimagen.net\/wp-content\/uploads\/2024\/10\/arranca-operativo.jpg\" alt=\"\" width=\"460\" height=\"270\" srcset=\"https:\/\/www.diarioimagen.net\/wp-content\/uploads\/2024\/10\/arranca-operativo.jpg 460w, https:\/\/www.diarioimagen.net\/wp-content\/uploads\/2024\/10\/arranca-operativo-240x141.jpg 240w\" sizes=\"auto, (max-width: 460px) 100vw, 460px\" \/><\/a><p id=\"caption-attachment-639193\" class=\"wp-caption-text\">La Direcci\u00f3n de Desarrollo Econ\u00f3mico de Atizap\u00e1n, en conjunto con el gobierno del Estado de M\u00e9xico, invitan a la 6\u00aa Feria Presencial de Empleo, la cual se llevar\u00e1 a cabo el pr\u00f3ximo 7 de noviembre.<\/p><\/div>\n<p>&nbsp;<\/p>\n<p><strong>Huixquilucan, Estado de M\u00e9xico.\u2014<\/strong> El prop\u00f3sito de vigilar la celebraci\u00f3n del \u201cD\u00eda de Muertos\u201d en el territorio, el gobierno de esta localidad,\u00a0 pondr\u00e1 en marcha el operativo \u201cSantos Difuntos 2024\u201d para reforzar la presencia de los elementos de Seguridad P\u00fablica y Vialidad y del Sistema Municipal de Emergencias 24\/7, a fin de garantizar la seguridad de las familias y que estas celebraciones se lleven a cabo en un ambiente de paz y tranquilidad.<\/p>\n<p>La alcaldesa Romina Contreras Carrasco, inform\u00f3 que, desde la primera hora de este jueves 31 de octubre y hasta el domingo 3 de noviembre, se desplegar\u00e1 todo el estado de fuerza policial en las tres zonas que conforman a Huixquilucan -Tradicional, Popular y Residencial-, especialmente, en los cementerios, toda vez que en esta temporada se registra mayor afluencia de personas en estos lugares.<\/p>\n","protected":false},"excerpt":{"rendered":"<p>El prop\u00f3sito de vigilar la celebraci\u00f3n del \u201cD\u00eda de Muertos\u201d en el territorio, el gobierno de esta localidad,\u00a0 pondr\u00e1 en marcha el operativo \u201cSantos Difuntos 2024\u201d para reforzar la presencia de los elementos de Seguridad P\u00fablica y Vialidad y del Sistema Municipal de Emergencias 24\/7, a fin de garantizar la seguridad de las familias y que estas celebraciones se lleven a cabo en un ambiente de paz y tranquilidad.<\/p>\n","protected":false},"author":3,"featured_media":639193,"comment_status":"open","ping_status":"open","sticky":false,"template":"","format":"standard","meta":{"_monsterinsights_skip_tracking":false,"_monsterinsights_sitenote_active":false,"_monsterinsights_sitenote_note":"","_monsterinsights_sitenote_category":0,"footnotes":""},"categories":[5],"tags":[12303,1097],"class_list":["post-639116","post","type-post","status-publish","format-standard","has-post-thumbnail","hentry","category-estado-de-mexico","tag-dia-de-muertos","tag-huixquilucan"],"_links":{"self":[{"href":"https:\/\/www.diarioimagen.net\/index.php?rest_route=\/wp\/v2\/posts\/639116","targetHints":{"allow":["GET"]}}],"collection":[{"href":"https:\/\/www.diarioimagen.net\/index.php?rest_route=\/wp\/v2\/posts"}],"about":[{"href":"https:\/\/www.diarioimagen.net\/index.php?rest_route=\/wp\/v2\/types\/post"}],"author":[{"embeddable":true,"href":"https:\/\/www.diarioimagen.net\/index.php?rest_route=\/wp\/v2\/users\/3"}],"replies":[{"embeddable":true,"href":"https:\/\/www.diarioimagen.net\/index.php?rest_route=%2Fwp%2Fv2%2Fcomments&post=639116"}],"version-history":[{"count":0,"href":"https:\/\/www.diarioimagen.net\/index.php?rest_route=\/wp\/v2\/posts\/639116\/revisions"}],"wp:featuredmedia":[{"embeddable":true,"href":"https:\/\/www.diarioimagen.net\/index.php?rest_route=\/wp\/v2\/media\/639193"}],"wp:attachment":[{"href":"https:\/\/www.diarioimagen.net\/index.php?rest_route=%2Fwp%2Fv2%2Fmedia&parent=639116"}],"wp:term":[{"taxonomy":"category","embeddable":true,"href":"https:\/\/www.diarioimagen.net\/index.php?rest_route=%2Fwp%2Fv2%2Fcategories&post=639116"},{"taxonomy":"post_tag","embeddable":true,"href":"https:\/\/www.diarioimagen.net\/index.php?rest_route=%2Fwp%2Fv2%2Ftags&post=639116"}],"curies":[{"name":"wp","href":"https:\/\/api.w.org\/{rel}","templated":true}]}}