{"id":639118,"date":"2024-10-31T00:02:23","date_gmt":"2024-10-31T06:02:23","guid":{"rendered":"https:\/\/www.diarioimagen.net\/?p=639118"},"modified":"2024-10-31T01:46:49","modified_gmt":"2024-10-31T07:46:49","slug":"el-gobierno-de-atizapan-de-zaragoza-invita-a-6a-feria-presencial-de-empleo","status":"publish","type":"post","link":"https:\/\/www.diarioimagen.net\/?p=639118","title":{"rendered":"El gobierno de Atizap\u00e1n de Zaragoza invita a 6\u00aa Feria Presencial de Empleo"},"content":{"rendered":"<p>&nbsp;<\/p>\n<ul>\n<li><em><strong>Se llevar\u00e1 a cabo el pr\u00f3ximo 7 de noviembre<\/strong><\/em><\/li>\n<\/ul>\n<p>&nbsp;<\/p>\n<div id=\"attachment_639191\" style=\"width: 470px\" class=\"wp-caption aligncenter\"><a href=\"https:\/\/www.diarioimagen.net\/?attachment_id=639191\" rel=\"attachment wp-att-639191\"><img loading=\"lazy\" decoding=\"async\" aria-describedby=\"caption-attachment-639191\" class=\"size-full wp-image-639191\" src=\"https:\/\/www.diarioimagen.net\/wp-content\/uploads\/2024\/10\/gobierno-de-atizapan.jpg\" alt=\"\" width=\"460\" height=\"270\" srcset=\"https:\/\/www.diarioimagen.net\/wp-content\/uploads\/2024\/10\/gobierno-de-atizapan.jpg 460w, https:\/\/www.diarioimagen.net\/wp-content\/uploads\/2024\/10\/gobierno-de-atizapan-240x141.jpg 240w\" sizes=\"auto, (max-width: 460px) 100vw, 460px\" \/><\/a><p id=\"caption-attachment-639191\" class=\"wp-caption-text\">La Direcci\u00f3n de Desarrollo Econ\u00f3mico de Atizap\u00e1n, en conjunto con el gobierno del Estado de M\u00e9xico, invitan a la 6\u00aa Feria Presencial de Empleo, la cual se llevar\u00e1 a cabo el pr\u00f3ximo 7 de noviembre.<\/p><\/div>\n<p>&nbsp;<\/p>\n<p><strong>Atizap\u00e1n de Zaragoza, Estado de M\u00e9xico.\u2014<\/strong> El gobierno de esta localidad, dirigido por el alcalde Pedro Rodr\u00edguez Villegas, a trav\u00e9s de la Direcci\u00f3n de Desarrollo Econ\u00f3mico, y en conjunto con el Gobierno del Estado de M\u00e9xico, invitan a la 6\u00aa Feria Presencial de Empleo, la cual se llevar\u00e1 a cabo el pr\u00f3ximo 7 de noviembre de 09:00 a 15:00 horas, en la Explanada del Palacio Municipal.<\/p>\n<p>En las anteriores ediciones, se han ofertado entre 1,100 y 1,500 puestos laborales y se han logrado reunir a unas 200 empresas que requieren de personal para ocupar vacantes en puestos gerenciales, operativos y administrativos en empresas de los diferentes sectores econ\u00f3micos.<\/p>\n<p>El trabajo conjunto con el Servicio Nacional de Empleo y de la Secretar\u00eda del Trabajo del Gobierno del Estado de M\u00e9xico se cristaliza en estas Ferias, en las cuales las personas, j\u00f3venes y adultos, tienen la oportunidad de colocarse en un empleo formal en el mismo lugar o conseguir entrevistas de trabajo para obtener un trabajo remunerado.<\/p>\n<p>La Direcci\u00f3n de Desarrollo Econ\u00f3mico, del gobierno de Atizap\u00e1n de Zaragoza, tambi\u00e9n impulsa la ocupaci\u00f3n laboral con Ferias de Empleo Virtuales, la Bolsa de Empleo en tu Comunidad, la Bolsa de Empleo Digital, as\u00ed como con el programa Emplea-T y un convenio con la EDAYO (Escuela de Artes y Oficios), con el que se han llevado talleres a diferentes comunidades para impulsar el autoempleo.<\/p>\n<p>Tambi\u00e9n se cuenta con la Bolsa de Empleo Presencial todos los d\u00edas, de lunes a viernes, de 09:00 a 18:00 horas en la Direcci\u00f3n de Desarrollo Econ\u00f3mico ubicada en el Palacio Municipal.<\/p>\n","protected":false},"excerpt":{"rendered":"<p>El gobierno de esta localidad, dirigido por el alcalde Pedro Rodr\u00edguez Villegas, a trav\u00e9s de la Direcci\u00f3n de Desarrollo Econ\u00f3mico, y en conjunto con el Gobierno del Estado de M\u00e9xico, invitan a la 6\u00aa Feria Presencial de Empleo, la cual se llevar\u00e1 a cabo el pr\u00f3ximo 7 de noviembre de 09:00 a 15:00 horas, en la Explanada del Palacio Municipal.<\/p>\n","protected":false},"author":3,"featured_media":639191,"comment_status":"open","ping_status":"open","sticky":false,"template":"","format":"standard","meta":{"_monsterinsights_skip_tracking":false,"_monsterinsights_sitenote_active":false,"_monsterinsights_sitenote_note":"","_monsterinsights_sitenote_category":0,"footnotes":""},"categories":[5],"tags":[3561,43675,101138],"class_list":["post-639118","post","type-post","status-publish","format-standard","has-post-thumbnail","hentry","category-estado-de-mexico","tag-atizapan-de-zaragoza","tag-estado-de-mexico","tag-feria-presencial-de-empleo"],"_links":{"self":[{"href":"https:\/\/www.diarioimagen.net\/index.php?rest_route=\/wp\/v2\/posts\/639118","targetHints":{"allow":["GET"]}}],"collection":[{"href":"https:\/\/www.diarioimagen.net\/index.php?rest_route=\/wp\/v2\/posts"}],"about":[{"href":"https:\/\/www.diarioimagen.net\/index.php?rest_route=\/wp\/v2\/types\/post"}],"author":[{"embeddable":true,"href":"https:\/\/www.diarioimagen.net\/index.php?rest_route=\/wp\/v2\/users\/3"}],"replies":[{"embeddable":true,"href":"https:\/\/www.diarioimagen.net\/index.php?rest_route=%2Fwp%2Fv2%2Fcomments&post=639118"}],"version-history":[{"count":0,"href":"https:\/\/www.diarioimagen.net\/index.php?rest_route=\/wp\/v2\/posts\/639118\/revisions"}],"wp:featuredmedia":[{"embeddable":true,"href":"https:\/\/www.diarioimagen.net\/index.php?rest_route=\/wp\/v2\/media\/639191"}],"wp:attachment":[{"href":"https:\/\/www.diarioimagen.net\/index.php?rest_route=%2Fwp%2Fv2%2Fmedia&parent=639118"}],"wp:term":[{"taxonomy":"category","embeddable":true,"href":"https:\/\/www.diarioimagen.net\/index.php?rest_route=%2Fwp%2Fv2%2Fcategories&post=639118"},{"taxonomy":"post_tag","embeddable":true,"href":"https:\/\/www.diarioimagen.net\/index.php?rest_route=%2Fwp%2Fv2%2Ftags&post=639118"}],"curies":[{"name":"wp","href":"https:\/\/api.w.org\/{rel}","templated":true}]}}