{"id":639127,"date":"2024-10-31T00:04:53","date_gmt":"2024-10-31T06:04:53","guid":{"rendered":"https:\/\/www.diarioimagen.net\/?p=639127"},"modified":"2024-10-31T23:45:55","modified_gmt":"2024-11-01T05:45:55","slug":"la-crisis-y-el-monton-de-dinero","status":"publish","type":"post","link":"https:\/\/www.diarioimagen.net\/?p=639127","title":{"rendered":"La crisis y el mont\u00f3n de dinero"},"content":{"rendered":"<h2>De pe a pa<\/h2>\n<h5>Alberto Vieyra G.<\/h5>\n<p>&nbsp;<\/p>\n<p>Vaya crisis de crisis en la que los aprendices de pol\u00edtica han metido a la naci\u00f3n azteca.<\/p>\n<p>Vivimos la crisis de crisis: Crisis de ingobernabilidad y vac\u00edo de poder; crisis de inseguridad con un M\u00e9xico que se desangra y un gobierno que no puede; una hist\u00f3rica crisis de salud p\u00fablica y ahora, una fenomenal crisis de inconstitucionalidad que se traducir\u00e1 en m\u00e1s ingobernabilidad y vac\u00edo de poder.<\/p>\n<p>\u00bfQui\u00e9nes son los autores de este desmadre que vive la rep\u00fablica? \u00bfYa adivin\u00f3 usted? S\u00ed, en primer lugar, el esquizofr\u00e9nico falso Mes\u00edas y su sucesora la presidenta cient\u00edfica, quien ya cumple un mes en el poder rest\u00e1ndole importancia a la masacre que vive la rep\u00fablica en Sinaloa, Chiapas, Michoac\u00e1n, Zacatecas, Guanajuato, Guerrero y otras entidades de la naci\u00f3n azteca que est\u00e1n convertidos en aut\u00e9nticos focos de infecci\u00f3n pol\u00edtica y social.<\/p>\n<p>\u00bfD\u00f3nde est\u00e1 la se\u00f1ora Presidenta con su Ej\u00e9rcito y su pomposa Guardia Nacional, pues no que militarizando el pa\u00eds se acabar\u00eda la ola de violencia?<\/p>\n<p>A esa crisis de crisis que vive la Rep\u00fablica se ha sumado la crisis de inconstitucionalidad en la que AMLO y Claudia metieron al pa\u00eds por su enfermizo af\u00e1n de querer destruir las instituciones nacionales como la Suprema Corte para acabar con la divisi\u00f3n de poderes y tener bajo su pu\u00f1o dictatorial al Poder Legislativo de M\u00e9xico.<\/p>\n<p>Diputados y senadores morenistas y sus aliados del PT y Partido Verde viven una aut\u00e9ntica borrachera de poder haci\u00e9ndose llamar \u201cla s\u00faper mayor\u00eda legislativa\u201d y vociferando que ning\u00fan poder puede estar por encima de ellos que solamente reciben \u00f3rdenes de Palacio Nacional.<\/p>\n<p>Montar\u00edan en c\u00f3lera al revelarse el proyecto de sentencia del ministro Juan Luis Alc\u00e1ntara Carranc\u00e1 para declarar inconstitucional la reforma al Poder Judicial, lo que podr\u00eda ocurrir a m\u00e1s tardar el 5 de noviembre.<\/p>\n<p>Esa crisis de inconstitucionalidad e ingobernabilidad ha dado lugar a que m\u00e1s de 500 juzgadores digan NO a la demencial elecci\u00f3n de jueces, ministros y magistrados, entre ellos 8 de los ministros de la Corte que han presentado su renuncia ante el Senado de la Rep\u00fablica para dejar sus cargos a m\u00e1s tardar el \u00faltimo d\u00eda de agosto del a\u00f1o que viene, pero la soberbia de Fern\u00e1ndez Noro\u00f1a ha advertido que no la aceptar\u00e1n porque los se\u00f1ores ministros quieren irse <em>cargados para el norte <\/em>y tambi\u00e9n para el sur con sus millonarias prebendas que incluyen 80% de sus salarios, prestaciones de ley como seguros de vida, seguros m\u00e9dicos y el pago para 3 ayudantes personales, adem\u00e1s de sus aguinaldos.<\/p>\n<p>\u201cEs un mont\u00f3n de dinero\u201d, exclamar\u00eda la se\u00f1ora Presidenta cient\u00edfica, quien igualita que AMLO ha llamado corruptos a los juzgadores de M\u00e9xico, pero igual que AMLO no han presentado ninguna prueba contra ninguno de ellos. Solamente pirotecnia verbal, s\u00f3lo propaganda demag\u00f3gica que ha hecho que los juzgadores sean vistos por buena mayor\u00eda del pueblo de M\u00e9xico como lacras sociales.<\/p>\n<p>Ah, pero no nos hablan de las otras lacras sociales que est\u00e1n en el Senado, la C\u00e1mara de Diputados y los politicastros gobiern\u00edcolas que encabezan hoy la dictadura, dictadura que por cierto estar\u00eda a punto de ser sepultada en Cuba, pero de esto le hablar\u00e9 en cap\u00edtulo aparte.<\/p>\n<p><em><a href=\"mailto:info@agenciamn.com\" target=\"_blank\" rel=\"noopener noreferrer\">info@agenciamn.com<\/a><\/em><\/p>\n","protected":false},"excerpt":{"rendered":"<p><span style=\"color: #005497;\"><strong>Alberto Vieyra G.<\/strong><\/span><\/p>\n","protected":false},"author":3,"featured_media":0,"comment_status":"open","ping_status":"open","sticky":false,"template":"","format":"standard","meta":{"_monsterinsights_skip_tracking":false,"_monsterinsights_sitenote_active":false,"_monsterinsights_sitenote_note":"","_monsterinsights_sitenote_category":0,"footnotes":""},"categories":[4596],"tags":[43697,4597,43674],"class_list":["post-639127","post","type-post","status-publish","format-standard","hentry","category-alberto-vieyra-g","tag-alberto-vieyra-g","tag-de-pe-a-pa","tag-opinion"],"_links":{"self":[{"href":"https:\/\/www.diarioimagen.net\/index.php?rest_route=\/wp\/v2\/posts\/639127","targetHints":{"allow":["GET"]}}],"collection":[{"href":"https:\/\/www.diarioimagen.net\/index.php?rest_route=\/wp\/v2\/posts"}],"about":[{"href":"https:\/\/www.diarioimagen.net\/index.php?rest_route=\/wp\/v2\/types\/post"}],"author":[{"embeddable":true,"href":"https:\/\/www.diarioimagen.net\/index.php?rest_route=\/wp\/v2\/users\/3"}],"replies":[{"embeddable":true,"href":"https:\/\/www.diarioimagen.net\/index.php?rest_route=%2Fwp%2Fv2%2Fcomments&post=639127"}],"version-history":[{"count":0,"href":"https:\/\/www.diarioimagen.net\/index.php?rest_route=\/wp\/v2\/posts\/639127\/revisions"}],"wp:attachment":[{"href":"https:\/\/www.diarioimagen.net\/index.php?rest_route=%2Fwp%2Fv2%2Fmedia&parent=639127"}],"wp:term":[{"taxonomy":"category","embeddable":true,"href":"https:\/\/www.diarioimagen.net\/index.php?rest_route=%2Fwp%2Fv2%2Fcategories&post=639127"},{"taxonomy":"post_tag","embeddable":true,"href":"https:\/\/www.diarioimagen.net\/index.php?rest_route=%2Fwp%2Fv2%2Ftags&post=639127"}],"curies":[{"name":"wp","href":"https:\/\/api.w.org\/{rel}","templated":true}]}}