{"id":639129,"date":"2024-10-31T00:02:26","date_gmt":"2024-10-31T06:02:26","guid":{"rendered":"https:\/\/www.diarioimagen.net\/?p=639129"},"modified":"2024-10-31T23:45:17","modified_gmt":"2024-11-01T05:45:17","slug":"renuncias-de-pina-y-siete-ministros-las-de-la-dignidad-y-defensa-del-pjf","status":"publish","type":"post","link":"https:\/\/www.diarioimagen.net\/?p=639129","title":{"rendered":"Renuncias de Pi\u00f1a y siete ministros, las de la dignidad y defensa del PJF"},"content":{"rendered":"<h2>La Retaguardia<\/h2>\n<h5>Adriana Moreno Cordero<\/h5>\n<p>&nbsp;<\/p>\n<ul>\n<li><strong><em>Arturo Zald\u00edvar, Loretta Ortiz, Yasm\u00edn Esquivel y Lenia Batres, sumisi\u00f3n y oportunismo<\/em><\/strong><\/li>\n<\/ul>\n<p>&nbsp;<\/p>\n<p>Las renuncias de la dignidad, sin duda, esas son las que presentaron los ministros de la Suprema Corte de Justicia, incluida la ministra presidenta, <strong>Norma Pi\u00f1a Hern\u00e1ndez<\/strong>, porque no pueden prestarse al desacierto y la locura total que significa la oficialista y cuestionada reforma al Poder Judicial, espec\u00edficamente, en lo que tiene que ver con el absurdo y aberrante juego de la t\u00f3mbola, que es donde verdaderamente se elegir\u00e1n a jueces y magistrados, desde luego, afines a esta errada y llamada Cuarta Transformaci\u00f3n, ahora en su segundo piso-, por lo que el Comit\u00e9 de Evaluaci\u00f3n, que consta igualmente de personajes afines al oficialismo, no tendr\u00e1 nada que hacer, m\u00e1s a\u00fan si se considera que los candidatos a un lugar, ya est\u00e1n \u201cpalomeados\u201d ni m\u00e1s ni menos que desde Palacio Nacional y puede que hasta desde Palenque. \u00bfNo que ya se hab\u00eda acabado con esa pr\u00e1ctica?<\/p>\n<p>Al presentar su renuncia ayer, la ministra presidenta de la Corte especific\u00f3: \u201cEsta renuncia\u00a0no implica mi conformidad\u00a0con la separaci\u00f3n del cargo para el que fui designada originalmente hasta el 10 de diciembre de 2030, sino un acto de congruencia y respeto al texto constitucional que hoy nos rige\u201d.<\/p>\n<p>Una cuesti\u00f3n es digna de resaltar. El ministro <strong>Juan Luis Gonz\u00e1lez Alc\u00e1ntara<\/strong>, el encargado de haber presentado la propuesta para matizar y, digamos, ubicar esta delirante reforma al Poder Judicial, record\u00f3 que cuando el ex presidente de la SCJN, <strong>Arturo Zald\u00edvar,<\/strong> renunci\u00f3, se fue con la pensi\u00f3n m\u00e1s elevada, porque eso s\u00ed, Zald\u00edvar, muy af\u00edn y con la camisa guinda puesta, en ning\u00fan momento estuvo dispuesto a dejar sus haberes por el movimiento, para nada.<\/p>\n<p>Hay que recordar que el a\u00f1o pasado, el Senado de la Rep\u00fablica, por 63 votos a favor y 43 en contra, ni m\u00e1s ni menos que la renuncia de Zald\u00edvar Lelo de Larrea, a quien ya le se le \u201cquemaban las habas\u201d por irse a la 4T en su segundo piso.<\/p>\n<p>Para justificar la decisi\u00f3n de Zald\u00edvar, en el dictamen se argument\u00f3: \u201cUna correcta interpretaci\u00f3n del texto constitucional no puede llevar al absurdo de obligar a un individuo para permanecer en un cargo p\u00fablico\u201d.<\/p>\n<p>Indudablemente, el ex presidente de la Corte y fan n\u00famero uno de Taylor Sweett se fue para formar parte de la estrategia que deline\u00f3 <strong>Andr\u00e9s Manuel L\u00f3pez Obrador<\/strong> para irse con todo en contra del Poder Judicial y coronar \u2013v\u00eda la presidenta <strong>Claudia Sheinbaum<\/strong>&#8211; su venganza en contra de las voces de los ministros que est\u00e1n en contra de sus delirantes propuestas.<\/p>\n<p>Ah\u00ed est\u00e1n las palabras de la entonces senadora priista <strong>Nancy de la Sierra<\/strong> que dijo en la sesi\u00f3n de noviembre del a\u00f1o pasado:<\/p>\n<p>\u201cArturo Zald\u00edvar pasar\u00e1 a la historia por deshonrar a la m\u00e1xima aspiraci\u00f3n de todo jurista: servir a nuestro pa\u00eds, porque su renuncia fue para sumarse a un proyecto pol\u00edtico que ha dejado clara su decisi\u00f3n de destruir al Poder Judicial\u201d.<\/p>\n<p>Tales palabras parecieron premonitorias y casi un a\u00f1o despu\u00e9s, desafortunadamente se cumple el \u00faltimo deseo de L\u00f3pez Obrador y sus afines. Cuando se dio la renuncia de Arturo Zald\u00edvar, en cadenas internacionales se se\u00f1al\u00f3 que la renuncia de un ministro de la Suprema Corte es un hecho poco com\u00fan en M\u00e9xico. Los ministros son propuestos por los Presidentes de la Rep\u00fablica y ratificados por el Senado por un periodo de 15 a\u00f1os.<\/p>\n<p>En las \u00faltimas dos d\u00e9cadas, el \u00fanico otro caso fue el de <strong>Eduardo Medina Mora<\/strong>, quien dimiti\u00f3 en octubre de 2019.<\/p>\n<p>En este \u00faltimo caso es pertinente recordar que el caso de Medina Mora \u201cse cuece aparte\u201d y fue una de las primeras presiones de la errada y llamada Cuarta Transformaci\u00f3n que lo amenaz\u00f3 e intimid\u00f3 con sacar a la luz sendo expediente de dicho ex ministro.<\/p>\n<p>El d\u00eda que Medina Mora renunci\u00f3, por presiones a la Corte, se vinieron una serie de especulaciones; se consider\u00f3 un \u201cterremoto judicial\u201d por ser un hecho in\u00e9dito y qui\u00e9n lo dir\u00eda, por esas cosas de la vida, el entonces coordinador de Morena en el Senado de la Rep\u00fablica quien mediante un tweet despej\u00f3 las dudas al informar que L\u00f3pez Obrador hab\u00eda aceptado la renuncia de Medina Mora\u201d.<\/p>\n<p>Por todo lo expuesto anteriormente, se reitera las renuncias de: <strong>Margarita R\u00edos Farjat, Alfredo Guti\u00e9rrez Ortiz Mena, Juan Luis Gonz\u00e1lez Alc\u00e1ntara, Javier Laynes Potisek, Jorge Mario Pardo Rebolledo, Luis Mar\u00eda Aguilar<\/strong> y la presidenta del m\u00e1ximo Tribunal de la Naci\u00f3n, Norma Luc\u00eda Pi\u00f1a, son las de la dignidad y de quienes no est\u00e1n dispuestos a formar parte de una aberraci\u00f3n de tales proporciones como es la reforma al Poder Judicial de la t\u00f3mbola.<\/p>\n<p>Comentario aparte, las que se quedan, afines y serviles totalmente a esta errada y llamada Cuarta Transformaci\u00f3n en su segundo piso: <strong>Loretta Ortiz Alhf<\/strong>, la pirata <strong>Yasm\u00edn Esquivel<\/strong> y la llamada \u201cministra del pueblo\u201d, que es todo menos eso, <strong>Lenia Batres<\/strong>, son tan oportunistas; quieren la mayor tajada del pastel de la t\u00f3mbola y ahora s\u00f3lo falta esperar que acabe de iniciar la guerra entre estas tres distinguidas y sumisas morenistas. Al tiempo.<\/p>\n<p style=\"text-align: center;\"><strong>Municiones<\/strong><\/p>\n<p>*** El primer paquete presupuestal de la presidenta Claudia Sheinbaum Pardo debi\u00f3 haberse presentado en la C\u00e1mara de Diputados el 15 de octubre y a la fecha no lo han hecho. Especialistas consideran que eso podr\u00eda generar una crisis -como si a M\u00e9xico le hiciera falta una m\u00e1s- econ\u00f3mica, pero no parecen enterarse de esto. Por eso, m\u00e1s que oportuno resulta que el Grupo Parlamentario del PRI, que coordina el diputado <strong>Rub\u00e9n Moreira Valdez<\/strong>, inform\u00f3 que lanz\u00f3 la Consulta Nacional: Presupuesto 2025, la cual arranc\u00f3 el 29 de octubre y concluir\u00e1 el 15 de noviembre, como un ejercicio para que las y los ciudadanos participen en la distribuci\u00f3n del presupuesto.\u00a0Por iniciativa de la dirigencia nacional encabezada por <strong>Alejandro Moreno<\/strong> y <strong>Carolina Viggiano<\/strong>, las y los mexicanos podr\u00e1n hacer sus propuestas para el gasto p\u00fablico del pr\u00f3ximo a\u00f1o, a trav\u00e9s de la p\u00e1gina web https:\/\/pri.org.mx\/ConsultaPEF2025. Moreira Valdez detall\u00f3 que a partir del pr\u00f3ximo lunes los comit\u00e9s directivos estatales y municipales del PRI en todo el pa\u00eds presentar\u00e1n este proyecto, el cual tiene como objetivo que la ciudadan\u00eda participe y comparta sus necesidades, para llevarlas a la discusi\u00f3n del Presupuesto de Egresos de la Federaci\u00f3n (PEF) que se realizar\u00e1 en C\u00e1mara de Diputados a partir del 15 de noviembre. El coordinador parlamentario del tricolor adelant\u00f3 que se presentar\u00e1 un proyecto de presupuesto alterno, por el 19 o\u00a0 21 de noviembre, en el marco del an\u00e1lisis del Paquete Econ\u00f3mico para 2025 planteado por el Ejecutivo.<\/p>\n<p><u><a href=\"mailto:morcora@gmail.com\" target=\"_blank\" rel=\"noopener noreferrer\"><em>morcora@gmail.com<\/em><\/a><\/u><\/p>\n","protected":false},"excerpt":{"rendered":"<p><span style=\"color: #005497;\"><strong>Adriana Moreno Cordero<\/strong><\/span><\/p>\n","protected":false},"author":3,"featured_media":0,"comment_status":"open","ping_status":"open","sticky":false,"template":"","format":"standard","meta":{"_monsterinsights_skip_tracking":false,"_monsterinsights_sitenote_active":false,"_monsterinsights_sitenote_note":"","_monsterinsights_sitenote_category":0,"footnotes":""},"categories":[69370],"tags":[],"class_list":["post-639129","post","type-post","status-publish","format-standard","hentry","category-adriana-moreno-cordero"],"_links":{"self":[{"href":"https:\/\/www.diarioimagen.net\/index.php?rest_route=\/wp\/v2\/posts\/639129","targetHints":{"allow":["GET"]}}],"collection":[{"href":"https:\/\/www.diarioimagen.net\/index.php?rest_route=\/wp\/v2\/posts"}],"about":[{"href":"https:\/\/www.diarioimagen.net\/index.php?rest_route=\/wp\/v2\/types\/post"}],"author":[{"embeddable":true,"href":"https:\/\/www.diarioimagen.net\/index.php?rest_route=\/wp\/v2\/users\/3"}],"replies":[{"embeddable":true,"href":"https:\/\/www.diarioimagen.net\/index.php?rest_route=%2Fwp%2Fv2%2Fcomments&post=639129"}],"version-history":[{"count":0,"href":"https:\/\/www.diarioimagen.net\/index.php?rest_route=\/wp\/v2\/posts\/639129\/revisions"}],"wp:attachment":[{"href":"https:\/\/www.diarioimagen.net\/index.php?rest_route=%2Fwp%2Fv2%2Fmedia&parent=639129"}],"wp:term":[{"taxonomy":"category","embeddable":true,"href":"https:\/\/www.diarioimagen.net\/index.php?rest_route=%2Fwp%2Fv2%2Fcategories&post=639129"},{"taxonomy":"post_tag","embeddable":true,"href":"https:\/\/www.diarioimagen.net\/index.php?rest_route=%2Fwp%2Fv2%2Ftags&post=639129"}],"curies":[{"name":"wp","href":"https:\/\/api.w.org\/{rel}","templated":true}]}}