{"id":639133,"date":"2024-10-31T00:13:26","date_gmt":"2024-10-31T06:13:26","guid":{"rendered":"https:\/\/www.diarioimagen.net\/?p=639133"},"modified":"2024-10-31T00:55:51","modified_gmt":"2024-10-31T06:55:51","slug":"renacimiento","status":"publish","type":"post","link":"https:\/\/www.diarioimagen.net\/?p=639133","title":{"rendered":"Renacimiento"},"content":{"rendered":"<h2>Se comenta s\u00f3lo con\u2026<\/h2>\n<h5>Carlos Ramos Padilla<\/h5>\n<p>&nbsp;<\/p>\n<p>Acapulco vuelve a mostrar su decidida capacidad de recuperaci\u00f3n. Su gente es ejemplo de determinaci\u00f3n y agallas. Dos golpes dur\u00edsimos de la naturaleza (\u201cOtis\u201d y \u201cJohn\u201d) y resulta admirable su disposici\u00f3n a la recuperaci\u00f3n. El gobierno estatal intensifica la promoci\u00f3n de Acapulco con el prop\u00f3sito de colocarlo como un destino esencial para el\u00a0 turismo de negocios y convenciones.<\/p>\n<p>La agenda que ha dado a conocer la gobernadora Evelyn Salgado contempla para este pr\u00f3ximo mes de noviembre, congresos de impacto internacional: del 3 al 7 ser\u00e1 sede del 72 Congreso Mexicano de Ginecolog\u00eda y Obstetricia; del 5 al 8 se celebrar\u00e1 el Congreso Nacional de Tanatolog\u00eda y del 10 al 13 el Congreso Nacional de Ciencias Farmac\u00e9uticas, mientras que del 20 al 23 se realizar\u00e1 el XLII Congreso Nacional de la Asociaci\u00f3n Mexicana de M\u00e9dicos Veterinarios, para cerrar del 24 al 29 con el XLVIII Congreso Internacional de Cirug\u00eda General.<\/p>\n<p>Sin duda, esto atraer\u00e1 importantes inversiones que se inyectar\u00e1n directamente para la recuperaci\u00f3n, remodelaci\u00f3n y mantenimiento del puerto. Adicional, el gobierno de Guerrero contempla una intensa actividad cultural y deportiva con una importante derrama econ\u00f3mica.<\/p>\n<p>Pero la energ\u00eda empe\u00f1ada no s\u00f3lo destaca en impulsar a Acapulco, sino en auxiliar a las zonas impactadas por los meteoros en la serran\u00eda. La revisi\u00f3n de la infraestructura, la reconstrucci\u00f3n de \u00e1reas devastadas, la limpieza de caminos y carreteras, el suministro de agua y energ\u00eda el\u00e9ctrica, los apoyos en salud y educaci\u00f3n, todo esto representa un ejercicio de coordinaci\u00f3n interinstitucional de envergadura.<\/p>\n<p>Pero insisto, la fuerza vista por los pobladores nos muestra una dignidad ejemplar. Ante la p\u00e9rdida del patrimonio, el trabajo, la escuela, construyen la cimentaci\u00f3n de un nuevo Acapulco. Desde hace 15 a\u00f1os en el puerto han ocurrido procesos de deterioro del medio ambiente urbano y rural que han comprometido su consistencia tur\u00edstica y ha impactado irremediablemente en la calidad de vida de la poblaci\u00f3n. Se han formado tiraderos a cielo abierto, descargas de aguas residuales a la bah\u00eda, residuos de manejo especial no controlados como tales, humo en el ambiente por quema de basura en lotes clandestinos, escasez de agua para consumo humano son tareas a las que se est\u00e1 atacando de manera frontal.<\/p>\n<p>En temporadas vacacionales, la poblaci\u00f3n flotante podr\u00eda oscilar entre 400 mil y 600 mil personas. Esto significa que Guerrero de cada peso que se genera por turismo 83 centavos los aporta Acapulco. El gobierno federal informa que se han invertido 6,659 millones de pesos en la entidad, de los cuales casi 3,000 se han destinado a ayudas directas de las familias de la ciudad costera.<\/p>\n<p>\u201cJohn\u201d ingres\u00f3 a Guerrero como hurac\u00e1n de categor\u00eda 3 el 23 de septiembre. Entr\u00f3 por Marquelia, en la Costa Chica, a dos horas de Acapulco. Durante cuatro d\u00edas, hasta el 27 de septiembre, la estaci\u00f3n meteorol\u00f3gica de Acapulco registr\u00f3 el 80% del agua que recibe normalmente en un a\u00f1o. Se inundaron 40,000 casas y se tuvo que rescatar a unos 10,000 vecinos. As\u00ed de fuerte fue el impacto. Este cierre de a\u00f1o se espera la bonanza vacacional y un nuevo respiro para este nuevo renacimiento.<\/p>\n<p><a href=\"https:\/\/twitter.com\/cramospadilla?ref_src=twsrc%5Egoogle%7Ctwcamp%5Eserp%7Ctwgr%5Eauthor\" target=\"_blank\" rel=\"noopener\"><em>@cramospadilla<\/em><\/a><\/p>\n","protected":false},"excerpt":{"rendered":"<p><span style=\"color: #005497;\"><strong>Carlos Ramos Padilla<\/strong><\/span><\/p>\n","protected":false},"author":3,"featured_media":0,"comment_status":"open","ping_status":"open","sticky":false,"template":"","format":"standard","meta":{"_monsterinsights_skip_tracking":false,"_monsterinsights_sitenote_active":false,"_monsterinsights_sitenote_note":"","_monsterinsights_sitenote_category":0,"footnotes":""},"categories":[97109],"tags":[97108,43674,97107],"class_list":["post-639133","post","type-post","status-publish","format-standard","hentry","category-carlos-ramos-padilla","tag-carlos-ramos-padilla","tag-opinion","tag-se-comenta-solo-con"],"_links":{"self":[{"href":"https:\/\/www.diarioimagen.net\/index.php?rest_route=\/wp\/v2\/posts\/639133","targetHints":{"allow":["GET"]}}],"collection":[{"href":"https:\/\/www.diarioimagen.net\/index.php?rest_route=\/wp\/v2\/posts"}],"about":[{"href":"https:\/\/www.diarioimagen.net\/index.php?rest_route=\/wp\/v2\/types\/post"}],"author":[{"embeddable":true,"href":"https:\/\/www.diarioimagen.net\/index.php?rest_route=\/wp\/v2\/users\/3"}],"replies":[{"embeddable":true,"href":"https:\/\/www.diarioimagen.net\/index.php?rest_route=%2Fwp%2Fv2%2Fcomments&post=639133"}],"version-history":[{"count":0,"href":"https:\/\/www.diarioimagen.net\/index.php?rest_route=\/wp\/v2\/posts\/639133\/revisions"}],"wp:attachment":[{"href":"https:\/\/www.diarioimagen.net\/index.php?rest_route=%2Fwp%2Fv2%2Fmedia&parent=639133"}],"wp:term":[{"taxonomy":"category","embeddable":true,"href":"https:\/\/www.diarioimagen.net\/index.php?rest_route=%2Fwp%2Fv2%2Fcategories&post=639133"},{"taxonomy":"post_tag","embeddable":true,"href":"https:\/\/www.diarioimagen.net\/index.php?rest_route=%2Fwp%2Fv2%2Ftags&post=639133"}],"curies":[{"name":"wp","href":"https:\/\/api.w.org\/{rel}","templated":true}]}}