{"id":639152,"date":"2024-10-31T00:06:55","date_gmt":"2024-10-31T06:06:55","guid":{"rendered":"https:\/\/www.diarioimagen.net\/?p=639152"},"modified":"2024-10-31T01:18:11","modified_gmt":"2024-10-31T07:18:11","slug":"empleo-y-recaudacion","status":"publish","type":"post","link":"https:\/\/www.diarioimagen.net\/?p=639152","title":{"rendered":"Empleo y recaudaci\u00f3n"},"content":{"rendered":"<h2>Aunque pese<\/h2>\n<h5>Salvador Mart\u00ednez Garc\u00eda<\/h5>\n<p>&nbsp;<\/p>\n<p>Mientras la tasa de desocupaci\u00f3n en M\u00e9xico, que logr\u00f3 estar a 2.5 por ciento, repunta hasta el 2.9 por ciento en julio pasado, el empleo informal tambi\u00e9n ha repuntado.<\/p>\n<p>Esto no s\u00f3lo significa que se afecta a la poblaci\u00f3n laboral informal por no contar con seguridad social ni protecci\u00f3n legal e institucional, sino tambi\u00e9n que genera una p\u00e9rdida en la captaci\u00f3n fiscal.<\/p>\n<p>En un estudio, la Oxfam M\u00e9xico se advierte que si se lograra formalizar en sus empleos al menos al 54.3 por ciento de la poblaci\u00f3n trabajadora el pa\u00eds podr\u00eda crecer en la recaudaci\u00f3n tributaria hasta el uno por ciento del Producto Interno Bruto, que mucho ayudar\u00eda a enfrentar el d\u00e9ficit creciente en el presupuesto federal.<\/p>\n<p>Se precisa que el promedio laboral interno en empleo formal fue, al primer trimestre del a\u00f1o, de 13 mil 11 pesos mensuales, mientras que el ingreso del trabajador informal fue de s\u00f3lo de 6 mil 924 pesos promedio, esto es 46 por ciento m\u00e1s bajo.<\/p>\n<p>Esto se refleja tambi\u00e9n en un menor ingreso fiscal por concepto del impuesto sobre la renta, por lo que el gobierno entrante de la presidenta Claudia Sheinbaum deber\u00eda hacer un programa especial para incrementar el empleo formal que beneficiar\u00eda de igual manera al trabajador y al fisco.<\/p>\n<p>Hay nichos de oportunidad para lograr incrementar el trabajo formal en los que se puede trabajar con pol\u00edticas p\u00fablicas para fortalecer la inspecci\u00f3n laboral, crear un seguro de desempleo y aumentar las contribuciones a la seguridad social, a la que M\u00e9xico destina s\u00f3lo el 2.4 por ciento del PIB, mientras que el promedio de la OCDE es de 9.1 por ciento.<\/p>\n<p style=\"text-align: center;\"><strong>Susurros<\/strong><\/p>\n<p>La alta volatilidad en el tipo de cambio peso-d\u00f3lar, que ya logr\u00f3 romper el techo de los 20 pesos por unidad verde, se mantendr\u00e1 por lo menos hasta la pr\u00f3xima semana.<\/p>\n<p>Claro es que las fluctuaciones presentes se derivan de la incertidumbre generada por los comicios presidenciales en Estados Unidos, donde no hay pron\u00f3sticos sobre qui\u00e9n triunfar\u00e1 en las elecciones: Kamala Harris o Donald Trump.<\/p>\n<p>Se espera que nuestra moneda pueda recuperar terreno al conocerse el resultado electoral, pero hasta el momento la especulaci\u00f3n ser\u00e1 la constante en los pr\u00f3ximos d\u00edas, en los que el peso podr\u00e1 mantenerse como una de las monedas m\u00e1s depreciadas frente al d\u00f3lar.<\/p>\n<p>Otro factor influyente en las variaciones cambiarias es la tasa de inter\u00e9s de la Reserva Federal de Estados Unidos, que podr\u00eda disminuir un cuarto de punto con una r\u00e9plica en el Banco de M\u00e9xico, ac\u00e1. Veremos.<\/p>\n<p><a href=\"mailto:salvadormartinez@visionmx.com\" target=\"_blank\" rel=\"noopener\"><em>salvadormartinez@visionmx.com<\/em><\/a><br \/>\n<strong>X<em>:<\/em><\/strong><a href=\"https:\/\/twitter.com\/salvador_mtz?lang=es\" target=\"_blank\" rel=\"noopener\"><em> @salvador_mtz<\/em><\/a><\/p>\n","protected":false},"excerpt":{"rendered":"<p><span style=\"color: #005497;\"><strong>Salvador Mart\u00ednez Garc\u00eda<\/strong><\/span><\/p>\n","protected":false},"author":3,"featured_media":0,"comment_status":"open","ping_status":"open","sticky":false,"template":"","format":"standard","meta":{"_monsterinsights_skip_tracking":false,"_monsterinsights_sitenote_active":false,"_monsterinsights_sitenote_note":"","_monsterinsights_sitenote_category":0,"footnotes":""},"categories":[96743],"tags":[96744,43674,96745],"class_list":["post-639152","post","type-post","status-publish","format-standard","hentry","category-salvador-martinez-garcia","tag-aunque-pese","tag-opinion","tag-salvador-martinez-garcia"],"_links":{"self":[{"href":"https:\/\/www.diarioimagen.net\/index.php?rest_route=\/wp\/v2\/posts\/639152","targetHints":{"allow":["GET"]}}],"collection":[{"href":"https:\/\/www.diarioimagen.net\/index.php?rest_route=\/wp\/v2\/posts"}],"about":[{"href":"https:\/\/www.diarioimagen.net\/index.php?rest_route=\/wp\/v2\/types\/post"}],"author":[{"embeddable":true,"href":"https:\/\/www.diarioimagen.net\/index.php?rest_route=\/wp\/v2\/users\/3"}],"replies":[{"embeddable":true,"href":"https:\/\/www.diarioimagen.net\/index.php?rest_route=%2Fwp%2Fv2%2Fcomments&post=639152"}],"version-history":[{"count":0,"href":"https:\/\/www.diarioimagen.net\/index.php?rest_route=\/wp\/v2\/posts\/639152\/revisions"}],"wp:attachment":[{"href":"https:\/\/www.diarioimagen.net\/index.php?rest_route=%2Fwp%2Fv2%2Fmedia&parent=639152"}],"wp:term":[{"taxonomy":"category","embeddable":true,"href":"https:\/\/www.diarioimagen.net\/index.php?rest_route=%2Fwp%2Fv2%2Fcategories&post=639152"},{"taxonomy":"post_tag","embeddable":true,"href":"https:\/\/www.diarioimagen.net\/index.php?rest_route=%2Fwp%2Fv2%2Ftags&post=639152"}],"curies":[{"name":"wp","href":"https:\/\/api.w.org\/{rel}","templated":true}]}}