{"id":639245,"date":"2024-11-01T00:05:19","date_gmt":"2024-11-01T06:05:19","guid":{"rendered":"https:\/\/www.diarioimagen.net\/?p=639245"},"modified":"2024-11-03T22:52:22","modified_gmt":"2024-11-04T04:52:22","slug":"avanza-estrategia-para-el-abasto-de-agua-en-el-centro-del-pais","status":"publish","type":"post","link":"https:\/\/www.diarioimagen.net\/?p=639245","title":{"rendered":"Avanza estrategia para el abasto de agua en el centro del pa\u00eds"},"content":{"rendered":"<p>&nbsp;<\/p>\n<ul>\n<li><em><strong>Coordinaci\u00f3n entre gobierno federal, Edomex, CDMX e Hidalgo<\/strong><\/em><\/li>\n<\/ul>\n<p>&nbsp;<\/p>\n<div id=\"attachment_639363\" style=\"width: 470px\" class=\"wp-caption aligncenter\"><a href=\"https:\/\/www.diarioimagen.net\/?attachment_id=639363\" rel=\"attachment wp-att-639363\"><img loading=\"lazy\" decoding=\"async\" aria-describedby=\"caption-attachment-639363\" class=\"size-full wp-image-639363\" src=\"https:\/\/www.diarioimagen.net\/wp-content\/uploads\/2024\/11\/avanza-estrategia-abasto-agua.jpg\" alt=\"\" width=\"460\" height=\"270\" srcset=\"https:\/\/www.diarioimagen.net\/wp-content\/uploads\/2024\/11\/avanza-estrategia-abasto-agua.jpg 460w, https:\/\/www.diarioimagen.net\/wp-content\/uploads\/2024\/11\/avanza-estrategia-abasto-agua-240x141.jpg 240w\" sizes=\"auto, (max-width: 460px) 100vw, 460px\" \/><\/a><p id=\"caption-attachment-639363\" class=\"wp-caption-text\">Destaca la presidenta Claudia Sheinbaum Pardo el trabajo coordinado con los mandatarios de Estado de M\u00e9xico, CDMX e Hidalgo para la transformaci\u00f3n y el bienestar de los habitantes.<\/p><\/div>\n<p>&nbsp;<\/p>\n<p><strong>Ciudad de M\u00e9xico.\u2014<\/strong> Durante la Conferencia ma\u00f1anera del pueblo, la presidenta Claudia Sheinbaum Pardo dio a conocer una reuni\u00f3n de trabajo con la gobernadora del Estado de M\u00e9xico, Delfina G\u00f3mez \u00c1lvarez; la Jefa de Gobierno de la CDMX, Clara Brugada Molina y el gobernador de Hidalgo, Julio Menchaca Salazar, como parte de los trabajos para las alternativas que permitan garantizar el abasto de agua a la regi\u00f3n centro del pa\u00eds.<\/p>\n<p>\u201cCon la Presidenta de M\u00e9xico, la Doctora <em>@Claudiashein<\/em>, la Jefa de Gobierno, <em>@ClaraBrugadaM<\/em>, y el Gobernador de Hidalgo, <em>@juliomenchaca_<\/em>, trabajamos en equipo por la transformaci\u00f3n y el bienestar de la zona centro\u201d, coment\u00f3 la gobernadora Delfina G\u00f3mez \u00c1lvarez en sus redes sociales.<\/p>\n","protected":false},"excerpt":{"rendered":"<p>Durante la Conferencia ma\u00f1anera del pueblo, la presidenta Claudia Sheinbaum Pardo dio a conocer una reuni\u00f3n de trabajo con la gobernadora del Estado de M\u00e9xico, Delfina G\u00f3mez \u00c1lvarez; la Jefa de Gobierno de la CDMX, Clara Brugada Molina y el gobernador de Hidalgo, Julio Menchaca Salazar, como parte de los trabajos para las alternativas que permitan garantizar el abasto de agua a la regi\u00f3n centro del pa\u00eds.<\/p>\n","protected":false},"author":3,"featured_media":639363,"comment_status":"open","ping_status":"open","sticky":false,"template":"","format":"standard","meta":{"_monsterinsights_skip_tracking":false,"_monsterinsights_sitenote_active":false,"_monsterinsights_sitenote_note":"","_monsterinsights_sitenote_category":0,"footnotes":""},"categories":[5,99730],"tags":[34444,101144,43675,42],"class_list":["post-639245","post","type-post","status-publish","format-standard","has-post-thumbnail","hentry","category-estado-de-mexico","category-edomex","tag-cdmx","tag-destaca-trabajo","tag-estado-de-mexico","tag-hidalgo"],"_links":{"self":[{"href":"https:\/\/www.diarioimagen.net\/index.php?rest_route=\/wp\/v2\/posts\/639245","targetHints":{"allow":["GET"]}}],"collection":[{"href":"https:\/\/www.diarioimagen.net\/index.php?rest_route=\/wp\/v2\/posts"}],"about":[{"href":"https:\/\/www.diarioimagen.net\/index.php?rest_route=\/wp\/v2\/types\/post"}],"author":[{"embeddable":true,"href":"https:\/\/www.diarioimagen.net\/index.php?rest_route=\/wp\/v2\/users\/3"}],"replies":[{"embeddable":true,"href":"https:\/\/www.diarioimagen.net\/index.php?rest_route=%2Fwp%2Fv2%2Fcomments&post=639245"}],"version-history":[{"count":0,"href":"https:\/\/www.diarioimagen.net\/index.php?rest_route=\/wp\/v2\/posts\/639245\/revisions"}],"wp:featuredmedia":[{"embeddable":true,"href":"https:\/\/www.diarioimagen.net\/index.php?rest_route=\/wp\/v2\/media\/639363"}],"wp:attachment":[{"href":"https:\/\/www.diarioimagen.net\/index.php?rest_route=%2Fwp%2Fv2%2Fmedia&parent=639245"}],"wp:term":[{"taxonomy":"category","embeddable":true,"href":"https:\/\/www.diarioimagen.net\/index.php?rest_route=%2Fwp%2Fv2%2Fcategories&post=639245"},{"taxonomy":"post_tag","embeddable":true,"href":"https:\/\/www.diarioimagen.net\/index.php?rest_route=%2Fwp%2Fv2%2Ftags&post=639245"}],"curies":[{"name":"wp","href":"https:\/\/api.w.org\/{rel}","templated":true}]}}