{"id":639247,"date":"2024-11-01T00:01:42","date_gmt":"2024-11-01T06:01:42","guid":{"rendered":"https:\/\/www.diarioimagen.net\/?p=639247"},"modified":"2024-11-01T01:04:26","modified_gmt":"2024-11-01T07:04:26","slug":"el-pan-debe-ser-liderado-por-quien-promueva-la-unidad-ursula-cortes-fernandez","status":"publish","type":"post","link":"https:\/\/www.diarioimagen.net\/?p=639247","title":{"rendered":"El PAN debe ser liderado por quien\u00a0promueva la unidad: \u00darsula\u00a0Cort\u00e9s\u00a0Fern\u00e1ndez"},"content":{"rendered":"<p>&nbsp;<\/p>\n<ul>\n<li><em><strong>Renovaci\u00f3n de la dirigencia nacional<\/strong><\/em><\/li>\n<\/ul>\n<p><strong>\u00a0<\/strong><\/p>\n<h6>Arturo Baena<\/h6>\n<p>&nbsp;<\/p>\n<div id=\"attachment_639366\" style=\"width: 470px\" class=\"wp-caption aligncenter\"><a href=\"https:\/\/www.diarioimagen.net\/?attachment_id=639366\" rel=\"attachment wp-att-639366\"><img loading=\"lazy\" decoding=\"async\" aria-describedby=\"caption-attachment-639366\" class=\"size-full wp-image-639366\" src=\"https:\/\/www.diarioimagen.net\/wp-content\/uploads\/2024\/11\/el-pan-debe-ser-liderado.jpg\" alt=\"\" width=\"460\" height=\"270\" srcset=\"https:\/\/www.diarioimagen.net\/wp-content\/uploads\/2024\/11\/el-pan-debe-ser-liderado.jpg 460w, https:\/\/www.diarioimagen.net\/wp-content\/uploads\/2024\/11\/el-pan-debe-ser-liderado-240x141.jpg 240w\" sizes=\"auto, (max-width: 460px) 100vw, 460px\" \/><\/a><p id=\"caption-attachment-639366\" class=\"wp-caption-text\">La regidora \u00darsula Cort\u00e9s Fern\u00e1ndez afirm\u00f3 que \u201cel PAN debe ser un partido que proponga una agenda s\u00f3lida y act\u00fae como una oposici\u00f3n responsable\u201d.<\/p><\/div>\n<p>&nbsp;<\/p>\n<p><strong>Naucalpan, Estado de M\u00e9xico.\u2014<\/strong> \u201cA solo unos d\u00edas de la renovaci\u00f3n de la dirigencia nacional de nuestro partido,\u00a0 necesitamos que Acci\u00f3n Nacional, sea liderado por alguien que promueva la unidad, comprenda que el centro es nuestra doctrina y sigamos en esa misma ruta\u201d.<\/p>\n<p>As\u00ed lo expres\u00f3 en entrevista, la regidora \u00darsula Cort\u00e9s Fern\u00e1ndez, luego de destacar que \u201cel PAN debe ser un partido que proponga una agenda s\u00f3lida y act\u00fae como una oposici\u00f3n responsable\u201d.<\/p>\n<p>Por otra parte, la tambi\u00e9n luchadora\u00a0 social, record\u00f3 que, \u201cantes que cualquier otra cosa, el Partido Acci\u00f3n Nacional debe priorizar la unidad, la inclusi\u00f3n, la autocr\u00edtica y demostrar que somos una alternativa real de gobierno, tener contacto permanente con los ciudadanos\u201d, reiter\u00f3. \u00darsula Cort\u00e9s record\u00f3 que Acci\u00f3n Nacional ha demostrado que la unidad hace a ese instituto pol\u00edtico m\u00e1s fuerte y competitivo y quien gane la dirigencia nacional debe demostrar su competitividad.<\/p>\n<p>\u201cSabemos que en equipo se llega m\u00e1s lejos y los desaf\u00edos actuales exigen sumar esfuerzos y voluntades, y eso es lo que hemos y seguiremos realizando\u201d, abund\u00f3<\/p>\n<p>Finalmente, la representante popular puntualiz\u00f3 que el pr\u00f3ximo domingo 10 de noviembre, ser\u00e1 una fiesta democr\u00e1tica al interior del PAN.<\/p>\n","protected":false},"excerpt":{"rendered":"<p>\u201cA solo unos d\u00edas de la renovaci\u00f3n de la dirigencia nacional de nuestro partido,\u00a0 necesitamos que Acci\u00f3n Nacional, sea liderado por alguien que promueva la unidad, comprenda que el centro es nuestra doctrina y sigamos en esa misma ruta\u201d.<\/p>\n","protected":false},"author":3,"featured_media":639366,"comment_status":"open","ping_status":"open","sticky":false,"template":"","format":"standard","meta":{"_monsterinsights_skip_tracking":false,"_monsterinsights_sitenote_active":false,"_monsterinsights_sitenote_note":"","_monsterinsights_sitenote_category":0,"footnotes":""},"categories":[5],"tags":[91,2996,95006],"class_list":["post-639247","post","type-post","status-publish","format-standard","has-post-thumbnail","hentry","category-estado-de-mexico","tag-pan","tag-unidad","tag-ursula-cortes-fernandez"],"_links":{"self":[{"href":"https:\/\/www.diarioimagen.net\/index.php?rest_route=\/wp\/v2\/posts\/639247","targetHints":{"allow":["GET"]}}],"collection":[{"href":"https:\/\/www.diarioimagen.net\/index.php?rest_route=\/wp\/v2\/posts"}],"about":[{"href":"https:\/\/www.diarioimagen.net\/index.php?rest_route=\/wp\/v2\/types\/post"}],"author":[{"embeddable":true,"href":"https:\/\/www.diarioimagen.net\/index.php?rest_route=\/wp\/v2\/users\/3"}],"replies":[{"embeddable":true,"href":"https:\/\/www.diarioimagen.net\/index.php?rest_route=%2Fwp%2Fv2%2Fcomments&post=639247"}],"version-history":[{"count":0,"href":"https:\/\/www.diarioimagen.net\/index.php?rest_route=\/wp\/v2\/posts\/639247\/revisions"}],"wp:featuredmedia":[{"embeddable":true,"href":"https:\/\/www.diarioimagen.net\/index.php?rest_route=\/wp\/v2\/media\/639366"}],"wp:attachment":[{"href":"https:\/\/www.diarioimagen.net\/index.php?rest_route=%2Fwp%2Fv2%2Fmedia&parent=639247"}],"wp:term":[{"taxonomy":"category","embeddable":true,"href":"https:\/\/www.diarioimagen.net\/index.php?rest_route=%2Fwp%2Fv2%2Fcategories&post=639247"},{"taxonomy":"post_tag","embeddable":true,"href":"https:\/\/www.diarioimagen.net\/index.php?rest_route=%2Fwp%2Fv2%2Ftags&post=639247"}],"curies":[{"name":"wp","href":"https:\/\/api.w.org\/{rel}","templated":true}]}}