{"id":639251,"date":"2024-11-01T00:02:12","date_gmt":"2024-11-01T06:02:12","guid":{"rendered":"https:\/\/www.diarioimagen.net\/?p=639251"},"modified":"2024-11-01T01:02:32","modified_gmt":"2024-11-01T07:02:32","slug":"un-compromiso-el-apoyo-a-las-tradiciones-david-parra-sanchez","status":"publish","type":"post","link":"https:\/\/www.diarioimagen.net\/?p=639251","title":{"rendered":"Un compromiso, el apoyo a las tradiciones: David Parra S\u00e1nchez"},"content":{"rendered":"<p>&nbsp;<\/p>\n<ul>\n<li><em><strong>Agradecimiento de la ciudadan\u00eda<\/strong><\/em><\/li>\n<\/ul>\n<p>&nbsp;<\/p>\n<div id=\"attachment_639370\" style=\"width: 470px\" class=\"wp-caption aligncenter\"><a href=\"https:\/\/www.diarioimagen.net\/?attachment_id=639370\" rel=\"attachment wp-att-639370\"><img loading=\"lazy\" decoding=\"async\" aria-describedby=\"caption-attachment-639370\" class=\"size-full wp-image-639370\" src=\"https:\/\/www.diarioimagen.net\/wp-content\/uploads\/2024\/11\/un-compromiso-el-apoyo.jpg\" alt=\"\" width=\"460\" height=\"270\" srcset=\"https:\/\/www.diarioimagen.net\/wp-content\/uploads\/2024\/11\/un-compromiso-el-apoyo.jpg 460w, https:\/\/www.diarioimagen.net\/wp-content\/uploads\/2024\/11\/un-compromiso-el-apoyo-240x141.jpg 240w\" sizes=\"auto, (max-width: 460px) 100vw, 460px\" \/><\/a><p id=\"caption-attachment-639370\" class=\"wp-caption-text\">David Parra S\u00e1nchez y Carlos Corona Vald\u00e9s, dirigente del PRI en Naucalpan, atendieron las peticiones de presidentes de los Consejos de Participaci\u00f3n Ciudadana con funciones de lucha libre.<\/p><\/div>\n<p>&nbsp;<\/p>\n<p><strong>Naucalpan, Estado de M\u00e9xico.\u2014<\/strong> \u201cSiempre estaremos atentos y apoyando, la cultura, el deporte y por supuesto, no pod\u00edan faltar nuestras tradiciones y festividades cat\u00f3licas, como son las de San Judas Tadeo y el Se\u00f1or de Arar\u00f3, devociones muy queridas en nuestro municipio\u201d.<\/p>\n<p>As\u00ed lo expres\u00f3 el ex diputado y luchador social, David Parra S\u00e1nchez, quien, en conjunto con Carlos Corona Vald\u00e9s, dirigente municipal del PRI, atendi\u00f3 las peticiones de presidentes de los Consejos de Participaci\u00f3n Ciudadana (Copacis) del municipio con funciones de lucha libre.<\/p>\n<p>Fue as\u00ed que, en las colonias de Alce Blanco y Capul\u00edn Soledad, se realizaron estos magnos eventos, en donde las familias naucalpenses pidieron disfrutar de estos eventos deportivos.<\/p>\n<p>Julio C\u00e9sar Garc\u00eda Silva y Julio V\u00e1zquez, autoridades auxiliares de esas colonias, agradecieron el apoyo y solidaridad recibida de Parra S\u00e1nchez y Cirona Vald\u00e9s. \u201cNuestro compromiso con las tradiciones y costumbres son, sin duda alguna, el\u00a0 ayudar a fortalecer la identidad cultural y la cohesi\u00f3n social de nuestro municipio y en ello no daremos ni un paso atr\u00e1s\u201d, dijo David Parra.<\/p>\n","protected":false},"excerpt":{"rendered":"<p>\u201cSiempre estaremos atentos y apoyando, la cultura, el deporte y por supuesto, no pod\u00edan faltar nuestras tradiciones y festividades cat\u00f3licas, como son las de San Judas Tadeo y el Se\u00f1or de Arar\u00f3, devociones muy queridas en nuestro municipio\u201d.<\/p>\n","protected":false},"author":3,"featured_media":639370,"comment_status":"open","ping_status":"open","sticky":false,"template":"","format":"standard","meta":{"_monsterinsights_skip_tracking":false,"_monsterinsights_sitenote_active":false,"_monsterinsights_sitenote_note":"","_monsterinsights_sitenote_category":0,"footnotes":""},"categories":[5],"tags":[15135,29035,43675,970],"class_list":["post-639251","post","type-post","status-publish","format-standard","has-post-thumbnail","hentry","category-estado-de-mexico","tag-compromiso","tag-david-parra-sanchez","tag-estado-de-mexico","tag-naucalpan"],"_links":{"self":[{"href":"https:\/\/www.diarioimagen.net\/index.php?rest_route=\/wp\/v2\/posts\/639251","targetHints":{"allow":["GET"]}}],"collection":[{"href":"https:\/\/www.diarioimagen.net\/index.php?rest_route=\/wp\/v2\/posts"}],"about":[{"href":"https:\/\/www.diarioimagen.net\/index.php?rest_route=\/wp\/v2\/types\/post"}],"author":[{"embeddable":true,"href":"https:\/\/www.diarioimagen.net\/index.php?rest_route=\/wp\/v2\/users\/3"}],"replies":[{"embeddable":true,"href":"https:\/\/www.diarioimagen.net\/index.php?rest_route=%2Fwp%2Fv2%2Fcomments&post=639251"}],"version-history":[{"count":0,"href":"https:\/\/www.diarioimagen.net\/index.php?rest_route=\/wp\/v2\/posts\/639251\/revisions"}],"wp:featuredmedia":[{"embeddable":true,"href":"https:\/\/www.diarioimagen.net\/index.php?rest_route=\/wp\/v2\/media\/639370"}],"wp:attachment":[{"href":"https:\/\/www.diarioimagen.net\/index.php?rest_route=%2Fwp%2Fv2%2Fmedia&parent=639251"}],"wp:term":[{"taxonomy":"category","embeddable":true,"href":"https:\/\/www.diarioimagen.net\/index.php?rest_route=%2Fwp%2Fv2%2Fcategories&post=639251"},{"taxonomy":"post_tag","embeddable":true,"href":"https:\/\/www.diarioimagen.net\/index.php?rest_route=%2Fwp%2Fv2%2Ftags&post=639251"}],"curies":[{"name":"wp","href":"https:\/\/api.w.org\/{rel}","templated":true}]}}