{"id":639277,"date":"2024-11-01T00:01:51","date_gmt":"2024-11-01T06:01:51","guid":{"rendered":"https:\/\/www.diarioimagen.net\/?p=639277"},"modified":"2024-11-01T01:09:12","modified_gmt":"2024-11-01T07:09:12","slug":"el-sol-seguira-brillando","status":"publish","type":"post","link":"https:\/\/www.diarioimagen.net\/?p=639277","title":{"rendered":"\u201cEl Sol\u201d seguir\u00e1 brillando"},"content":{"rendered":"<p>&nbsp;<\/p>\n<h2 style=\"text-align: center;\">Anuncian fechas reprogramadas<br \/>\nde Luis Miguel en Arena CDMX<\/h2>\n<p>&nbsp;<\/p>\n<ul>\n<li><strong><em>Quienes hayan adquirido sus boletos, podr\u00e1n utilizarlos para la nueva presentaci\u00f3n<\/em><\/strong><\/li>\n<\/ul>\n<p>&nbsp;<\/p>\n<div id=\"attachment_639385\" style=\"width: 470px\" class=\"wp-caption aligncenter\"><a href=\"https:\/\/www.diarioimagen.net\/?attachment_id=639385\" rel=\"attachment wp-att-639385\"><img loading=\"lazy\" decoding=\"async\" aria-describedby=\"caption-attachment-639385\" class=\"size-full wp-image-639385\" src=\"https:\/\/www.diarioimagen.net\/wp-content\/uploads\/2024\/11\/anuncian-fechas-reprogramadas.jpg\" alt=\"\" width=\"460\" height=\"270\" srcset=\"https:\/\/www.diarioimagen.net\/wp-content\/uploads\/2024\/11\/anuncian-fechas-reprogramadas.jpg 460w, https:\/\/www.diarioimagen.net\/wp-content\/uploads\/2024\/11\/anuncian-fechas-reprogramadas-240x141.jpg 240w\" sizes=\"auto, (max-width: 460px) 100vw, 460px\" \/><\/a><p id=\"caption-attachment-639385\" class=\"wp-caption-text\">Las nuevas fechas reprogramadas para Luis Miguel son 8 y 10 de diciembre 2024.<\/p><\/div>\n<p>&nbsp;<\/p>\n<p>A trav\u00e9s de un comunicado, la Arena CDMX inform\u00f3 que las nuevas fechas reprogramadas para Luis Miguel en son:<\/p>\n<p>8 diciembre 2024 (Fecha anterior: 23 o 28 octubre 2024)<br \/>\n10 diciembre 2024 (Fecha anterior: 24 octubre 2024).<\/p>\n<p>Las personas que hayan adquirido sus boletos, podr\u00e1n utilizarlos para la nueva presentaci\u00f3n sin cambio alguno. De no ser as\u00ed, a continuaci\u00f3n, se informa el proceso de reembolso:<\/p>\n<p><strong>\u00ac<\/strong> \u00danicamente del 4 al 8 de noviembre 2024 deber\u00e1n enviar a la direcci\u00f3n: <em>reembolsos@superboletos.com<\/em> escribiendo en Asunto: REEMBOLSO LUIS MIGUEL CDMX 2024, los siguientes requisitos para poder empezar el tr\u00e1mite de reembolso:<\/p>\n<p><strong>\u2022<\/strong> BOLETOS FISICOS:<br \/>\n<strong>\u00ac<\/strong> Identificaci\u00f3n oficial (INE o Pasaporte)<br \/>\n<strong>\u00ac<\/strong> Imagen legible y completa de los boletos.<\/p>\n<p><strong>\u2022<\/strong> BOLETOS DIGITALES O NO IMPRESOS:<br \/>\n<strong>\u00ac<\/strong> Identificaci\u00f3n oficial del titular de la compra (INE o Pasaporte)<br \/>\n<strong>\u00ac<\/strong> Capturas de los c\u00f3digos QR (s\u00f3lo boleto digital)<br \/>\n<strong>\u00ac<\/strong> Correo de confirmaci\u00f3n de compra en formato PDF.<\/p>\n<p>El tiempo de respuesta por correo electr\u00f3nico es de 4 a 7 d\u00edas h\u00e1biles. Se les recuerda que los \u00fanicos cargos a reembolsar seg\u00fan las pol\u00edticas de venta mencionadas en el reverso de sus boletos son:<\/p>\n<p><strong>\u2022<\/strong> Importe de boletos<br \/>\n<strong>\u2022<\/strong> Importe del boleto seguro (en caso de haber sido adquirido)<br \/>\n<strong>\u2022<\/strong> Importe de estacionamiento (en caso de haber sido adquirido).<\/p>\n<p>Cualquier duda o aclaraci\u00f3n a WhatsApp +528116251483 o al correo electr\u00f3nico: <em>reembolsos@superboletos.com<\/em><\/p>\n","protected":false},"excerpt":{"rendered":"<p>A trav\u00e9s de un comunicado, la Arena CDMX inform\u00f3 que las nuevas fechas reprogramadas para Luis Miguel en son:<\/p>\n","protected":false},"author":3,"featured_media":639385,"comment_status":"open","ping_status":"open","sticky":false,"template":"","format":"standard","meta":{"_monsterinsights_skip_tracking":false,"_monsterinsights_sitenote_active":false,"_monsterinsights_sitenote_note":"","_monsterinsights_sitenote_category":0,"footnotes":""},"categories":[12],"tags":[72472,101151,1434],"class_list":["post-639277","post","type-post","status-publish","format-standard","has-post-thumbnail","hentry","category-espectaculos","tag-arena-cdmx","tag-brilla","tag-el-sol"],"_links":{"self":[{"href":"https:\/\/www.diarioimagen.net\/index.php?rest_route=\/wp\/v2\/posts\/639277","targetHints":{"allow":["GET"]}}],"collection":[{"href":"https:\/\/www.diarioimagen.net\/index.php?rest_route=\/wp\/v2\/posts"}],"about":[{"href":"https:\/\/www.diarioimagen.net\/index.php?rest_route=\/wp\/v2\/types\/post"}],"author":[{"embeddable":true,"href":"https:\/\/www.diarioimagen.net\/index.php?rest_route=\/wp\/v2\/users\/3"}],"replies":[{"embeddable":true,"href":"https:\/\/www.diarioimagen.net\/index.php?rest_route=%2Fwp%2Fv2%2Fcomments&post=639277"}],"version-history":[{"count":0,"href":"https:\/\/www.diarioimagen.net\/index.php?rest_route=\/wp\/v2\/posts\/639277\/revisions"}],"wp:featuredmedia":[{"embeddable":true,"href":"https:\/\/www.diarioimagen.net\/index.php?rest_route=\/wp\/v2\/media\/639385"}],"wp:attachment":[{"href":"https:\/\/www.diarioimagen.net\/index.php?rest_route=%2Fwp%2Fv2%2Fmedia&parent=639277"}],"wp:term":[{"taxonomy":"category","embeddable":true,"href":"https:\/\/www.diarioimagen.net\/index.php?rest_route=%2Fwp%2Fv2%2Fcategories&post=639277"},{"taxonomy":"post_tag","embeddable":true,"href":"https:\/\/www.diarioimagen.net\/index.php?rest_route=%2Fwp%2Fv2%2Ftags&post=639277"}],"curies":[{"name":"wp","href":"https:\/\/api.w.org\/{rel}","templated":true}]}}