{"id":639286,"date":"2024-11-01T00:04:22","date_gmt":"2024-11-01T06:04:22","guid":{"rendered":"https:\/\/www.diarioimagen.net\/?p=639286"},"modified":"2024-11-01T00:27:42","modified_gmt":"2024-11-01T06:27:42","slug":"una-inquietante-pregunta","status":"publish","type":"post","link":"https:\/\/www.diarioimagen.net\/?p=639286","title":{"rendered":"Una\u00a0inquietante\u00a0pregunta"},"content":{"rendered":"<h2>De pe a pa<\/h2>\n<h5>Alberto Vieyra G.<\/h5>\n<p>&nbsp;<\/p>\n<p>El embajador de Estados Unidos en M\u00e9xico, Ken Salazar, anda jet\u00f3n y este martes lanz\u00f3 al r\u00e9gimen de la 4T una demoledora e inquietante pregunta:<\/p>\n<p>\u00bfLa detenci\u00f3n de \u201cEl Mayo\u201d deber\u00eda ser considerada como una \u201cvictoria\u201d, tanto para M\u00e9xico como para Estados Unidos?<\/p>\n<p>\u00bfPor qu\u00e9 en lugar de alegrarse por la detenci\u00f3n, secuestro o lo que haya sido del capo de las drogas m\u00e1s emblem\u00e1tico a nivel mundial, el gobierno de L\u00f3pez Obrador y ahora el de Claudia Sheinbaum se han dedicado a justificar la detenci\u00f3n de \u201cEl Mayo\u201d Zambada envolvi\u00e9ndola en un papel de oropel patriotero de violaci\u00f3n a la soberan\u00eda nacional?<\/p>\n<p>La demoledora pregunta del diplom\u00e1tico norteamericano lleva impl\u00edcitamente una inquietante respuesta. El gobierno de AMLO y el C\u00e1rtel de Sinaloa eran lo mismo o lo que es igual, defienden a \u201cEl Mayo\u201d Zambada y para exacerbar el nacionalismo de los mexicanos hasta se dan el lujo de decir que la narco guerra que cumple ya 2 meses en Sinaloa es culpa de Estados Unidos por haber detenido a quien patrocin\u00f3 las 3 campa\u00f1as presidenciales de AMLO de acuerdo con informaciones del Pent\u00e1gono Norteamericano y de la periodista mexicana Anabel Hern\u00e1ndez.<\/p>\n<p>La pregunta de buena fe, pero con mala leche del embajador Ken Salazar, nos dice tambi\u00e9n que la detenci\u00f3n o secuestro de a \u201cEl Mayo\u201d Zambada vino a fragmentar preligrosamente las relaciones diplom\u00e1ticas entre M\u00e9xico y los Estados Unidos, a grado tal de que Ken Salazar fue echado de Palacio Nacional, lo cual no gusto nadita de nada en Estados Unidos y recomponer esa relaci\u00f3n diplom\u00e1tica, pol\u00edtica y econ\u00f3mica con el imperio de las barras y las estrellas que forma parte del Tratado de Libre Comercio de Am\u00e9rica del Norte, no ser\u00e1 f\u00e1cil.<\/p>\n<p>Por lo pronto, el embajador yanqui le dio respuesta inmediata a lo dicho por el fiscal cuatrote\u00edsta Alejandro Gertz Manero, quien el pasado martes estuvo en la ma\u00f1anera y nuevamente arremeti\u00f3 contra Estados Unidos acus\u00e1ndolo de no proporcionarle informaci\u00f3n al gobierno mexicano sobre los protocolos que se siguieron en el secuestro de \u201cEl Mayo\u201d Zambada utilizando un avi\u00f3n con matr\u00edcula clonada.<\/p>\n<p>El caso del capo del C\u00e1rtel de Sinaloa no deja lugar a dudas de que AMLO jam\u00e1s podr\u00e1 entrar a Estados Unidos porque ser\u00eda detenido inmediatamente por su relaci\u00f3n con el narcotraficante m\u00e1s requerido por los Estados Unidos y no en balde a AMLO le han dado en llamar \u201cel presidente narco\u201d o \u201cnarco presidente\u201d, pero el caso de \u201cEl Mayo\u201d Zambada embarrar\u00eda al narco gobernador Rub\u00e9n Rocha Moya, exhibido como integrante del grupo de los chapitos y a quien el grupo de la mayiza ha sentenciado que lo derrocar\u00e1n. El miedo del tartamudo gobernador es tal, que la semana pasada estuvo de incognito en el Palacio Legislativo de San L\u00e1zaro y luego fue presentado con bombo y platillo por la mayor\u00eda morenista en el Senado.<\/p>\n<p>En ambos puntos neur\u00e1lgicos del poder, Rocha Moya lleg\u00f3 a pedir chiche porque la lumbre le llega a los aparejos. \u00c9l sabe que Estados Unidos lo tiene fichado y sabe tambi\u00e9n aquella m\u00e1xima del refranero que reza de que \u201cel que a hierro mata a hierro muere\u201d.<\/p>\n<p>EU le ech\u00f3 el guante a Genaro Garc\u00eda Luna del r\u00e9gimen de Felipe Calder\u00f3n, sentenciado a casi 40 a\u00f1os de fresco bote, pero tambi\u00e9n apa\u00f1\u00f3 al ex titular de la Sedena en el sexenio de Pe\u00f1a Nieto, el general Cienfuegos y la inquietante pregunta que me hacen mis tres lectores y radioescuchas es \u00bfEntre Rub\u00e9n Rocha Moya y el propio AMLO estar\u00e1 el pr\u00f3ximo Genaro Garc\u00eda Luna de la 4T?<\/p>\n<p><em><a href=\"mailto:info@agenciamn.com\" target=\"_blank\" rel=\"noopener noreferrer\">info@agenciamn.com<\/a><\/em><\/p>\n","protected":false},"excerpt":{"rendered":"<p><span style=\"color: #005497;\"><strong>Alberto Vieyra G.<\/strong><\/span><\/p>\n","protected":false},"author":3,"featured_media":0,"comment_status":"open","ping_status":"open","sticky":false,"template":"","format":"standard","meta":{"_monsterinsights_skip_tracking":false,"_monsterinsights_sitenote_active":false,"_monsterinsights_sitenote_note":"","_monsterinsights_sitenote_category":0,"footnotes":""},"categories":[4596],"tags":[43697,4597,43674],"class_list":["post-639286","post","type-post","status-publish","format-standard","hentry","category-alberto-vieyra-g","tag-alberto-vieyra-g","tag-de-pe-a-pa","tag-opinion"],"_links":{"self":[{"href":"https:\/\/www.diarioimagen.net\/index.php?rest_route=\/wp\/v2\/posts\/639286","targetHints":{"allow":["GET"]}}],"collection":[{"href":"https:\/\/www.diarioimagen.net\/index.php?rest_route=\/wp\/v2\/posts"}],"about":[{"href":"https:\/\/www.diarioimagen.net\/index.php?rest_route=\/wp\/v2\/types\/post"}],"author":[{"embeddable":true,"href":"https:\/\/www.diarioimagen.net\/index.php?rest_route=\/wp\/v2\/users\/3"}],"replies":[{"embeddable":true,"href":"https:\/\/www.diarioimagen.net\/index.php?rest_route=%2Fwp%2Fv2%2Fcomments&post=639286"}],"version-history":[{"count":0,"href":"https:\/\/www.diarioimagen.net\/index.php?rest_route=\/wp\/v2\/posts\/639286\/revisions"}],"wp:attachment":[{"href":"https:\/\/www.diarioimagen.net\/index.php?rest_route=%2Fwp%2Fv2%2Fmedia&parent=639286"}],"wp:term":[{"taxonomy":"category","embeddable":true,"href":"https:\/\/www.diarioimagen.net\/index.php?rest_route=%2Fwp%2Fv2%2Fcategories&post=639286"},{"taxonomy":"post_tag","embeddable":true,"href":"https:\/\/www.diarioimagen.net\/index.php?rest_route=%2Fwp%2Fv2%2Ftags&post=639286"}],"curies":[{"name":"wp","href":"https:\/\/api.w.org\/{rel}","templated":true}]}}