{"id":639296,"date":"2024-11-01T00:11:52","date_gmt":"2024-11-01T06:11:52","guid":{"rendered":"https:\/\/www.diarioimagen.net\/?p=639296"},"modified":"2024-11-01T00:25:09","modified_gmt":"2024-11-01T06:25:09","slug":"murio-el-pluralismo-politico","status":"publish","type":"post","link":"https:\/\/www.diarioimagen.net\/?p=639296","title":{"rendered":"Muri\u00f3\u00a0el\u00a0pluralismo\u00a0pol\u00edtico"},"content":{"rendered":"<h2>\u00cdndice pol\u00edtico<\/h2>\n<h5>Francisco Rodr\u00edguez<\/h5>\n<p>&nbsp;<\/p>\n<p>Como si de verdad fuese el fin de las ideolog\u00edas que augur\u00f3 Francis Fukuyama, en M\u00e9xico acaba de morir el pluralismo pol\u00edtico.<\/p>\n<p>Morena se ha impuesto como partido hegem\u00f3nico.<\/p>\n<p>Es ya el \u00fanico partido pol\u00edtico que puede modificar la Constituci\u00f3n a su antojo\u2026<\/p>\n<p>\u2026o al del l\u00edder de ese Movimiento, <strong>Andr\u00e9s Manuel L\u00f3pez Obrador<\/strong>.<\/p>\n<p>La presidente <strong>Claudia Sheinbaum<\/strong> y los legisladores guindas en el Congreso de la Uni\u00f3n y de la mayor\u00eda de las Legislaturas estatales act\u00faan obedientes a la voz de AMLO.<\/p>\n<p>Los pontificadores de la Cuarta Destrucci\u00f3n se justifican: no es la voz del ex presidente. Es la voz del pueblo.<\/p>\n<p>Fin de las ideolog\u00edas y del pluralismo, porque ni aliados los partidos de oposici\u00f3n lograron descollar en los comicios.<\/p>\n<p>\u00a1Mejor que desaparezcan priistas y panistas!, reclaman los pontificadores de la 4T, porque s\u00f3lo quieren el poder para regresar al neoliberalismo, o quiz\u00e1 para tan solo retornar a la sensatez.<\/p>\n<p>S\u00f3lo deben existir en este mundo de juguete dos bloques de partidos: disminuidos conservadores y exultantes chairos. Todo lo dem\u00e1s sale sobrando.<\/p>\n<p>Fin de las ideolog\u00edas y de la democracia, porque han encaminado al pa\u00eds a la cat\u00e1strofe que hasta los morenistas van a padecer, aunque ahora ni siquiera se percaten m\u00ednimamente de ello.<\/p>\n<p>Y que no se les ocurra al PAN y al PRI establecer otra coalici\u00f3n electoral. S\u00f3lo ellos con los infames verdes ecologistas, con los traidores del trabajo y, si se puede, en regiones locales con los evangelistas de mentiritas y con los rescoldos de la nueva alianza del magisterio, para que nos aporten a los ancestrales movilizadores del voto, a los amos de las rutas.<\/p>\n<p>Sin que los impugnen, podr\u00edan reformar la Constituci\u00f3n para eliminar las elecciones.<\/p>\n<p>\u00bfPara qu\u00e9 gastar en ello? Si \u201cel pueblo\u201d quiere que ellos, los cuatroteros, se queden en el poder para siempre.<\/p>\n<p>Total. Con una t\u00f3mbola podemos escoger a quien suceda a Sheinbaum.<\/p>\n<p>En el moderno cat\u00e1logo del misal desp\u00f3tico se alinean otros conceptos que igualmente atentan contra la convivencia civilizada: la ideolog\u00eda machista y vejatoria contra los derechos de las v\u00edctimas y de sus familiares, donde est\u00e9n, es la \u00fanica autorizada. Las plataformas ideol\u00f3gicas de los derechos humanos e incluso las del centro constitucional, no existen.<\/p>\n<p style=\"text-align: center;\"><strong>Van por la destrucci\u00f3n de todo<\/strong><\/p>\n<p>\u00a0Los d\u00e9spotas cuatroteros est\u00e1n sobre la Constituci\u00f3n, sobre todas las leyes, sobre el Poder Judicial y sobre todos nosotros.<\/p>\n<p>Los d\u00e9spotas no tienen m\u00e1s miramientos que por sus propios intereses. Les vale madres los de empresarios. Para ellos el Estado no existe. Si quienes crean empleos no pueden sortear la crisis que han provocado, pues que quiebren. Que se rasquen con sus u\u00f1as todos. Los fideicomisos de investigaci\u00f3n cient\u00edfica, los acad\u00e9micos y los art\u00edsticos. Aqu\u00ed no hay m\u00e1s ciencia que la que llama al poeta nayarita <strong><em>Mamado<\/em> Nervo<\/strong>.<\/p>\n<p>Sostienen que las \u00fanicas editoriales que tienen derecho al subsidio son las que se agachan incondicionalmente al \u201ccaudillo\u201d y a su sucesora formal. <strong><em>La Jornada<\/em><\/strong>, el peri\u00f3dico oficial es avituallado convenientemente con p\u00e1ginas y p\u00e1ginas diarias de propaganda gubernamental pagada con nuestros impuestos, de las 44 que normalmente se tiran a la basura.<\/p>\n<p>Son los nuevos \u00edndices de la austeridad y de las cajas de caudales vac\u00edas. En el mismo escalaf\u00f3n entra <strong><em>Proceso<\/em><\/strong>, que bastante hace por sostener sus ocurrencias y sandeces.\u200ePara todos los dem\u00e1s, cero. Que quiebren si no pueden solitos, gritan desde el sanedr\u00edn chichimeca los nuevos profetas de la destrucci\u00f3n de todo.<\/p>\n<p style=\"text-align: center;\"><strong>Pretexto, 36 millones de votos<\/strong><\/p>\n<p>En Palacio Nacional a\u00fan dicen desconocer los entrambuliques\u2026 aunque desde ah\u00ed los hayan ordenado.<\/p>\n<p><strong>Felipa<\/strong> le meti\u00f3 el gol a Pemex, es m\u00e1s abusada que \u201cla mano de Dios\u201d.<\/p>\n<p><strong>P\u00edo<\/strong> es inconmensurablemente honesto, si acaso son prestanombres del bolivianismo, recolectores de las aportaciones para la revoluci\u00f3n particular de sus bolsillos. S\u00f3lo debe haber un chicharr\u00f3n que truene.<\/p>\n<p>Los dem\u00e1s son fif\u00eds, o deben pasar forzosamente por las cribas del \u201cfuchi caca\u201d o del \u201cgu\u00e1cala\u201d.<\/p>\n<p>Porque el neoliberalismo es el diluvio y s\u00f3lo fue el pretexto para que nos metieran asustados 36 millones de votos, que ahora utilizan para las encuestas cuchareadas, para justificar sus violaciones a la ley, para asegurar que sus cambios al texto de la Carta Magna ya no sean impugnables, y para regodearse con indicadores de aceptaci\u00f3n inflados y muy tard\u00edos.<\/p>\n<p style=\"text-align: center;\"><strong>No hay ni habr\u00e1 dinero<\/strong><\/p>\n<p>Y ya sin controles de ning\u00fan tipo, \u201cdevolviendo al pueblo\u201d las quebradas CFE y Pemex, la inversi\u00f3n para crear empleos estar\u00e1 desterrada del rancho grande.<\/p>\n<p>Aqu\u00ed s\u00f3lo subsistir\u00e1n los empresarios que se mochen, los que pasen lista, los que \u201cse pongan la del Puebla\u201d, los que doblen la cerviz ante el mandar\u00edn de huaraches y su sumisa, aunque radical, sucesora.<\/p>\n<p>Y, claro, los narcotraficantes deben ser cubiertos y ensalzados como patriotas, generadores del \u00fanico circulante interno.<\/p>\n<p>No los metan a la c\u00e1rcel. El fin no justifica los medios que se empleen para ello.<\/p>\n<p>La otra masa monetaria viene de los trabajadores desplazados en el extranjero a los que tanto combatieron y reprimieron. Pero ahora son los salvadores de la Patria. Trump, dicen, les va a hacer los mandados.<\/p>\n<p>Este rancho grande es la \u00fanica aldea global que existe, la \u00fanica autorizada para producir el aldeanismo mental que supera todos los obst\u00e1culos. Somos el centro hegem\u00f3nico que acude presuroso a rescatar con dinero l\u00edquido a las econom\u00edas caribe\u00f1as y centroamericanas que realmente lo necesitan. Aqu\u00ed, nosotros no lo requerimos. \u00a1Manden m\u00e1s petr\u00f3leo a Cuba!<\/p>\n<p style=\"text-align: center;\"><strong>El Ej\u00e9rcito para los inconformes<\/strong><\/p>\n<p>\u00a0El \u00e1gora de los nuevos tiempos es la digitalizaci\u00f3n del mensaje a trav\u00e9s de los ej\u00e9rcitos de bots de <strong>Epigmenio Ibarra<\/strong>. Chairos protervos, omniscientes y todoabarcantes que son el \u00fanico <strong><em>big brother<\/em><\/strong> de una realidad de miserables, de extra\u00f1os en su propia tierra, que si acaso s\u00f3lo sirvan para votar.<\/p>\n<p>Y si no est\u00e1n convencidos de lo anterior, ya ver\u00e1n cuando el Inegi, en manos de la chaira <strong>Graciela M\u00e1rquez<\/strong> empiece a generar los \u201cotros datos\u201d que s\u00f3lo a ellos les dar\u00e1n la raz\u00f3n. Ya estuvo bien de manga ancha con la estad\u00edstica rigurosa. Aqu\u00ed s\u00ed, el fin justifica todos los medios.<\/p>\n<p>Detr\u00e1s de todos esos malabarismos est\u00e1 el fascismo y si se quiere hasta los nazis del pensamiento \u00fanico. \u00a1Faltaba m\u00e1s!<\/p>\n<p>Ya ver\u00e1n c\u00f3mo todo se va a enderezar para bien del pueblo bueno y sabio, cuando la \u201ccient\u00edfica\u201d galardonada empiece a decirnos que hemos tomado las buenas decisiones, aunque la se\u00f1ora no sepa con qu\u00e9 se comen. Ella estar\u00e1 ah\u00ed s\u00f3lo para obedecer. No hay otra cera m\u00e1s que la que arde.<\/p>\n<p>Y si algunos no se alinean, para eso est\u00e1 el Ej\u00e9rcito, aunque los entorchados duden de la lealtad de la tropa, encabronada porque lo \u00fanico que reciben son apapachos, mientras los generales nadan en el presupuesto de la abundancia, en el para\u00edso del derroche.<\/p>\n<p style=\"text-align: center;\"><strong>Descanse en paz la democracia<\/strong><\/p>\n<p>\u00bfFin de las ideolog\u00edas? Para nada. Fin del pluralismo pol\u00edtico, eso s\u00ed.<\/p>\n<p>Los pontificadores nerviosos de la Cuarta Destrucci\u00f3n repiten incansables el dec\u00e1logo del despotismo.<\/p>\n<p>Sin imaginar que ellos son los que siguen.<\/p>\n<p>No habr\u00e1 fin de las ideolog\u00edas\u2026<\/p>\n<p>\u2026 pero si muerte de la democracia <strong><em>mexican style.<\/em><\/strong><\/p>\n<p>Pero as\u00ed es esto del abarrote.<\/p>\n<p>No tardaremos mucho en comprobarlo.<\/p>\n<p>Nada puede subsistir as\u00ed.<\/p>\n<p>Es demasiado.<\/p>\n<p>Y ya pocos se chupan el dedo.<\/p>\n<p style=\"text-align: center;\"><strong>Indicios<\/strong><\/p>\n<p>\u00a0Si no fuera tr\u00e1gico, podr\u00eda decirse que en un divertid\u00edsimo cap\u00edtulo m\u00e1s de la serie \u201clos patos le tiran a las escopetas\u201d, la se\u00f1ora Sheinbaum pregunt\u00f3 este jueves: \u201c\u00bfQui\u00e9nes son los autoritarios? O sea, ocho personas pretenden cambiar una reforma sobre el pueblo de M\u00e9xico, o sobre el Constituyente. \u00bfSi se dan cuenta de la magnitud?\u201d <strong>* * *<\/strong> Por hoy es todo. Reconozco que haya le\u00eddo hasta aqu\u00ed y le deseo, como siempre, \u00a1buenas gracias y muchos, muchos d\u00edas!<\/p>\n<p><em><u><a href=\"http:\/\/www.indicepolitico.com\" target=\"_blank\" rel=\"noopener noreferrer\">www.indicepolitico.com<\/a><\/u><u><br \/>\n<\/u><a href=\"mailto:indicepolitico@gmail.com\" target=\"_blank\" rel=\"noopener noreferrer\">indicepolitico@gmail.com<\/a><\/em><br \/>\n<em><a href=\"https:\/\/twitter.com\/indicepolitico?lang=es\" target=\"_blank\" rel=\"noopener noreferrer\">@IndicePolitico<\/a><\/em><br \/>\n<em><u><a href=\"https:\/\/twitter.com\/pacorodriguez\" target=\"_blank\" rel=\"noopener noreferrer\">@pacorodriguez<\/a><\/u><\/em><\/p>\n","protected":false},"excerpt":{"rendered":"<p><span style=\"color: #005497;\"><strong>Francisco Rodr\u00edguez<\/strong><\/span><\/p>\n","protected":false},"author":3,"featured_media":0,"comment_status":"open","ping_status":"open","sticky":false,"template":"","format":"standard","meta":{"_monsterinsights_skip_tracking":false,"_monsterinsights_sitenote_active":false,"_monsterinsights_sitenote_note":"","_monsterinsights_sitenote_category":0,"footnotes":""},"categories":[549],"tags":[43689,550,43674],"class_list":["post-639296","post","type-post","status-publish","format-standard","hentry","category-francisco-rodriguez","tag-francisco-rodriguez","tag-indice-politico","tag-opinion"],"_links":{"self":[{"href":"https:\/\/www.diarioimagen.net\/index.php?rest_route=\/wp\/v2\/posts\/639296","targetHints":{"allow":["GET"]}}],"collection":[{"href":"https:\/\/www.diarioimagen.net\/index.php?rest_route=\/wp\/v2\/posts"}],"about":[{"href":"https:\/\/www.diarioimagen.net\/index.php?rest_route=\/wp\/v2\/types\/post"}],"author":[{"embeddable":true,"href":"https:\/\/www.diarioimagen.net\/index.php?rest_route=\/wp\/v2\/users\/3"}],"replies":[{"embeddable":true,"href":"https:\/\/www.diarioimagen.net\/index.php?rest_route=%2Fwp%2Fv2%2Fcomments&post=639296"}],"version-history":[{"count":0,"href":"https:\/\/www.diarioimagen.net\/index.php?rest_route=\/wp\/v2\/posts\/639296\/revisions"}],"wp:attachment":[{"href":"https:\/\/www.diarioimagen.net\/index.php?rest_route=%2Fwp%2Fv2%2Fmedia&parent=639296"}],"wp:term":[{"taxonomy":"category","embeddable":true,"href":"https:\/\/www.diarioimagen.net\/index.php?rest_route=%2Fwp%2Fv2%2Fcategories&post=639296"},{"taxonomy":"post_tag","embeddable":true,"href":"https:\/\/www.diarioimagen.net\/index.php?rest_route=%2Fwp%2Fv2%2Ftags&post=639296"}],"curies":[{"name":"wp","href":"https:\/\/api.w.org\/{rel}","templated":true}]}}