{"id":639306,"date":"2024-11-01T00:12:30","date_gmt":"2024-11-01T06:12:30","guid":{"rendered":"https:\/\/www.diarioimagen.net\/?p=639306"},"modified":"2024-11-22T01:12:08","modified_gmt":"2024-11-22T07:12:08","slug":"el-golpe-esta-dado","status":"publish","type":"post","link":"https:\/\/www.diarioimagen.net\/?p=639306","title":{"rendered":"El golpe est\u00e1 dado"},"content":{"rendered":"<h2>Tras la puerta del poder<\/h2>\n<h5>Roberto Vizca\u00edno<\/h5>\n<p>&nbsp;<\/p>\n<p>Hoy, al inicio del segundo mes de gobierno de <strong>Claudia Sheinbaum,<\/strong> entramos tambi\u00e9n a un nuevo modelo de Estado, el de simulaci\u00f3n democr\u00e1tica, pero en el que en los hechos ya no existe la separaci\u00f3n de poderes.<\/p>\n<p>Un nuevo \u201c<strong>sistema<\/strong>\u201d pol\u00edtico en el que el ciudadano com\u00fan no ha sentido, ni percibido todav\u00eda ning\u00fan cambio. Pareciera que todo sigue igual que ayer, que hace un mes o que hace un a\u00f1o o dos.<\/p>\n<p>Pero ayer, en una jugada legislativa a la velocidad de la luz, la 4T dio el \u00faltimo paso para concluir con el redise\u00f1o del nuevo Estado mexicano.<\/p>\n<p>Uno simulado de democr\u00e1tico con Estado de Derecho vigente, pero que en realidad ha sido anulado v\u00eda dos reformas constitucionales.<\/p>\n<p>La primera, reconfigura a todo el Poder Judicial y v\u00eda la elecci\u00f3n popular de ministros de la Corte, magistrados de Tribunales regionales federales y la vasta red de jueces en el pa\u00eds, somete a todo este poder al control del Ejecutivo\u2026 y lo compartir\u00e1 con el poder del dinero, y en especial al del narco y del crimen organizado.<\/p>\n<p>Para \u201camarrar este paso\u201d, la 4T impuls\u00f3 y aprob\u00f3 en tan s\u00f3lo horas, como nunca se hab\u00eda visto, una reforma constitucional m\u00e1s que impedir\u00e1 a la Corte procesar cualquier amparo o recurso de inconstitucionalidad sobre la primera reforma.<\/p>\n<p>La reconfiguraci\u00f3n, redise\u00f1o, del Estado como lo conocimos desde la promulgaci\u00f3n de la Constituci\u00f3n de 1917, con la figura de Rep\u00fablica federada, con separaci\u00f3n de poderes y Estado de derecho para pasar a otro donde todo queda bajo el control del Ejecutivo, como cuando <strong>Victoriano Huerta<\/strong> asesin\u00f3 a <strong>Francisco I. Madero<\/strong> y establece su fugaz dictadura.<\/p>\n<p>Esto lo han logrado hoy, por la v\u00eda pac\u00edfica y legal \u2014para nada \u00e9tica\u2014, <strong>Claudia Sheinbaum<\/strong> bajo la sombra e influjo de <strong>Andr\u00e9s Manuel L\u00f3pez Obrador,<\/strong> v\u00eda sus mayor\u00edas parlamentarias comandadas por <strong>Ad\u00e1n Augusto L\u00f3pez,<\/strong> en Senado, y <strong>Ricardo Monreal,<\/strong> en la C\u00e1mara de Diputados.<\/p>\n<p>Ambas mayor\u00edas alcanzadas con toda clase de argucias y sucias manipulaciones, uso de recursos p\u00fablicos y una acci\u00f3n inconstitucional de sobrerrepresentaci\u00f3n otorgada por el INE y el Tribunal Electoral, dominados por la 4T, para con 54% de los votos darle a Morena, PT y Verde el 74% de las 500 curules en San L\u00e1zaro; y con la c\u00ednica y p\u00fablica compra de 2 senadores del PRD, y uno m\u00e1s del PAN por la v\u00eda de amenazarlo con juicios penales en caso de no transar.<\/p>\n<p>En este contexto y bajo estas condiciones, <strong>Claudia Sheinbaum<\/strong> y su c\u00edrculo encabezan un Estado democr\u00e1tico simulado, el de una <strong>perfecta democracia<\/strong> en la que s\u00f3lo manda ella.<\/p>\n<p>\u00bfPara qu\u00e9 ha construido todo eso?<\/p>\n<p>Las autocracias se definen y conducen siempre por la misma v\u00eda \u2014la del abuso y violaciones a los Derechos Humanos\u2014; el sometimiento de la poblaci\u00f3n; la suspensi\u00f3n de la libertad de expresi\u00f3n y de prensa (en la Ruman\u00eda y Bulgaria, de donde vienen los ancestros de <strong>Sheinbaum,<\/strong> el hartazgo del pueblo hacia los aut\u00f3cratas culmin\u00f3 a inicios de los 90 con el linchamiento del presidente y secretario general del Partido Comunista, <strong>Nicolae Ceaucescu,<\/strong> y su esposa <strong>Elena Ceaucescu<\/strong>. Quienes lo idolatraban terminaron ejecut\u00e1ndolo), no hay mucho que descubrir.<\/p>\n<p>Ya veremos en que concluye esto que hoy inicia.<\/p>\n<p><strong>Se ajusta a <em>lo mexicano<\/em><\/strong><\/p>\n<p>No sin atraer algunos resquemores locales, derivados del uso del agua y los surgidos de costumbres distintas, al final la empresa de origen chino Time Ceramics ha logrado integrarse a su regi\u00f3n y en dos a\u00f1os, con una inversi\u00f3n efectiva de 1,200 millones de pesos \u2014de un total de 2,700 millones\u2014 ya opera la fabricaci\u00f3n de pisos cer\u00e1micos en el municipio de Emiliano Zapata, Hidalgo.<\/p>\n<p>Los propios habitantes y las autoridades han confirmado que Time Ceramics, cumple con los m\u00e1s altos est\u00e1ndares de responsabilidad social, respeto de las leyes y reglamentos ambientales y laborales para convertirse en un importante factor de bienestar comunitario y fuente de empleo.<\/p>\n<p>En especial, ha logrado contener la migraci\u00f3n local por falta de oportunidades laborales dentro de sus comunidades.<\/p>\n<p>Y hoy utiliza un efectivo sistema de recolecci\u00f3n de agua pluvial y uso de tratada y evitar as\u00ed reclamos locales.<\/p>\n<p style=\"text-align: center;\"><strong>Samuel, el especialista en fabricar enemigos<\/strong><\/p>\n<p>Como senador de MC, <strong>Samuel Garc\u00eda<\/strong> atrajo la atenci\u00f3n de sus conciudadanos en Monterrey y el resto de Nuevo Le\u00f3n, de sus compa\u00f1eros de c\u00e1mara, y los medios, no por sus iniciativas, sino por sus excentricidades.<\/p>\n<p>Pronto se cas\u00f3 con una bella y popular influencer y luego subi\u00f3 fotos a redes portando un turbante y arriba de un camello, en un viaje por medio oriente.<\/p>\n<p>Su estado viv\u00eda el fin de la primera experiencia de un p\u00e9simo gobernador sin partido, la gubernatura de <em>El Bronco<\/em>, lo que fue aprovechado por el due\u00f1o de MC, <strong>Dante Delgado,<\/strong> para colarles a <strong>Garc\u00eda<\/strong>.<\/p>\n<p>Lo logr\u00f3. Pero <strong>Samuel,<\/strong> ya gobernador, no s\u00f3lo super\u00f3 a su l\u00edder pol\u00edtico en lo transa, sino en lo impulsivo y conflictivo. Y as\u00ed lleva ya 3 a\u00f1os confrontado con diputados y alcaldes priistas y panistas y ahora hasta con morenistas.<\/p>\n<p>Un nuevo frente de <strong>Samuel<\/strong> lo forma el senador morenista <strong>Waldo Fern\u00e1ndez,<\/strong> quien lo acusa de escatimarles apoyos a los discapacitados.<\/p>\n<p>El senador <strong>Fern\u00e1ndez Gonz\u00e1lez<\/strong> ya present\u00f3 una iniciativa para obligarlo a cumplir con esas pensiones y con los servicios esenciales para la poblaci\u00f3n y grupos vulnerables y con discapacidad.<\/p>\n<p>El legislador de Morena indic\u00f3 que la torpeza del gobernador lo llev\u00f3 a negarse a firmar el convenio con la Federaci\u00f3n para el pago de pensiones a las personas con discapacidad.<\/p>\n<p>El senador <strong>Fern\u00e1ndez<\/strong> pide adem\u00e1s detener a Garc\u00eda, quien ahora busca contratar una nueva deuda por 18 mil millones de pesos, sin que haya terminado ninguna de las grandes obras que dicen est\u00e1 haciendo.<\/p>\n<p>X: <em><a href=\"https:\/\/x.com\/_rvizcaino\" target=\"_blank\" rel=\"noopener noreferrer\">@_RVizcaino<\/a><a href=\"mailto:rvizcainoa@gmail.com\" target=\"_blank\" rel=\"noopener noreferrer\"><br \/>\n<\/a><a href=\"https:\/\/www.facebook.com\/rvizcainoa\" target=\"_blank\" rel=\"noopener noreferrer\">facebook.com\/rvizcainoa<\/a><\/em><\/p>\n","protected":false},"excerpt":{"rendered":"<p><span style=\"color: #005497;\"><strong>Roberto Vizca\u00edno<\/strong><\/span><\/p>\n","protected":false},"author":3,"featured_media":0,"comment_status":"open","ping_status":"open","sticky":false,"template":"","format":"standard","meta":{"_monsterinsights_skip_tracking":false,"_monsterinsights_sitenote_active":false,"_monsterinsights_sitenote_note":"","_monsterinsights_sitenote_category":0,"footnotes":""},"categories":[136],"tags":[43674,93,94],"class_list":["post-639306","post","type-post","status-publish","format-standard","hentry","category-roberto-vizcaino-opinion","tag-opinion","tag-roberto-vizcaino","tag-tras-la-puerta-del-poder"],"_links":{"self":[{"href":"https:\/\/www.diarioimagen.net\/index.php?rest_route=\/wp\/v2\/posts\/639306","targetHints":{"allow":["GET"]}}],"collection":[{"href":"https:\/\/www.diarioimagen.net\/index.php?rest_route=\/wp\/v2\/posts"}],"about":[{"href":"https:\/\/www.diarioimagen.net\/index.php?rest_route=\/wp\/v2\/types\/post"}],"author":[{"embeddable":true,"href":"https:\/\/www.diarioimagen.net\/index.php?rest_route=\/wp\/v2\/users\/3"}],"replies":[{"embeddable":true,"href":"https:\/\/www.diarioimagen.net\/index.php?rest_route=%2Fwp%2Fv2%2Fcomments&post=639306"}],"version-history":[{"count":0,"href":"https:\/\/www.diarioimagen.net\/index.php?rest_route=\/wp\/v2\/posts\/639306\/revisions"}],"wp:attachment":[{"href":"https:\/\/www.diarioimagen.net\/index.php?rest_route=%2Fwp%2Fv2%2Fmedia&parent=639306"}],"wp:term":[{"taxonomy":"category","embeddable":true,"href":"https:\/\/www.diarioimagen.net\/index.php?rest_route=%2Fwp%2Fv2%2Fcategories&post=639306"},{"taxonomy":"post_tag","embeddable":true,"href":"https:\/\/www.diarioimagen.net\/index.php?rest_route=%2Fwp%2Fv2%2Ftags&post=639306"}],"curies":[{"name":"wp","href":"https:\/\/api.w.org\/{rel}","templated":true}]}}