{"id":639308,"date":"2024-11-01T00:09:26","date_gmt":"2024-11-01T06:09:26","guid":{"rendered":"https:\/\/www.diarioimagen.net\/?p=639308"},"modified":"2024-11-01T00:11:38","modified_gmt":"2024-11-01T06:11:38","slug":"inai-siempre-incomodo-al-gobierno","status":"publish","type":"post","link":"https:\/\/www.diarioimagen.net\/?p=639308","title":{"rendered":"INAI, siempre inc\u00f3modo al gobierno"},"content":{"rendered":"<h2>Poder y dinero<\/h2>\n<h5>V\u00edctor S\u00e1nchez Ba\u00f1os<\/h5>\n<p>&nbsp;<\/p>\n<ul>\n<li><strong><em>Privacidad de las personas, objetivo<\/em><\/strong><\/li>\n<li><strong><em>Transparencia del uso del erario<\/em><\/strong><\/li>\n<li><strong><em>Decenas de pillos, al descubierto<\/em><\/strong><\/li>\n<li><strong><em>Ahora, el gobierno ser\u00e1 juez y parte<\/em><\/strong><\/li>\n<li><strong><em>Criminalizar al INE, lo inmoviliza<\/em><\/strong><\/li>\n<li><strong><em>Reforma judicial va al Edomex<\/em><\/strong><\/li>\n<li><strong><em>Maru Campos atrae inversionistas<\/em><\/strong><\/li>\n<li><strong><em>IPN, experiencias de Carlos Azc\u00e1rraga<\/em><\/strong><\/li>\n<\/ul>\n<p>&nbsp;<\/p>\n<p style=\"text-align: right;\"><em>Pueblos libres, recordad esta m\u00e1xima: Podemos adquirir<br \/>\nla libertad, pero nunca se recupera una vez que se pierde<br \/>\n<\/em><strong>Jean Jacques Rousseau<\/strong> (1712-1778) Fil\u00f3sofo franc\u00e9s<\/p>\n<p>&nbsp;<\/p>\n<p>La historia del INAI (Instituto Nacional de Transparencia, Acceso a la Informaci\u00f3n y Protecci\u00f3n de Datos Personales) se remonta a la modificaci\u00f3n del art\u00edculo 6\u00b0 constitucional en 1977, cuando se estableci\u00f3 que el Estado garantizar\u00eda el derecho a la informaci\u00f3n. La labor para transparentar los actos del gobierno federal y de los estados, as\u00ed como defender la privacidad de los datos personales, dur\u00f3 34 a\u00f1os, hasta que se cristaliz\u00f3 como obligatoria en 2014.<\/p>\n<p>La oposici\u00f3n de la burocracia del PRI, PAN y PRD (padre de Morena) para transparentar el uso de las finanzas p\u00fablicas, era obvia. Todo ciudadano tiene el derecho a estar informado, de acuerdo a la Constituci\u00f3n en su art\u00edculo 6. Este derecho establece que toda la informaci\u00f3n en posesi\u00f3n de las autoridades, entidades, organismos y \u00f3rganos de los poderes Ejecutivo, Legislativo y Judicial es p\u00fablica.<\/p>\n<p>Esto, por razones obvias, incomoda a los entes en el poder. No quieren que nadie husmee y les descubra el origen de sus enormes riquezas, al amparo del poder p\u00fablico.<\/p>\n<p>Ganan las elecciones, pero no ganan la loter\u00eda. Eso no lo entienden desde el m\u00e1s peque\u00f1o alcalde o funcionario municipal, hasta gobernadores, funcionarios p\u00fablicos y la alta burocracia.<\/p>\n<p>La guerra contra la opacidad no es gotcha, donde se pelea con balas de pintura. Son batallas que se dan todos los d\u00edas, con una herramienta contra la corrupci\u00f3n.<\/p>\n<p>A L\u00f3pez Obrador le molestaba, ya que deb\u00eda tener una oficina para responder las peticiones de \u201ccuentas claras\u201d de la ciudadan\u00eda. A \u00e9l, como a muchos m\u00e1s, les daba prurito rendir explicaciones.<\/p>\n<p>Por ello, sus asesores, que tambi\u00e9n tienen mucho qu\u00e9 explicar, le recomendaron que se eliminara al INAI por un supuesto alto costo al presupuesto que este a\u00f1o fue de mil 168 millones de pesos o sea el 0.01% del gasto total del gobierno. Pero, fue este instituto el que dio a conocer, por insistencia de la ciudadan\u00eda, fraudes como el de Segalmex, donde el director Ignacio Ovalle, encabez\u00f3 una instituci\u00f3n que desapareci\u00f3 19 mil millones de pesos. Claro, con la protecci\u00f3n de AMLO, no fue juzgado y s\u00f3lo cayeron en prisi\u00f3n algunos pececillos corrientes. Los altos mandos, impunes. Y el dinero sigue desaparecido.<\/p>\n<p>Adem\u00e1s, se han descubierto la venta de los datos de los padrones electorales y ordenar la investigaci\u00f3n de los culpables. Los datos personales, son un fest\u00edn que todo gobierno quiere tener en sus manos.<\/p>\n<p>Esta es una herramienta para controlar a la sociedad. Una herramienta que en manos de autoritarios y fascistas, somete a pueblos enteros.<\/p>\n<p>Una instituci\u00f3n que, bajo presiones sociales, pas\u00f3 a ser de IFAI a llamarse INAI el 5 de mayo del 2015, un d\u00eda despu\u00e9s de la publicaci\u00f3n de la nueva Ley General de Transparencia, con el gobierno de Enrique Pe\u00f1a Nieto, debe ser aut\u00f3noma del gobierno que quiere tener el control de todo y ser juez y parte en la transparencia del uso de los recursos p\u00fablicos.<\/p>\n<p>La sentencia est\u00e1 dada desde Palacio Nacional: debe desaparecer\u2026 es mejor para el gobierno de Morena.<\/p>\n<p style=\"text-align: center;\"><strong>PODEROSOS CABALLEROS<\/strong><\/p>\n<p><strong>INE:<\/strong> Tras declaraciones del consejero electoral Arturo Castillo, en este espacio, se advirti\u00f3 que si la elecci\u00f3n jueces, magistrados y ministros de la Corte avanza, los consejeros del INE podr\u00edan incurrir en \u201criesgo penal\u201d, sin esperar a que la Suprema Corte de Justicia de la Naci\u00f3n emita su resoluci\u00f3n la pr\u00f3xima semana sobre la reforma judicial. De alguna manera, nos dicen en el INE,\u00a0 que insinuando que aplicar la Constituci\u00f3n y obedecer la ley es motivo para terminar tras las rejas. Seg\u00fan Castillo, parecer\u00eda que el deber del INE no es respetar la norma, sino adivinar el futuro y alinearse con posibles interpretaciones de la Corte. \u00bfDesde cu\u00e1ndo esperar un fallo judicial se volvi\u00f3 requisito previo para cumplir con el marco constitucional? Este tipo de declaraciones generan incertidumbre. Si cada acto del Estado ahora debe someterse a la especulaci\u00f3n de posibles consecuencias penales, \u00bfqu\u00e9 queda para la certeza jur\u00eddica y el Estado de derecho? En todo caso, esperemos que la pr\u00f3xima semana la Corte reitere que nadie, ni siquiera los consejeros, est\u00e1n por encima de la ley. La SCJN debe atraer todos los amparos y definirlos en base a la Constituci\u00f3n.<\/p>\n<p><strong>TRIBUNAL DEL EDOMEX:<\/strong> Desde el Palacio de Gobierno del Estado de M\u00e9xico, donde despacha Delfina G\u00f3mez, se sigue con atenci\u00f3n el actuar de las y los magistrados de esa entidad durante los \u00faltimos meses. La observaci\u00f3n ha sido discreta, pero no omisa. Lo que es innegable es que, de cara a la elecci\u00f3n del pr\u00f3ximo presidente del Poder Judicial del Estado de M\u00e9xico, encabezado por el presidente del Tribunal Superior de Justicia de la entidad, Ricardo Sodi Cu\u00e9llar, que concluye su gesti\u00f3n en 2025, y a la inminente reforma judicial que seguramente se aprobar\u00e1 a nivel local.<\/p>\n<p><strong>CHIHUAHUA:<\/strong> El presidente de Index Chihuahua, Ren\u00e9 Espinoza, anunci\u00f3 cuatro inversiones en el sector aeroespacial para proyectos nuevos de tecnolog\u00eda por parte de firmas de Francia y Reino Unido, que ven en M\u00e9xico una oportunidad, y llegan por medio de programas de relocalizaci\u00f3n. Sigue el impulso de la inversi\u00f3n en la entidad que gobierna Maru Campos.<\/p>\n<p style=\"text-align: center;\"><strong>RESPONSABILIDAD <\/strong><strong>SOCIAL Y GOBERNANZA<\/strong><\/p>\n<p><strong>CARLOS AZC\u00c1RRAGA:<\/strong> El l\u00edder de Grupo Posadas y del Consejo de la Comunicaci\u00f3n, Jose\u0301 Carlos Azca\u0301rraga, se reuni\u00f3 ante m\u00e1s de 800 alumnos del Instituto Polit\u00e9cnico Nacional para platicar la vida despu\u00e9s de la vida universitaria. \u201cLo ma\u0301s importante, como empresa y persona, es tener un propo\u0301sito, entender por que\u0301 y para que\u0301 queremos hacer las cosas\u201d, enfoca\u0301ndonos en hacer la diferencia y no lo diferente; esto en el marco de la conferencia. Relat\u00f3 que, \u201choy en di\u0301a, las generaciones son especiales porque esta\u0301n cambiando el mundo, pues cuestionan y necesitan entender el porque\u0301 de las cosas, ya que esto te da energi\u0301a para hacer algo con sentido e importancia\u201d. Realizar estas dina\u0301micas son fundamentales para que haya congruencia entre lo que la empresa donde quieras trabajar vaya de la mano con lo que tu\u0301 quieres y de esta manera poder disfrutar el trabajo y dar lo mejor en e\u0301ste. Enfatizo\u0301 que \u201cun empresario no es el que tiene una empresa. Un empresario es la persona que hace la diferencia; trabaja en equipo y busca solucio\u0301n a los problemas\u201d.<\/p>\n<p><em><a href=\"mailto:vsb@poderydinero.mx\" target=\"_blank\" rel=\"noopener noreferrer\">vsb@poderydinero.mx<\/a><br \/>\n<a href=\"https:\/\/twitter.com\/vsanchezbanos?lang=es\" target=\"_blank\" rel=\"noopener\">@vsanchezbanos<\/a><\/em><\/p>\n","protected":false},"excerpt":{"rendered":"<p><span style=\"color: #005497;\"><strong>V\u00edctor S\u00e1nchez Ba\u00f1os<\/strong><\/span><\/p>\n","protected":false},"author":3,"featured_media":0,"comment_status":"open","ping_status":"open","sticky":false,"template":"","format":"standard","meta":{"_monsterinsights_skip_tracking":false,"_monsterinsights_sitenote_active":false,"_monsterinsights_sitenote_note":"","_monsterinsights_sitenote_category":0,"footnotes":""},"categories":[38844],"tags":[43674,38847,38848],"class_list":["post-639308","post","type-post","status-publish","format-standard","hentry","category-victor-sanchez-banos","tag-opinion","tag-poder-y-dinero","tag-victor-sanchez-banos"],"_links":{"self":[{"href":"https:\/\/www.diarioimagen.net\/index.php?rest_route=\/wp\/v2\/posts\/639308","targetHints":{"allow":["GET"]}}],"collection":[{"href":"https:\/\/www.diarioimagen.net\/index.php?rest_route=\/wp\/v2\/posts"}],"about":[{"href":"https:\/\/www.diarioimagen.net\/index.php?rest_route=\/wp\/v2\/types\/post"}],"author":[{"embeddable":true,"href":"https:\/\/www.diarioimagen.net\/index.php?rest_route=\/wp\/v2\/users\/3"}],"replies":[{"embeddable":true,"href":"https:\/\/www.diarioimagen.net\/index.php?rest_route=%2Fwp%2Fv2%2Fcomments&post=639308"}],"version-history":[{"count":0,"href":"https:\/\/www.diarioimagen.net\/index.php?rest_route=\/wp\/v2\/posts\/639308\/revisions"}],"wp:attachment":[{"href":"https:\/\/www.diarioimagen.net\/index.php?rest_route=%2Fwp%2Fv2%2Fmedia&parent=639308"}],"wp:term":[{"taxonomy":"category","embeddable":true,"href":"https:\/\/www.diarioimagen.net\/index.php?rest_route=%2Fwp%2Fv2%2Fcategories&post=639308"},{"taxonomy":"post_tag","embeddable":true,"href":"https:\/\/www.diarioimagen.net\/index.php?rest_route=%2Fwp%2Fv2%2Ftags&post=639308"}],"curies":[{"name":"wp","href":"https:\/\/api.w.org\/{rel}","templated":true}]}}