{"id":639405,"date":"2024-11-04T00:03:02","date_gmt":"2024-11-04T06:03:02","guid":{"rendered":"https:\/\/www.diarioimagen.net\/?p=639405"},"modified":"2024-11-04T22:46:25","modified_gmt":"2024-11-05T04:46:25","slug":"se-perdieron-276-mil-empleos-en-septiembre-enoe","status":"publish","type":"post","link":"https:\/\/www.diarioimagen.net\/?p=639405","title":{"rendered":"Se\u00a0perdieron\u00a0276\u00a0mil\u00a0empleos en septiembre: ENOE"},"content":{"rendered":"<p><strong>\u00a0<\/strong><\/p>\n<ul>\n<li><strong><em>Continu\u00f3 mala racha de cinco meses<\/em> <\/strong><\/li>\n<\/ul>\n<p>&nbsp;<\/p>\n<div id=\"attachment_639520\" style=\"width: 470px\" class=\"wp-caption aligncenter\"><a href=\"https:\/\/www.diarioimagen.net\/?attachment_id=639520\" rel=\"attachment wp-att-639520\"><img loading=\"lazy\" decoding=\"async\" aria-describedby=\"caption-attachment-639520\" class=\"size-full wp-image-639520\" src=\"https:\/\/www.diarioimagen.net\/wp-content\/uploads\/2024\/11\/se-perdieron-276-mil.jpg\" alt=\"\" width=\"460\" height=\"270\" srcset=\"https:\/\/www.diarioimagen.net\/wp-content\/uploads\/2024\/11\/se-perdieron-276-mil.jpg 460w, https:\/\/www.diarioimagen.net\/wp-content\/uploads\/2024\/11\/se-perdieron-276-mil-240x141.jpg 240w\" sizes=\"auto, (max-width: 460px) 100vw, 460px\" \/><\/a><p id=\"caption-attachment-639520\" class=\"wp-caption-text\">En septiembre se perdieron 275 mil 986 empleos, frente a las cifras de agosto, de acuerdo con la Encuesta Nacional de Ocupaci\u00f3n y Empleo (ENOE), del Inegi.<\/p><\/div>\n<p>&nbsp;<\/p>\n<p>El mercado laboral en M\u00e9xico continu\u00f3 con su mala racha en septiembre, pues se perdieron 275 mil 986 empleos frente a agosto, de acuerdo con la Encuesta Nacional de Ocupaci\u00f3n y Empleo (ENOE), del Inegi.<\/p>\n<p>En el noveno mes de 2024, la poblaci\u00f3n ocupada fue de 59 millones 494 mil 233 personas, dato que mostr\u00f3 un descenso de 0.46 por ciento frente al periodo anterior.<\/p>\n<p>No obstante, la cifra fue 0.56 por ciento mayor frente a los 59 millones 700 mil 219 personas ocupadas reportadas en septiembre de 2023.<\/p>\n<p>De acuerdo con los datos de laENOE, en el periodo de referencia la poblaci\u00f3n que observ\u00f3 m\u00e1s afectaci\u00f3n fue la masculina, pues mientras en agosto sumaron 35 millones 478 mil 347 puestos de trabajo, para septiembre se redujo en 571 mil 668, para ubicarse en 34 millones 906 mil 679. En su variaci\u00f3n anual, se observ\u00f3 una p\u00e9rdida de 177 mil 799 empleos.<\/p>\n<p>Por su parte, el n\u00famero de mujeres ocupadas en el noveno mes ascendi\u00f3 a 24 millones 517 mil 554, dato que fue mayor en 295 mil 682 respecto al per\u00edodo anterior. Frente a igual lapso de 2023, tambi\u00e9n se mostr\u00f3 un aumento en la cantidad de plazas ocupadas por la poblaci\u00f3n femenina, el cual fue de 513 mil 026.<\/p>\n<p>En total, la poblaci\u00f3n econ\u00f3micamente activa (PEA), es decir, fue de 61 millones 213 mil 197 personas, dato que mostr\u00f3 un aumento de 373 mil 579 frente a septiembre de 2023, pero una reducci\u00f3n de 357 mil 106 mensuales.<\/p>\n<p>El n\u00famero de personas desocupadas en territorio mexicano fue de un mill\u00f3n 788 mil 964, dato que mostr\u00f3 un avance de 38 mil 352 respecto al mismo lapso del a\u00f1o pasado, pero se redujo en 81 mil 156 en comparaci\u00f3n con agosto pasado.<\/p>\n<p>Por lo anterior, el 97.1 por ciento de la PEA estuvo ocupada durante el noveno mes de 2024.<\/p>\n<p>Por sector, los servicios concentraron 26.3 millones de personas, dato que represent\u00f3 el 44.3 por ciento del total de la poblaci\u00f3n ocupada; el comercio,<\/p>\n<p>11.6 millones, es decir, 19.5 por ciento; la industria manufacturera, 9.7 millones, dato que signific\u00f3 16.4 por ciento del total; las actividades agropecuarias, 6.4 millones, cantidad que represent\u00f3 10.8 por ciento; la construcci\u00f3n, 4.6 millones, lo que se tradujo en una participaci\u00f3n de 7.8 por ciento.<\/p>\n<p>En su variaci\u00f3n anual, los sectores con mayor aumento en su poblaci\u00f3n ocupada fueron: transportes, comunicaciones, correo y almacenamiento, con 148 mil personas; restaurantes y servicios de alojamiento, con 132 mil, y servicios sociales y servicios diversos, con 130 mil cada uno.<\/p>\n<p>Las personas subocupadas, es decir las que declararon tener necesidad y disponibilidad para trabajar m\u00e1s horas, sumaron 4.9 millones, dato que represent\u00f3 8.2 por ciento del total de la poblaci\u00f3n ocupada. El porcentaje es igual al registrado en septiembre de 2023.<\/p>\n<p>Lo anterior signific\u00f3 un incremento de 28 mil personas con relaci\u00f3n al mismo mes de un a\u00f1o antes. Frente a agosto, signific\u00f3 un aumento de m\u00e1s de 100 mil personas.<\/p>\n<p>Por salarios, 22 millones 612 mil 479 personas percibieron hasta un salario m\u00ednimo, dato que mostr\u00f3 una reducci\u00f3n de un mill\u00f3n 138 mil 376 frente al noveno mes del a\u00f1o pasado. En comparaci\u00f3n con agosto disminuy\u00f3 en 182 mil 503.<\/p>\n<p>La poblaci\u00f3n que recibi\u00f3 m\u00e1s de un salario m\u00ednimo hasta 2 fue de 19 millones 281 mil 851, dato que mostr\u00f3 un aumento de 1 mill\u00f3n 555 mil 734 frente al noveno mes de 2023 y respecto a agosto disminuy\u00f3 en 469 mil 563.<\/p>\n<p>El n\u00famero de trabajadores que percibieron entre 2 y 3 salarios m\u00ednimos fue de 4 millones 075 mil 676, cifra menor en 224 mil 254 frente a septiembre de 2023 y frente al octavo mes fue superior en 26 mil 032.<\/p>\n","protected":false},"excerpt":{"rendered":"<p>El mercado laboral en M\u00e9xico continu\u00f3 con su mala racha en septiembre, pues se perdieron 275 mil 986 empleos frente a agosto, de acuerdo con la Encuesta Nacional de Ocupaci\u00f3n y Empleo (ENOE), del Inegi.<\/p>\n","protected":false},"author":3,"featured_media":639520,"comment_status":"open","ping_status":"open","sticky":false,"template":"","format":"standard","meta":{"_monsterinsights_skip_tracking":false,"_monsterinsights_sitenote_active":false,"_monsterinsights_sitenote_note":"","_monsterinsights_sitenote_category":0,"footnotes":""},"categories":[17,8],"tags":[481,97462,193,12361],"class_list":["post-639405","post","type-post","status-publish","format-standard","has-post-thumbnail","hentry","category-especiales","category-finanzas","tag-empleo","tag-enoe","tag-inegi","tag-perdida"],"_links":{"self":[{"href":"https:\/\/www.diarioimagen.net\/index.php?rest_route=\/wp\/v2\/posts\/639405","targetHints":{"allow":["GET"]}}],"collection":[{"href":"https:\/\/www.diarioimagen.net\/index.php?rest_route=\/wp\/v2\/posts"}],"about":[{"href":"https:\/\/www.diarioimagen.net\/index.php?rest_route=\/wp\/v2\/types\/post"}],"author":[{"embeddable":true,"href":"https:\/\/www.diarioimagen.net\/index.php?rest_route=\/wp\/v2\/users\/3"}],"replies":[{"embeddable":true,"href":"https:\/\/www.diarioimagen.net\/index.php?rest_route=%2Fwp%2Fv2%2Fcomments&post=639405"}],"version-history":[{"count":0,"href":"https:\/\/www.diarioimagen.net\/index.php?rest_route=\/wp\/v2\/posts\/639405\/revisions"}],"wp:featuredmedia":[{"embeddable":true,"href":"https:\/\/www.diarioimagen.net\/index.php?rest_route=\/wp\/v2\/media\/639520"}],"wp:attachment":[{"href":"https:\/\/www.diarioimagen.net\/index.php?rest_route=%2Fwp%2Fv2%2Fmedia&parent=639405"}],"wp:term":[{"taxonomy":"category","embeddable":true,"href":"https:\/\/www.diarioimagen.net\/index.php?rest_route=%2Fwp%2Fv2%2Fcategories&post=639405"},{"taxonomy":"post_tag","embeddable":true,"href":"https:\/\/www.diarioimagen.net\/index.php?rest_route=%2Fwp%2Fv2%2Ftags&post=639405"}],"curies":[{"name":"wp","href":"https:\/\/api.w.org\/{rel}","templated":true}]}}