{"id":639412,"date":"2024-11-04T00:02:13","date_gmt":"2024-11-04T06:02:13","guid":{"rendered":"https:\/\/www.diarioimagen.net\/?p=639412"},"modified":"2024-11-08T02:49:30","modified_gmt":"2024-11-08T08:49:30","slug":"impunes-la-mayoria-de-los-delitos-investigados-en-el-pais","status":"publish","type":"post","link":"https:\/\/www.diarioimagen.net\/?p=639412","title":{"rendered":"Impunes, la mayor\u00eda de los\u00a0delitos investigados en\u00a0el\u00a0pa\u00eds"},"content":{"rendered":"<p><strong>\u00a0<\/strong><\/p>\n<ul>\n<li><em><strong>Reporte de M\u00e9xico Eval\u00faa<\/strong><\/em><\/li>\n<\/ul>\n<p>&nbsp;<\/p>\n<div id=\"attachment_639518\" style=\"width: 470px\" class=\"wp-caption aligncenter\"><a href=\"https:\/\/www.diarioimagen.net\/?attachment_id=639518\" rel=\"attachment wp-att-639518\"><img loading=\"lazy\" decoding=\"async\" aria-describedby=\"caption-attachment-639518\" class=\"size-full wp-image-639518\" src=\"https:\/\/www.diarioimagen.net\/wp-content\/uploads\/2024\/11\/impunes-la-mayoria-de-los-delitos.jpg\" alt=\"\" width=\"460\" height=\"270\" srcset=\"https:\/\/www.diarioimagen.net\/wp-content\/uploads\/2024\/11\/impunes-la-mayoria-de-los-delitos.jpg 460w, https:\/\/www.diarioimagen.net\/wp-content\/uploads\/2024\/11\/impunes-la-mayoria-de-los-delitos-240x141.jpg 240w\" sizes=\"auto, (max-width: 460px) 100vw, 460px\" \/><\/a><p id=\"caption-attachment-639518\" class=\"wp-caption-text\">De acuerdo con estudio de la organizaci\u00f3n M\u00e9xico Eval\u00faa, m\u00e1s del 93% de los delitos que se denuncian e investigan quedan impunes en el pa\u00eds.<\/p><\/div>\n<p>&nbsp;<\/p>\n<p>El a\u00f1o pasado, 93.6% de los delitos investigados quedaron impunes en el pa\u00eds, con mayores \u00edndices en los estados de Oaxaca, Jalisco y Colima, seg\u00fan el reporte \u2018Hallazgos 2023: seguimiento y evaluaci\u00f3n del sistema de justicia penal\u2019, presentado por la organizaci\u00f3n M\u00e9xico Eval\u00faa.<\/p>\n<p>En su informe precis\u00f3 que el 93.6% de los delitos investigados en el pa\u00eds no concluyeron con sanciones, con Oaxaca, Jalisco y Colima liderando los \u00edndices de impunidad con cifras de 99.9%, 99.1% y 97.5%, respectivamente. Los delitos con mayor impunidad incluyeron desaparici\u00f3n forzada (99.5%), extorsi\u00f3n (98.3%), fraude (97.2%) y homicidio doloso (96.8%).<\/p>\n<p>El reporte tambi\u00e9n resalt\u00f3 la sobrecarga que enfrentan las instituciones de justicia, donde cada fiscal o agente del Ministerio P\u00fablico atendi\u00f3 en promedio 310 carpetas de investigaci\u00f3n, un incremento del 71% respecto al a\u00f1o anterior. Adem\u00e1s, cada juez penal gestion\u00f3 356 causas en promedio, superando las 335 de 2022.<\/p>\n<p>Susana Camacho, coordinadora del Programa de Justicia de M\u00e9xico Eval\u00faa, advirti\u00f3 que solo el 3.6% de las carpetas de investigaci\u00f3n llega ante un juez, y se\u00f1al\u00f3 que esto se debe a la falta de capacidades de investigaci\u00f3n criminal, una responsabilidad directa de las fiscal\u00edas.<\/p>\n<p>Mariana Campos, directora general de la organizaci\u00f3n, enfatiz\u00f3 la necesidad de personal capacitado y suficiente para fortalecer a las instituciones de justicia. \u201cNo es suficiente con aumentar los recursos; la distribuci\u00f3n debe ser estrat\u00e9gica, enfocada en sostenibilidad, inclusi\u00f3n y resultados\u201d, afirm\u00f3.<\/p>\n<p>El informe tambi\u00e9n abord\u00f3 los procesos penales, se\u00f1alando que los acuerdos reparatorios fueron los m\u00e1s r\u00e1pidos, con una duraci\u00f3n promedio de 214 d\u00edas, mientras que los juicios orales, los m\u00e1s lentos, tomaron 553 d\u00edas.<\/p>\n<p>M\u00e9xico Eval\u00faa alert\u00f3 sobre la militarizaci\u00f3n de la justicia penal al involucrar a la Guardia Nacional en investigaciones, advirtiendo que su enfoque militar no se alinea con las necesidades de seguridad ciudadana y derechos humanos.<\/p>\n<p>Finalmente, la organizaci\u00f3n cuestion\u00f3 la promesa de una justicia pronta y expedita ante la pr\u00f3xima elecci\u00f3n de jueces y magistrados en junio de 2025, subrayando que las reformas planteadas ignoran las causas subyacentes de la impunidad.<\/p>\n","protected":false},"excerpt":{"rendered":"<p>El a\u00f1o pasado, 93.6% de los delitos investigados quedaron impunes en el pa\u00eds, con mayores \u00edndices en los estados de Oaxaca, Jalisco y Colima, seg\u00fan el reporte \u2018Hallazgos 2023: seguimiento y evaluaci\u00f3n del sistema de justicia penal\u2019, presentado por la organizaci\u00f3n M\u00e9xico Eval\u00faa.<\/p>\n","protected":false},"author":3,"featured_media":639518,"comment_status":"open","ping_status":"open","sticky":false,"template":"","format":"standard","meta":{"_monsterinsights_skip_tracking":false,"_monsterinsights_sitenote_active":false,"_monsterinsights_sitenote_note":"","_monsterinsights_sitenote_category":0,"footnotes":""},"categories":[17,7],"tags":[101156,979,101155,43677],"class_list":["post-639412","post","type-post","status-publish","format-standard","has-post-thumbnail","hentry","category-especiales","category-seguridad","tag-impunes","tag-investigacion","tag-mexico-evalua","tag-seguridad"],"_links":{"self":[{"href":"https:\/\/www.diarioimagen.net\/index.php?rest_route=\/wp\/v2\/posts\/639412","targetHints":{"allow":["GET"]}}],"collection":[{"href":"https:\/\/www.diarioimagen.net\/index.php?rest_route=\/wp\/v2\/posts"}],"about":[{"href":"https:\/\/www.diarioimagen.net\/index.php?rest_route=\/wp\/v2\/types\/post"}],"author":[{"embeddable":true,"href":"https:\/\/www.diarioimagen.net\/index.php?rest_route=\/wp\/v2\/users\/3"}],"replies":[{"embeddable":true,"href":"https:\/\/www.diarioimagen.net\/index.php?rest_route=%2Fwp%2Fv2%2Fcomments&post=639412"}],"version-history":[{"count":0,"href":"https:\/\/www.diarioimagen.net\/index.php?rest_route=\/wp\/v2\/posts\/639412\/revisions"}],"wp:featuredmedia":[{"embeddable":true,"href":"https:\/\/www.diarioimagen.net\/index.php?rest_route=\/wp\/v2\/media\/639518"}],"wp:attachment":[{"href":"https:\/\/www.diarioimagen.net\/index.php?rest_route=%2Fwp%2Fv2%2Fmedia&parent=639412"}],"wp:term":[{"taxonomy":"category","embeddable":true,"href":"https:\/\/www.diarioimagen.net\/index.php?rest_route=%2Fwp%2Fv2%2Fcategories&post=639412"},{"taxonomy":"post_tag","embeddable":true,"href":"https:\/\/www.diarioimagen.net\/index.php?rest_route=%2Fwp%2Fv2%2Ftags&post=639412"}],"curies":[{"name":"wp","href":"https:\/\/api.w.org\/{rel}","templated":true}]}}