{"id":639414,"date":"2024-11-04T00:07:54","date_gmt":"2024-11-04T06:07:54","guid":{"rendered":"https:\/\/www.diarioimagen.net\/?p=639414"},"modified":"2024-11-04T22:35:58","modified_gmt":"2024-11-05T04:35:58","slug":"la-muerte-presente-en-la-cosmovision-mesoamericana-eduardo-matos-moctezuma","status":"publish","type":"post","link":"https:\/\/www.diarioimagen.net\/?p=639414","title":{"rendered":"La muerte, presente en la cosmovisi\u00f3n mesoamericana: Eduardo Matos Moctezuma"},"content":{"rendered":"<p>&nbsp;<\/p>\n<div id=\"attachment_639508\" style=\"width: 470px\" class=\"wp-caption aligncenter\"><a href=\"https:\/\/www.diarioimagen.net\/?attachment_id=639508\" rel=\"attachment wp-att-639508\"><img loading=\"lazy\" decoding=\"async\" aria-describedby=\"caption-attachment-639508\" class=\"size-full wp-image-639508\" src=\"https:\/\/www.diarioimagen.net\/wp-content\/uploads\/2024\/11\/uaem-la-muerte-presente.jpg\" alt=\"\" width=\"460\" height=\"270\" srcset=\"https:\/\/www.diarioimagen.net\/wp-content\/uploads\/2024\/11\/uaem-la-muerte-presente.jpg 460w, https:\/\/www.diarioimagen.net\/wp-content\/uploads\/2024\/11\/uaem-la-muerte-presente-240x141.jpg 240w\" sizes=\"auto, (max-width: 460px) 100vw, 460px\" \/><\/a><p id=\"caption-attachment-639508\" class=\"wp-caption-text\">Se present\u00f3, Eduardo Matos Moctezuma en la Facultad de Humanidades de la UAEM\u00e9x como parte de las actividades del Coloquio Internacional Arte y Transdisciplina 2, historia y psicoan\u00e1lisis.<\/p><\/div>\n<p>&nbsp;<\/p>\n<p><strong>Toluca, Estado de M\u00e9xico.<\/strong>\u2014 \u201cLa muerte est\u00e1 presente en la forma de pensar y concebir el universo de las sociedades prehisp\u00e1nicas que hab\u00eda en Mesoam\u00e9rica, pero tambi\u00e9n est\u00e1 en todas las \u00e9pocas y para todas las personas, siempre se ha buscado evadirla pero no se ha podido nunca\u201d, expres\u00f3 el reconocido arque\u00f3logo y antrop\u00f3logo, Eduardo Matos Moctezuma en la conferencia magistral La muerte en el M\u00e9xico prehisp\u00e1nico que ofreci\u00f3 en la Universidad Aut\u00f3noma del Estado de M\u00e9xico (UAEM\u00e9x).<\/p>\n<p>En la sala \u201cJos\u00e9 Blanco Regueira\u201d de la Facultad de Humanidades y ante el alumnado y acad\u00e9micos universitarios, Matos Moctezuma expuso que el culto a la muerte es un tema presente en las sociedades prehisp\u00e1nicas, de todas las \u00e9pocas y circunstancias.<\/p>\n<p>Destac\u00f3, la cosmovisi\u00f3n de la muerte para las culturas maya y mexica, la cual consta de la relaci\u00f3n con deidades, la dualidad entre lo femenino y lo masculino y las causas de fallecimiento, haciendo hincapi\u00e9 en la influencia que marc\u00f3 para la creaci\u00f3n de obras art\u00edsticas.<\/p>\n<p>Detall\u00f3 que las ofrendas, esculturas, c\u00f3dices, pinturas y escritos literarios que se han descubierto a lo largo de los a\u00f1os, sirven para comprender la importancia del culto a la muerte que se ten\u00eda en Mesoam\u00e9rica y que a su vez representan el contraste de la vida y la muerte, concebido como un ciclo del cual no se puede escapar.<\/p>\n<p>\u201cLo que va a determinar la muerte en los pueblos prehisp\u00e1nicos es la manera en la que ocurri\u00f3 y la esperanza de ir a alg\u00fan lugar despu\u00e9s de ella, no pensar en el final, sino en la continuaci\u00f3n\u201d, precis\u00f3.\u00a0 En el evento estuvieron presentes la directora de la Facultad de Humanidades, Beatriz Ariadna Gonz\u00e1lez Dur\u00e1n, el cronista de la UAEM\u00e9x, Carlos Alfonso Ledesma Ibarra y las acad\u00e9micas Laila Erendira Ortiz Cora y Maricela Dorantes Soria de las Facultades de Artes y Humanidades, respectivamente.<\/p>\n<p>Cabe hacer menci\u00f3n que esta actividad form\u00f3 parte del Coloquio Internacional Arte y Transdisciplina 2, perspectivas cr\u00edticas, Historia y psicoan\u00e1lisis, en la cual se presentaron actividades como proyecciones de documentales, conferencias magistrales, presentaciones de libro y exposiciones, con el prop\u00f3sito de que, a trav\u00e9s del arte y el an\u00e1lisis de la historia, se sensibilice sobre la muerte, violencia y cura en la cultura actual.<\/p>\n","protected":false},"excerpt":{"rendered":"<p>\u201cLa muerte est\u00e1 presente en la forma de pensar y concebir el universo de las sociedades prehisp\u00e1nicas que hab\u00eda en Mesoam\u00e9rica, pero tambi\u00e9n est\u00e1 en todas las \u00e9pocas y para todas las personas, siempre se ha buscado evadirla pero no se ha podido nunca\u201d, expres\u00f3 el reconocido arque\u00f3logo y antrop\u00f3logo, Eduardo Matos Moctezuma en la conferencia magistral La muerte en el M\u00e9xico prehisp\u00e1nico que ofreci\u00f3 en la Universidad Aut\u00f3noma del Estado de M\u00e9xico (UAEM\u00e9x).<\/p>\n","protected":false},"author":3,"featured_media":639508,"comment_status":"open","ping_status":"open","sticky":false,"template":"","format":"standard","meta":{"_monsterinsights_skip_tracking":false,"_monsterinsights_sitenote_active":false,"_monsterinsights_sitenote_note":"","_monsterinsights_sitenote_category":0,"footnotes":""},"categories":[5],"tags":[101157,8202,67878],"class_list":["post-639414","post","type-post","status-publish","format-standard","has-post-thumbnail","hentry","category-estado-de-mexico","tag-eduardo-matos-moctezuma","tag-muerte","tag-uaemex"],"_links":{"self":[{"href":"https:\/\/www.diarioimagen.net\/index.php?rest_route=\/wp\/v2\/posts\/639414","targetHints":{"allow":["GET"]}}],"collection":[{"href":"https:\/\/www.diarioimagen.net\/index.php?rest_route=\/wp\/v2\/posts"}],"about":[{"href":"https:\/\/www.diarioimagen.net\/index.php?rest_route=\/wp\/v2\/types\/post"}],"author":[{"embeddable":true,"href":"https:\/\/www.diarioimagen.net\/index.php?rest_route=\/wp\/v2\/users\/3"}],"replies":[{"embeddable":true,"href":"https:\/\/www.diarioimagen.net\/index.php?rest_route=%2Fwp%2Fv2%2Fcomments&post=639414"}],"version-history":[{"count":0,"href":"https:\/\/www.diarioimagen.net\/index.php?rest_route=\/wp\/v2\/posts\/639414\/revisions"}],"wp:featuredmedia":[{"embeddable":true,"href":"https:\/\/www.diarioimagen.net\/index.php?rest_route=\/wp\/v2\/media\/639508"}],"wp:attachment":[{"href":"https:\/\/www.diarioimagen.net\/index.php?rest_route=%2Fwp%2Fv2%2Fmedia&parent=639414"}],"wp:term":[{"taxonomy":"category","embeddable":true,"href":"https:\/\/www.diarioimagen.net\/index.php?rest_route=%2Fwp%2Fv2%2Fcategories&post=639414"},{"taxonomy":"post_tag","embeddable":true,"href":"https:\/\/www.diarioimagen.net\/index.php?rest_route=%2Fwp%2Fv2%2Ftags&post=639414"}],"curies":[{"name":"wp","href":"https:\/\/api.w.org\/{rel}","templated":true}]}}