{"id":639428,"date":"2024-11-04T00:05:02","date_gmt":"2024-11-04T06:05:02","guid":{"rendered":"https:\/\/www.diarioimagen.net\/?p=639428"},"modified":"2024-11-04T22:39:49","modified_gmt":"2024-11-05T04:39:49","slug":"impulsa-gobernadora-la-electromovilidad-en-el-estado","status":"publish","type":"post","link":"https:\/\/www.diarioimagen.net\/?p=639428","title":{"rendered":"Impulsa gobernadora la electromovilidad en el estado"},"content":{"rendered":"<p>&nbsp;<\/p>\n<ul>\n<li><em><strong>Ponen en marcha 15 unidades el\u00e9ctricas del Mexib\u00fas<\/strong><\/em><\/li>\n<\/ul>\n<p><strong>\u00a0<\/strong><\/p>\n<div id=\"attachment_639540\" style=\"width: 470px\" class=\"wp-caption aligncenter\"><a href=\"https:\/\/www.diarioimagen.net\/?attachment_id=639540\" rel=\"attachment wp-att-639540\"><img loading=\"lazy\" decoding=\"async\" aria-describedby=\"caption-attachment-639540\" class=\"size-full wp-image-639540\" src=\"https:\/\/www.diarioimagen.net\/wp-content\/uploads\/2024\/11\/impulsa-gobernadora-electro.jpg\" alt=\"\" width=\"460\" height=\"270\" srcset=\"https:\/\/www.diarioimagen.net\/wp-content\/uploads\/2024\/11\/impulsa-gobernadora-electro.jpg 460w, https:\/\/www.diarioimagen.net\/wp-content\/uploads\/2024\/11\/impulsa-gobernadora-electro-240x141.jpg 240w\" sizes=\"auto, (max-width: 460px) 100vw, 460px\" \/><\/a><p id=\"caption-attachment-639540\" class=\"wp-caption-text\">La gobernadora Delfina G\u00f3mez \u00c1lvarez inici\u00f3 la primera etapa de sustituci\u00f3n de la flota vehicular del Mexib\u00fas L\u00ednea 2, en beneficio de 3 millones de usuarias y usuarios.<\/p><\/div>\n<p>&nbsp;<\/p>\n<p><strong>Toluca, Estado de M\u00e9xico.\u2014<\/strong> Para promover la electromovilidad en el Estado de M\u00e9xico, la Gobernadora Delfina G\u00f3mez \u00c1lvarez inici\u00f3 la primera etapa de sustituci\u00f3n de la flota vehicular del Mexib\u00fas L\u00ednea 2, al poner en marcha 15 unidades el\u00e9ctricas que beneficiar\u00e1n a 3 millones de usuarias y usuarios.<\/p>\n<p>\u201cLa actual administraci\u00f3n impulsa la electromovilidad como una pol\u00edtica p\u00fablica que contempla las acciones necesarias para llevar a cabo la transici\u00f3n energ\u00e9tica y de electrificaci\u00f3n del transporte con unidades dignas y c\u00f3modas que contribuyen a la calidad de vida de las y los mexiquenses\u201d, indic\u00f3 la Gobernadora Delfina G\u00f3mez \u00c1lvarez.<\/p>\n<p>En esta fase se sustituir\u00e1n 15 unidades a cargo de la empresa Transcomunicador: 10 dise\u00f1adas especialmente para el Servicio Rosa, con capacidad para 90 pasajeras, y cinco unidades con capacidad para 160 personas.<\/p>\n<p>Esta l\u00ednea moviliza diariamente a 3 millones de usuarias y usuarios de los municipios de Ecatepec, Cuautitl\u00e1n Izcalli, Tultitl\u00e1n y Coacalco.<\/p>\n<p>La mandataria mexiquense afirm\u00f3 que se realizar\u00e1n pruebas operativas para evaluar la posibilidad de sustituir m\u00e1s unidades de este transporte a partir de julio de 2025.<\/p>\n<p>\u201cY yo s\u00e9 que es punta de lanza, ya en pr\u00f3ximas fechas platicaremos con nuestros compa\u00f1eros transportistas y haremos esta propuesta, veremos que si el Gobierno del Estado de M\u00e9xico puede, a lo mejor hacer algunas acciones tendientes a que facilitemos la adquisici\u00f3n de m\u00e1s unidades, pues hay que hacerlo\u201d.<\/p>\n<p>Daniel Sibaja Gonz\u00e1lez, Secretario de Movilidad del Estado de M\u00e9xico, explic\u00f3 que con esta tecnolog\u00eda se reducen hasta en 30 por ciento los costos operativos de las unidades, las cuales contar\u00e1n con sistemas de monitoreo, acceso a internet y conexiones para dispositivos m\u00f3viles.<\/p>\n","protected":false},"excerpt":{"rendered":"<p>Para promover la electromovilidad en el Estado de M\u00e9xico, la Gobernadora Delfina G\u00f3mez \u00c1lvarez inici\u00f3 la primera etapa de sustituci\u00f3n de la flota vehicular del Mexib\u00fas L\u00ednea 2, al poner en marcha 15 unidades el\u00e9ctricas que beneficiar\u00e1n a 3 millones de usuarias y usuarios.<\/p>\n","protected":false},"author":3,"featured_media":639540,"comment_status":"open","ping_status":"open","sticky":false,"template":"","format":"standard","meta":{"_monsterinsights_skip_tracking":false,"_monsterinsights_sitenote_active":false,"_monsterinsights_sitenote_note":"","_monsterinsights_sitenote_category":0,"footnotes":""},"categories":[5,99730],"tags":[57859,101158,43675,452],"class_list":["post-639428","post","type-post","status-publish","format-standard","has-post-thumbnail","hentry","category-estado-de-mexico","category-edomex","tag-delfina-gomez-alvarez","tag-electromovilidad","tag-estado-de-mexico","tag-toluca"],"_links":{"self":[{"href":"https:\/\/www.diarioimagen.net\/index.php?rest_route=\/wp\/v2\/posts\/639428","targetHints":{"allow":["GET"]}}],"collection":[{"href":"https:\/\/www.diarioimagen.net\/index.php?rest_route=\/wp\/v2\/posts"}],"about":[{"href":"https:\/\/www.diarioimagen.net\/index.php?rest_route=\/wp\/v2\/types\/post"}],"author":[{"embeddable":true,"href":"https:\/\/www.diarioimagen.net\/index.php?rest_route=\/wp\/v2\/users\/3"}],"replies":[{"embeddable":true,"href":"https:\/\/www.diarioimagen.net\/index.php?rest_route=%2Fwp%2Fv2%2Fcomments&post=639428"}],"version-history":[{"count":0,"href":"https:\/\/www.diarioimagen.net\/index.php?rest_route=\/wp\/v2\/posts\/639428\/revisions"}],"wp:featuredmedia":[{"embeddable":true,"href":"https:\/\/www.diarioimagen.net\/index.php?rest_route=\/wp\/v2\/media\/639540"}],"wp:attachment":[{"href":"https:\/\/www.diarioimagen.net\/index.php?rest_route=%2Fwp%2Fv2%2Fmedia&parent=639428"}],"wp:term":[{"taxonomy":"category","embeddable":true,"href":"https:\/\/www.diarioimagen.net\/index.php?rest_route=%2Fwp%2Fv2%2Fcategories&post=639428"},{"taxonomy":"post_tag","embeddable":true,"href":"https:\/\/www.diarioimagen.net\/index.php?rest_route=%2Fwp%2Fv2%2Ftags&post=639428"}],"curies":[{"name":"wp","href":"https:\/\/api.w.org\/{rel}","templated":true}]}}