{"id":639436,"date":"2024-11-04T00:02:22","date_gmt":"2024-11-04T06:02:22","guid":{"rendered":"https:\/\/www.diarioimagen.net\/?p=639436"},"modified":"2024-11-04T22:46:00","modified_gmt":"2024-11-05T04:46:00","slug":"minera-calica-se-libra-de-multa-de-mas-de-7-millones-de-pesos","status":"publish","type":"post","link":"https:\/\/www.diarioimagen.net\/?p=639436","title":{"rendered":"Minera Calica se libra de multa de m\u00e1s de 7\u00a0millones\u00a0de\u00a0pesos"},"content":{"rendered":"<p>&nbsp;<\/p>\n<h2 style=\"text-align: center;\">Proceso legal<\/h2>\n<p>&nbsp;<\/p>\n<ul>\n<li><strong><em>Conceden suspensi\u00f3n definitiva hasta que culmine el juicio en su contra\u00a0<\/em><\/strong><\/li>\n<\/ul>\n<p><strong>\u00a0<\/strong><\/p>\n<div id=\"attachment_639531\" style=\"width: 470px\" class=\"wp-caption aligncenter\"><a href=\"https:\/\/www.diarioimagen.net\/?attachment_id=639531\" rel=\"attachment wp-att-639531\"><img loading=\"lazy\" decoding=\"async\" aria-describedby=\"caption-attachment-639531\" class=\"size-full wp-image-639531\" src=\"https:\/\/www.diarioimagen.net\/wp-content\/uploads\/2024\/11\/minera-calica.jpg\" alt=\"\" width=\"460\" height=\"270\" srcset=\"https:\/\/www.diarioimagen.net\/wp-content\/uploads\/2024\/11\/minera-calica.jpg 460w, https:\/\/www.diarioimagen.net\/wp-content\/uploads\/2024\/11\/minera-calica-240x141.jpg 240w\" sizes=\"auto, (max-width: 460px) 100vw, 460px\" \/><\/a><p id=\"caption-attachment-639531\" class=\"wp-caption-text\">Calica logra evitar una multa millonaria, al menos mientras no finalice el juicio.<\/p><\/div>\n<p>&nbsp;<\/p>\n<p><strong>Playa del Carmen.\u2014<\/strong> La Sala Especializada en Materia Ambiental y de Regulaci\u00f3n, del Tribunal Federal de Justicia Administrativa (TFJA), dict\u00f3 un acuerdo dentro del expediente 73\/21-EAR-01-6 de juicio de nulidad promovido en 2021 por la filial de Vulcan Materials Company, es decir, que logr\u00f3 la suspensi\u00f3n del pago de una multa en tanto no quede resuelto el juicio en su contra.<\/p>\n<p>De tal manera que Calizas Industriales del Carmen (Calica) cuenta con una suspensi\u00f3n definitiva contra una sanci\u00f3n econ\u00f3mica de siete millones 985 mil pesos aparejada a las clausuras impuestas contra la extracci\u00f3n de roca caliza en los predios El Corchalito y La Adelita, al sur de Playa del Carmen.<\/p>\n<p>En el acuerdo dictado se lee \u201cSe concede la suspensi\u00f3n definitiva de la ejecuci\u00f3n del acto impugnado respecto de las multas aplicadas en cantidad total de $7\u2019985,053.92, para el efecto de que las cosas se mantengan en el estado en que se encuentran\u201d.<\/p>\n<p>Cabe recordar que, estos predios fueron clausurados en 2018 por la Procuradur\u00eda Federal de Protecci\u00f3n al Ambiente (Profepa), durante los \u00faltimos d\u00edas del sexenio de Enrique Pe\u00f1a Nieto, y es que, en su momento Calica sobrepas\u00f3 el nivel autorizado de extracci\u00f3n de material p\u00e9treo en la regi\u00f3n.\u00a0 El gobierno mexicano le exigi\u00f3 el pago millonario como sanci\u00f3n econ\u00f3mica y a partir de estas clausuras, Calica inici\u00f3 el proceso legal ante el Centro Internacional de Arreglo de Diferencia relativa a Inversiones (Ciadi), con el que reclama mil 500 millones de d\u00f3lares al gobierno mexicano, por da\u00f1os y perjuicios.<\/p>\n<p>La citada sala del TFJA que le otorg\u00f3 el beneficio a Calica tiene su sede en la Ciudad de M\u00e9xico, donde abri\u00f3 otro frente legal para revertir los actos administrativos impuestos por las autoridades mexicanas.<\/p>\n<p>Posteriormente, en el 2022 el predio La Rosita, tambi\u00e9n fue clausurado dentro de su zona de extracci\u00f3n, ya en el sexenio de Andr\u00e9s Manuel L\u00f3pez Obradory con tal sanci\u00f3n qued\u00f3 frenado cualquier intento de continuar sus labores mineras.<\/p>\n<p>Para septiembre pasado el Gobierno Federal decret\u00f3 los terrenos de Calica como \u00c1rea Natural Protegida.<\/p>\n","protected":false},"excerpt":{"rendered":"<p>La Sala Especializada en Materia Ambiental y de Regulaci\u00f3n, del Tribunal Federal de Justicia Administrativa (TFJA), dict\u00f3 un acuerdo dentro del expediente 73\/21-EAR-01-6 de juicio de nulidad promovido en 2021 por la filial de Vulcan Materials Company, es decir, que logr\u00f3 la suspensi\u00f3n del pago de una multa en tanto no quede resuelto el juicio en su contra.\u00a0<\/p>\n","protected":false},"author":3,"featured_media":639531,"comment_status":"open","ping_status":"open","sticky":false,"template":"","format":"standard","meta":{"_monsterinsights_skip_tracking":false,"_monsterinsights_sitenote_active":false,"_monsterinsights_sitenote_note":"","_monsterinsights_sitenote_category":0,"footnotes":""},"categories":[17,3],"tags":[95784,24378,1469,17847],"class_list":["post-639436","post","type-post","status-publish","format-standard","has-post-thumbnail","hentry","category-especiales","category-nacional","tag-calica","tag-juicio","tag-libra","tag-multa"],"_links":{"self":[{"href":"https:\/\/www.diarioimagen.net\/index.php?rest_route=\/wp\/v2\/posts\/639436","targetHints":{"allow":["GET"]}}],"collection":[{"href":"https:\/\/www.diarioimagen.net\/index.php?rest_route=\/wp\/v2\/posts"}],"about":[{"href":"https:\/\/www.diarioimagen.net\/index.php?rest_route=\/wp\/v2\/types\/post"}],"author":[{"embeddable":true,"href":"https:\/\/www.diarioimagen.net\/index.php?rest_route=\/wp\/v2\/users\/3"}],"replies":[{"embeddable":true,"href":"https:\/\/www.diarioimagen.net\/index.php?rest_route=%2Fwp%2Fv2%2Fcomments&post=639436"}],"version-history":[{"count":0,"href":"https:\/\/www.diarioimagen.net\/index.php?rest_route=\/wp\/v2\/posts\/639436\/revisions"}],"wp:featuredmedia":[{"embeddable":true,"href":"https:\/\/www.diarioimagen.net\/index.php?rest_route=\/wp\/v2\/media\/639531"}],"wp:attachment":[{"href":"https:\/\/www.diarioimagen.net\/index.php?rest_route=%2Fwp%2Fv2%2Fmedia&parent=639436"}],"wp:term":[{"taxonomy":"category","embeddable":true,"href":"https:\/\/www.diarioimagen.net\/index.php?rest_route=%2Fwp%2Fv2%2Fcategories&post=639436"},{"taxonomy":"post_tag","embeddable":true,"href":"https:\/\/www.diarioimagen.net\/index.php?rest_route=%2Fwp%2Fv2%2Ftags&post=639436"}],"curies":[{"name":"wp","href":"https:\/\/api.w.org\/{rel}","templated":true}]}}