{"id":639484,"date":"2024-11-04T00:09:58","date_gmt":"2024-11-04T06:09:58","guid":{"rendered":"https:\/\/www.diarioimagen.net\/?p=639484"},"modified":"2024-11-04T00:01:09","modified_gmt":"2024-11-04T06:01:09","slug":"antonio-sola-tuvo-razon-en-2006","status":"publish","type":"post","link":"https:\/\/www.diarioimagen.net\/?p=639484","title":{"rendered":"Antonio Sola tuvo raz\u00f3n en 2006"},"content":{"rendered":"<h2>Poder y dinero<\/h2>\n<h5>V\u00edctor S\u00e1nchez Ba\u00f1os<\/h5>\n<p><strong>\u00a0<\/strong><\/p>\n<ul>\n<li><strong><em>AMLO fue un peligro para M\u00e9xico<\/em><\/strong><\/li>\n<li><strong><em>Comit\u00e9 de elecci\u00f3n judicial, bodrio<\/em><\/strong><\/li>\n<li><strong><em>La SCJN pone talento y apartidismo<\/em><\/strong><\/li>\n<li><strong><em>Los dem\u00e1s, leales al oficialismo<\/em><\/strong><\/li>\n<li><strong><em>P\u00e1nico de Noro\u00f1a ante <\/em>Alito<\/strong><\/li>\n<li><strong><em>Us\u00f3 senadoras como escudo<\/em><\/strong><\/li>\n<li><strong><em>Milei apanica a morenistas<\/em><\/strong><\/li>\n<li><strong><em>130 a\u00f1os de fundada la BMV<\/em><\/strong><\/li>\n<\/ul>\n<p>&nbsp;<\/p>\n<p style=\"text-align: right;\"><em>Cuando el gobierno viola los derechos del pueblo, la insurrecci\u00f3n es<br \/>\nel m\u00e1s sagrado de los derechos y el m\u00e1s indispensable de los deberes<br \/>\n<\/em><strong>Marqu\u00e9s de La Fayette<\/strong> (1757-1834) Militar y pol\u00edtico franc\u00e9s<\/p>\n<p>&nbsp;<\/p>\n<p>Ya sab\u00edamos, sin ser pitonisos, lo que ocurrir\u00eda al momento de llegar L\u00f3pez Obrador al poder. Los antecedentes de honestidad eran escasos a su paso por el gobierno de la Ciudad de M\u00e9xico, no en balde lo desaforaron y se fue vergonzosamente de esa chamba que le dej\u00f3 mucho dinero a \u00e9l y a sus cercanos colaboradores.<\/p>\n<p>Adem\u00e1s, su obsesi\u00f3n por el poder qued\u00f3 en evidencia desde que se pele\u00f3 porque supuestamente, lo que nunca fue comprobado, lo hab\u00edan despojado de la gubernatura de Tabasco. Us\u00f3, inmoralmente, ya que para ello recibi\u00f3 enormes sumas de dinero, a miles de personas para hacer manifestaciones y toma de pozos petroleros, para quitarle el triunfo al gobernador leg\u00edtimo, Roberto Madrazo.<\/p>\n<p>Por ello, all\u00e1 en el a\u00f1o 2006, Antonio Sola, consultor pol\u00edtico contratado por Felipe Calder\u00f3n, tuvo raz\u00f3n en lanzar la campa\u00f1a \u201cAMLO es un peligro para M\u00e9xico\u201d, lo que result\u00f3 ser cierto al paso del tiempo.<\/p>\n<p>D\u00eda a d\u00eda, queda claro que L\u00f3pez quiere una 4T que reine mil a\u00f1os. Todo lo hace para ello. Gana con el 54% de los votos, poco menos del 36% del electorado, y dice que tiene el mandato de la ciudadan\u00eda para cambiar la Constituci\u00f3n para su uso, abuso y beneficio.<\/p>\n<p>Y, mira estimado lector, no tengo elementos (m\u00e1s que algunas pruebas peque\u00f1as) de que las elecciones fueron violadas. Muy posiblemente ganaron una mayor\u00eda que ellos mismo no esperaban. Por ello, no puedo cuestionar la legitimidad de ese triunfo, pero no que tengan una mayor\u00eda calificada. Eso no se los dio el electorado que acudi\u00f3 a las urnas. Y siempre dir\u00e9 que no tienen un cheque en blanco, como lo usan ahora. En una empresa, se le llama \u201cabuso de poder\u201d y en muchos casos est\u00e1 tipificado como delito.<\/p>\n<p>El \u00faltimo de sus excesos, es la presentaci\u00f3n de los miembros de los Comit\u00e9s de Selecci\u00f3n rumbo a la magna elecci\u00f3n judicial. La reforma al Poder Judicial establece que los Comit\u00e9s de Evaluaci\u00f3n integrar\u00e1n un listado de las 10 personas mejor evaluadas para cada vacante en la Suprema Corte, el Tribunal Electoral y el Tribunal de Disciplina Judicial. Para el caso de jueces y juezas de Distrito y de magistradas y magistrados de circuito, se van a elegir seis perfiles. Estos ser\u00e1n los que estar\u00e1n en las boletas electorales.<\/p>\n<p>Pero qui\u00e9nes son los que formar\u00e1n parte de estos comit\u00e9s. Las propuestas del Ejecutivo, son una burla a la palabra empe\u00f1ada por los morenistas de no proponer a quienes tengan perfiles partidistas. Todos son afines a AMLO y al actual gobierno. Arturo Zald\u00edvar, Vanessa Romero, Mary Cruz Cort\u00e9s, Isabel Romero y Javier Quijano. Todos, con el sello guinda de la casa. Arturo Zald\u00edvar y Javier Quijano, leales a L\u00f3pez al 100%. Este \u00faltimo fue el abogado que lo defendi\u00f3 al desafuero.<\/p>\n<p>Pero, qu\u00e9 decir de las propuestas del Legislativo. Ni uno de oposici\u00f3n. Todos morenistas que borraron sus huellas partidistas en sus redes para no ser cuestionados como Andr\u00e9s Garc\u00eda Repper, quien fue representante de Morena en el Instituto Electoral de Tamaulipas. Naday Merino, del Grupo de Ad\u00e1n L\u00f3pez; Gabriela S\u00e1nchez, ligada al senador Enrique Inzunza, exsecretario de gobierno de Rub\u00e9n Rocha en Sinaloa; Ana Brice\u00f1o y Maribel M\u00e9ndez, propuestas de Ricardo Monreal. Todos de Morena.<\/p>\n<p>Las propuestas de la Suprema Corte de Justicia son personajes de inmaculada trayectoria: Emma Meza y Emilia Molina, magistradas federales; Wilfrido Casta\u00f1\u00f3n, magistrado; M\u00f3nica Gonz\u00e1lez Contr\u00f3, directora de Investigaciones Jur\u00eddicas y el acad\u00e9mico Luis Enrique Pereda. El que menos trayectoria tiene ha escrito ensayos jur\u00eddicos.<\/p>\n<p>Esto nos deja claro que la elecci\u00f3n de ministros, magistrados, jueces y el tribunal de tribunales, el llamado Tribunal de Disciplina Judicial, que tendr\u00e1 todo el poder para controlar la Corte y podr\u00e1 recomendar casos. Los integrantes, definitivamente ser\u00e1n afines a Morena. Estar\u00e1n en esa chamba desde 2025 hasta el 2030 (tres de ellos) y 2033 (otros 2). Sobre de ellos, nadie en el mundo carnal.<\/p>\n<p>Poder Total, para un partido. Lo est\u00e1 logrando por la v\u00eda constitucional la secta de AMLO.<\/p>\n<p style=\"text-align: center;\"><strong>PODEROSOS CABALLEROS<\/strong><\/p>\n<p><strong><em>ALITO<\/em> CONFRONTA A NORO\u00d1A:<\/strong> Bravuc\u00f3n desde el p\u00falpito legislativo, el actual presidente de la mesa directiva del Senado, Gerardo Fern\u00e1ndez Noro\u00f1a, se achic\u00f3 ante el reclamo de Alejandro Moreno, <em>Alito<\/em>, l\u00edder nacional del PRI cuando se enfrent\u00f3, ya que no le proporcionaba la palabra. Preso del p\u00e1nico, le ped\u00eda respeto a la investidura de la presidencia del Senado. Autoritario, Noro\u00f1a qued\u00f3 reducido a un manojo de nervios. Adem\u00e1s, ante el terror en el rostro, tuvieron que acudir a su rescate senadoras de Morena para que no recibiera una dosis de humildad. Gerardo no ha entendido el papel como presidente de la Mesa directiva, pues este senador se destaca por su despotismo, groser\u00eda y altaner\u00eda. Se <em>friquea<\/em> por una leg\u00edtima exigencia cara a cara. No que muy gallito, le gritaban desde la oposici\u00f3n.<\/p>\n<p><strong>MILEI VA GANANDO:<\/strong> A la izquierda mexicana le interesa que se tropiece el gobierno de Javier Milei en Argentina. Se la jug\u00f3 con los Kirshner, tanto con el extinto N\u00e9stor, como su esposa Cristina Fern\u00e1ndez y el primo de \u00e9sta, Alberto Fern\u00e1ndez, quienes dejaron un desastre monumental en la econom\u00eda de esa gran naci\u00f3n. Si fracasara Milei, entonces subir\u00edan los bonos de la izquierda fracasada. Pero, oh sorpresa: Milei da excelentes resultados en la econom\u00eda y disminuye a pasos agigantados la inflaci\u00f3n y disminuye el d\u00e9ficit p\u00fablico. \u00bfQu\u00e9 significa esto? Pues que disminuy\u00f3 la corrupci\u00f3n izquierdosa, por una parte, y que las medidas de control de las finanzas p\u00fablicas, mejora el bienestar general. El respeto a las instituciones, es el camino correcto. Mandarlas al diablo, como lo hizo AMLO no es el camino. Por cierto, la econom\u00eda argentina crecer\u00e1 5%.<\/p>\n<p style=\"text-align: center;\"><strong>RESPONSABILIDAD SOCIAL Y GOBERNANZA<\/strong><\/p>\n<p><strong>BMV:<\/strong> La semana pasada, la Bolsa Mexicana de Valores cumpli\u00f3 130 a\u00f1os de existir. Ahora, bajo la presidencia de Marcos Mart\u00ednez Gavica y la direcci\u00f3n de Jorge Alegr\u00eda, es un mercado de valores s\u00f3lido y con reconocimiento mundial. En 1894, Manuel Algara, Camilo Arriaga y Manuel Nicol\u00edn promovieron, entre los m\u00e1s distinguidos corredores de comercio de la \u00e9poca, la idea de que la negociaci\u00f3n de valores deb\u00eda tener un marco normativo e institucional. As\u00ed naci\u00f3 bajo el liderazgo de Luis G. Necoechea y Llerena la BMV. De reuniones en la calle o en lugares cerrados a un sitio donde todos los interesados intercambiaban valores de todo tipo en el centro de la Ciudad de M\u00e9xico. Recordamos el paso de varios presidentes de la Bolsa con los que compartimos informaci\u00f3n, ellos burs\u00e1til y nosotros en los medios. Jos\u00e9 Madariaga, Manuel Somoza, Jorge Caso Berch, Alfredo Harp Hel\u00fa, Manuel Robleda, Guillermo Prieto Trevi\u00f1o, Luis T\u00e9llez, Jaime Ruiz Sacrist\u00e1n y Marcos Mart\u00ednez Gavica.<\/p>\n<p><em><a href=\"mailto:vsb@poderydinero.mx\" target=\"_blank\" rel=\"noopener noreferrer\">vsb@poderydinero.mx<\/a><br \/>\n<a href=\"https:\/\/twitter.com\/vsanchezbanos?lang=es\" target=\"_blank\" rel=\"noopener\">@vsanchezbanos<\/a><\/em><\/p>\n","protected":false},"excerpt":{"rendered":"<p><span style=\"color: #005497;\"><strong>V\u00edctor S\u00e1nchez Ba\u00f1os<\/strong><\/span><\/p>\n","protected":false},"author":3,"featured_media":0,"comment_status":"open","ping_status":"open","sticky":false,"template":"","format":"standard","meta":{"_monsterinsights_skip_tracking":false,"_monsterinsights_sitenote_active":false,"_monsterinsights_sitenote_note":"","_monsterinsights_sitenote_category":0,"footnotes":""},"categories":[38844],"tags":[43674,38847,38848],"class_list":["post-639484","post","type-post","status-publish","format-standard","hentry","category-victor-sanchez-banos","tag-opinion","tag-poder-y-dinero","tag-victor-sanchez-banos"],"_links":{"self":[{"href":"https:\/\/www.diarioimagen.net\/index.php?rest_route=\/wp\/v2\/posts\/639484","targetHints":{"allow":["GET"]}}],"collection":[{"href":"https:\/\/www.diarioimagen.net\/index.php?rest_route=\/wp\/v2\/posts"}],"about":[{"href":"https:\/\/www.diarioimagen.net\/index.php?rest_route=\/wp\/v2\/types\/post"}],"author":[{"embeddable":true,"href":"https:\/\/www.diarioimagen.net\/index.php?rest_route=\/wp\/v2\/users\/3"}],"replies":[{"embeddable":true,"href":"https:\/\/www.diarioimagen.net\/index.php?rest_route=%2Fwp%2Fv2%2Fcomments&post=639484"}],"version-history":[{"count":0,"href":"https:\/\/www.diarioimagen.net\/index.php?rest_route=\/wp\/v2\/posts\/639484\/revisions"}],"wp:attachment":[{"href":"https:\/\/www.diarioimagen.net\/index.php?rest_route=%2Fwp%2Fv2%2Fmedia&parent=639484"}],"wp:term":[{"taxonomy":"category","embeddable":true,"href":"https:\/\/www.diarioimagen.net\/index.php?rest_route=%2Fwp%2Fv2%2Fcategories&post=639484"},{"taxonomy":"post_tag","embeddable":true,"href":"https:\/\/www.diarioimagen.net\/index.php?rest_route=%2Fwp%2Fv2%2Ftags&post=639484"}],"curies":[{"name":"wp","href":"https:\/\/api.w.org\/{rel}","templated":true}]}}