{"id":639489,"date":"2024-11-04T00:02:56","date_gmt":"2024-11-04T06:02:56","guid":{"rendered":"https:\/\/www.diarioimagen.net\/?p=639489"},"modified":"2024-11-04T00:30:31","modified_gmt":"2024-11-04T06:30:31","slug":"fernandez-norona-no-intimida-a-alito-moreno-que-lo-puso-en-su-lugar","status":"publish","type":"post","link":"https:\/\/www.diarioimagen.net\/?p=639489","title":{"rendered":"Fern\u00e1ndez Noro\u00f1a no intimida a <em>Alito<\/em>\u00a0Moreno,\u00a0que\u00a0lo\u00a0puso\u00a0en\u00a0su\u00a0lugar"},"content":{"rendered":"<h2>La Retaguardia<\/h2>\n<h5>Adriana Moreno Cordero<\/h5>\n<p>&nbsp;<\/p>\n<ul>\n<li><strong><em>Muchos yerros pesan sobre la cabeza del senador morenista<\/em><\/strong><\/li>\n<\/ul>\n<p>&nbsp;<\/p>\n<p>Vaya que le cal\u00f3 y le doli\u00f3 al flamante presidente de la Mesa Directiva del Senado de la Rep\u00fablica, <strong>Gerardo Fern\u00e1ndez Noro\u00f1a<\/strong>, la exhibida que en d\u00edas pasados le puso el tambi\u00e9n senador por el PRI, <strong>Alejandro Moreno C\u00e1rdenas<\/strong>, quien lo puso en su lugar, porque eso exhibi\u00f3 toda la mezquindad y soberbia de quien ha demostrado que no sabe manejar ese cargo.<\/p>\n<p>Y ahora muy al estilo del ex presidente <strong>Andr\u00e9s Manuel L\u00f3pez Obrador<\/strong>, a quien Fern\u00e1ndez Noro\u00f1a quiere emular porque tiene el deseo de ser candidato presidencial de Morena en el 2030, (no tuviera tanta suerte el expetista), utiliza la venganza y la v\u00edscera para el desquite.<\/p>\n<p>Chiquito se hizo el ahora flamante senador morenista cuando el tambi\u00e9n presidente del PRI, lo espet\u00f3, porque es evidente que Gerardo Fern\u00e1ndez, desde la posici\u00f3n que le pele\u00f3 ni m\u00e1s ni menos que a la mism\u00edsima\u00a0 presidenta <strong>Claudia Sheinbaum<\/strong> y al coordinador de la bancada guinda en la C\u00e1mara alta, <strong>Ad\u00e1n Augusto L\u00f3pez Hern\u00e1ndez<\/strong>, solo la ha utilizado para conducir las sesiones de la manera m\u00e1s parcial posible, siempre beneficiando a la mayor\u00eda artificial que tiene Morena y r\u00e9moras en esa instancia legislativa.<\/p>\n<p>Adem\u00e1s, por las redes sociales circula un video de su hermana, Rosa Luz Fern\u00e1ndez Noro\u00f1a en el que asegura que no est\u00e1 dispuesta a soportar situaciones de violencia y acusa al flamante senador de ejercer violencia de g\u00e9nero y f\u00edsica, sino hasta en contra de la\u00a0 madre de ambos:<\/p>\n<p>\u201cEstuvo a punto de golpearme en un lugar p\u00fablico, me agredi\u00f3 verbalmente. A m\u00ed me da mucha tristeza que Gerardo (Fern\u00e1ndez Noro\u00f1a), est\u00e9 perdiendo el piso\u2026 extralimit\u00f3 las cosas grit\u00e1ndome en una cafeter\u00eda en el Centro Hist\u00f3rico\u2026 me gritaba hija de pu\u2026 provocadora!,\u2026 pero a tus hermanos de sangre no puedes hablarle de esa manera\u2026 no vamos a apoyar que Gerardo sea injusto\u2026 tengo denuncias que hacer sobre todo por violencia de g\u00e9nero, maldiciendo a su propia sangre\u201d.<\/p>\n<p>\u00bfY qu\u00e9 va hacer el flamante senador morenista?, \u00bfc\u00f3mo pensar\u00e1 desmentir tales se\u00f1alamientos?, no hay forma, est\u00e1 exhibida su personalidad harto agresiva, misma que tiene m\u00e1s antecedentes como haber agredido verbalmente a diputadas del PAN y luego querer componer la situaci\u00f3n envi\u00e1ndoles flores, o como cuando una ex pareja acudi\u00f3 a las instalaciones del Palacio Legislativo de San L\u00e1zaro a demandar la pensi\u00f3n que le correspond\u00eda, am\u00e9n de los esc\u00e1ndalos en la v\u00eda p\u00fablica que ha protagonizado Fern\u00e1ndez Noro\u00f1a.<\/p>\n<p>Retomando, despu\u00e9s del encontronazo que el visceral senador protagoniz\u00f3 con <em>Alito<\/em> Moreno que le record\u00f3 que el respeto se gana, el aspirante a grit\u00f3n de la Loter\u00eda y a candidato presidencial para el 2030 ech\u00f3 mano de cuando era diputado por el PT y se\u00f1al\u00f3 que sigue pendiente el proceso de desafuero contra el priista.<\/p>\n<p>Espec\u00edficamente se\u00f1al\u00f3: \u201cEl desafuero de Alejandro Moreno est\u00e1 solicitado, est\u00e1 en la lista, porque lo solicit\u00f3 en su momento la fiscal\u00eda de Campeche, si mal no recuerdo\u201d.<\/p>\n<p>Si supuso el presidente de la C\u00e1mara Alta que con esto va a intimidar a Moreno C\u00e1rdenas, est\u00e1 muy equivocado. Demasiados son los yerros que pesan sobre la cabeza de Gerardo Fern\u00e1ndez porque, seg\u00fan se sabe, hasta en su propio partido, Morena, reniegan de \u00e9l, ya que tambi\u00e9n ha arremetido en contra de sus propios correligionarios.<\/p>\n<p>No hay que soslayar el enfrentamiento que en el pasado tuvo con el entonces diputado <strong>Porfirio Mu\u00f1oz Ledo<\/strong> por la presidencia de la Mesa directiva de la C\u00e1mara de Diputados. Tambi\u00e9n lo agredi\u00f3 verbalmente y le falt\u00f3 al respeto, con raz\u00f3n el fallecido diputado dijo una vez sin reparar que ten\u00eda el micr\u00f3fono abierto en alusi\u00f3n a c\u00f3mo trabajan legisladores de Morena y r\u00e9moras: \u201cqu\u00e9 manera de legislar, no tienen madre\u201d. Si Mu\u00f1oz Ledo viviera y constatara todos los errores y omisiones del oficialismo, se vuelve a morir.<\/p>\n<p><strong>MUNICIONES<\/strong><\/p>\n<p><strong>***<\/strong> No es la primera vez que la Iglesia Cat\u00f3lica, hace llamados a la paz. Hay que recordar que los hombres de sotana se han atrevido a m\u00e1s en cuanto a acercarse con los capos de los c\u00e1rteles, en diversos estados de la Rep\u00fablica con el objetivo de negociar para que ya no haya m\u00e1s muerte, lo que en los \u00faltimos d\u00edas se ha recrudecido con el caso Sinaloa, donde por cierto, el gobernador <strong>Rub\u00e9n Rocha Moya<\/strong>, sigue apertrechado, suponiendo que con la \u201cbendici\u00f3n\u201d de los legisladores de Morena le es suficiente para salvarse, lo cual est\u00e1 a\u00fan por verse. Esta vez, por medio del semanario \u201cDesde la Fe\u201d, como lo han hecho semana tras semana, la Iglesia demand\u00f3: Nuestro llamado, nuestra exigencia es un\u00e1nime: \u201cQueremos paz. Una paz que emerja desde lo profundo, que sea s\u00f3lida, duradera, que surja de una estrategia que haga frente a los principales problemas sociales que hoy vivimos, que reconstruya a un tejido social roto, y que recupere el valor de la dignidad humana, que hoy se ha perdido\u201d y se agrega en Desde la Fe: Los Obispos de M\u00e9xico reconocen la labor de todos los pastores y agentes de pastoral que construyen puentes de di\u00e1logo en medio del conflicto; que defienden la dignidad humana en cada lugar donde es amenazada; que promueven la reconciliaci\u00f3n en contextos de divisi\u00f3n; que elevan la voz por los que han sido silenciados, y que acompa\u00f1an y consuelan a las comunidades v\u00edctimas de la violencia\u201d.<\/p>\n<p><strong>***<\/strong> \u201cAvalar la supremac\u00eda constitucional, al prohibir mecanismos de revisi\u00f3n de reformas constitucionales, representa una violaci\u00f3n al principio de deliberaci\u00f3n democr\u00e1tica y limita el control de constitucionalidad, porque ahora ning\u00fan ciudadano podr\u00e1 ejercer ese derecho\u201d. Esto lo asegur\u00f3 el coordinador de la fracci\u00f3n del PRI en San L\u00e1zaro, Rub\u00e9n Moreira Valdez, quien, adem\u00e1s, advirti\u00f3 que esto solo lleva a la construcci\u00f3n de un Poder Judicial a modo para el gobierno de Morena. En su programa \u201cCon Peras, Manzanas y Naranjas\u201d y acompa\u00f1ado del economista <strong>Mario Di Costanzo<\/strong> y del diputado local por Hidalgo, <strong>Marco Antonio Mendoza<\/strong> Bustamante, el l\u00edder congresista sostuvo que esta prohibici\u00f3n solo representa la destrucci\u00f3n del pa\u00eds y tira por la borda a mentes muy brillantes y gentes muy honestas en el Poder Judicial.<\/p>\n<p><strong>***<\/strong> Y respecto a esta controvertida reforma, los senadores del PAN concluyeron que la Suprema Corte de Justicia de la Naci\u00f3n (SCJN) se encuentra actualmente en proceso de estudio de las reformas constitucionales recientemente aprobadas por la mayor\u00eda ficticia de Morena y sus aliados, en respuesta a las impugnaciones que han sido presentadas ante \u00f3rgano jurisdiccional. Por lo tanto, la llamada \u201csupremac\u00eda constitucional\u201d, que m\u00e1s bien es la pretensi\u00f3n de ejercer una hegemon\u00eda por parte de Morena, de ninguna manera anula las impugnaciones a la reforma al poder Judicial, ya que ninguna ley debe tener efecto retroactivo. Por cierto, qu\u00e9 mal se ve todav\u00eda que el senador <strong>Marko Cort\u00e9s<\/strong> se haya ido muy quitado de la pena a vacacionar a Madrid.<\/p>\n<p><u><a href=\"mailto:morcora@gmail.com\" target=\"_blank\" rel=\"noopener noreferrer\"><em>morcora@gmail.com<\/em><\/a><\/u><\/p>\n","protected":false},"excerpt":{"rendered":"<p><span style=\"color: #005497;\"><strong>Adriana Moreno Cordero<\/strong><\/span><\/p>\n","protected":false},"author":3,"featured_media":0,"comment_status":"open","ping_status":"open","sticky":false,"template":"","format":"standard","meta":{"_monsterinsights_skip_tracking":false,"_monsterinsights_sitenote_active":false,"_monsterinsights_sitenote_note":"","_monsterinsights_sitenote_category":0,"footnotes":""},"categories":[69370],"tags":[78468],"class_list":["post-639489","post","type-post","status-publish","format-standard","hentry","category-adriana-moreno-cordero","tag-la-retaguardia-adriana-moreno-cordero"],"_links":{"self":[{"href":"https:\/\/www.diarioimagen.net\/index.php?rest_route=\/wp\/v2\/posts\/639489","targetHints":{"allow":["GET"]}}],"collection":[{"href":"https:\/\/www.diarioimagen.net\/index.php?rest_route=\/wp\/v2\/posts"}],"about":[{"href":"https:\/\/www.diarioimagen.net\/index.php?rest_route=\/wp\/v2\/types\/post"}],"author":[{"embeddable":true,"href":"https:\/\/www.diarioimagen.net\/index.php?rest_route=\/wp\/v2\/users\/3"}],"replies":[{"embeddable":true,"href":"https:\/\/www.diarioimagen.net\/index.php?rest_route=%2Fwp%2Fv2%2Fcomments&post=639489"}],"version-history":[{"count":0,"href":"https:\/\/www.diarioimagen.net\/index.php?rest_route=\/wp\/v2\/posts\/639489\/revisions"}],"wp:attachment":[{"href":"https:\/\/www.diarioimagen.net\/index.php?rest_route=%2Fwp%2Fv2%2Fmedia&parent=639489"}],"wp:term":[{"taxonomy":"category","embeddable":true,"href":"https:\/\/www.diarioimagen.net\/index.php?rest_route=%2Fwp%2Fv2%2Fcategories&post=639489"},{"taxonomy":"post_tag","embeddable":true,"href":"https:\/\/www.diarioimagen.net\/index.php?rest_route=%2Fwp%2Fv2%2Ftags&post=639489"}],"curies":[{"name":"wp","href":"https:\/\/api.w.org\/{rel}","templated":true}]}}