{"id":639494,"date":"2024-11-04T00:12:56","date_gmt":"2024-11-04T06:12:56","guid":{"rendered":"https:\/\/www.diarioimagen.net\/?p=639494"},"modified":"2024-11-08T02:07:07","modified_gmt":"2024-11-08T08:07:07","slug":"en-la-derrota-la-suprema-corte-va-a-la-batalla-internacional-2","status":"publish","type":"post","link":"https:\/\/www.diarioimagen.net\/?p=639494","title":{"rendered":"En la derrota, la Suprema Corte va\u00a0a\u00a0la batalla internacional"},"content":{"rendered":"<h2>Tras la puerta del poder<\/h2>\n<h5>Roberto Vizca\u00edno<\/h5>\n<p>&nbsp;<\/p>\n<p>Vencidos y rebasados por <strong>AMLO-Sheinbaum y la 4T,<\/strong> los 8 ministros de <strong>Norma Pi\u00f1a<\/strong> van ahora al plano internacional. Sin sustento social, no les queda m\u00e1s que hacer.<\/p>\n<p>Los vencedores tienen de su lado todo para imponer lo que quieran: tienen la Presidencia con la chequera a sus disposici\u00f3n; al Ej\u00e9rcito de su lado; a sus mayor\u00edas Legislativas en Senado y C\u00e1mara de Diputados para reformar lo que quieran y hacia donde quieran, a una gran base social que pueden movilizar cuando y hacia donde lo necesiten, a 24 de 32 gobernadores, a 25 congresos locales incluido el de la capital del pa\u00eds, y la mayor\u00eda y m\u00e1s importantes de las 2,400 alcald\u00edas, y alineados a los m\u00e1s importantes empresarios e inversores nacionales y extranjeros y como cereza al crimen organizado y al narco que controlan a sus anchas a grandes regiones de la rep\u00fablica.<\/p>\n<p>Con todo esto tras de s\u00ed, sin una oposici\u00f3n cohesionada y sin futuro cierto, los ganadores podr\u00e1n rechazar ma\u00f1ana cualquier fallo de los 8 ministros de la Corte que encabeza la ministra <strong>Pi\u00f1a,<\/strong> respecto de la reforma al Poder Judicial o de cualquier otra reforma.<\/p>\n<p>\u00bfEstallar\u00e1 la crisis constitucional? \u00bfy\u2026?<\/p>\n<p>De acuerdo a la narrativa de la presidenta <strong>Claudia Sheinbaum<\/strong> y de los l\u00edderes parlamentarios de las mayor\u00edas de Morena, PT y Verde, <strong>Ad\u00e1n Augusto L\u00f3pez, <\/strong>en el Senado, y de <strong>Ricardo Monreal,<\/strong> en Diputados, y de los presidentes en el legislativo: <strong>Gerardo Fern\u00e1ndez Noro\u00f1a,<\/strong> en la c\u00e1mara alta y <strong>Sergio Guti\u00e9rrez Luna,<\/strong> en San L\u00e1zaro, si el pleno de la Corte acepta y votan a favor del proyecto del ministro <strong>Juan Luis Gonz\u00e1lez Alc\u00e1ntara Carranc\u00e1<\/strong>, estar\u00edan incurriendo \u2014dicen todos ellos\u2014 en una violaci\u00f3n inconstitucional.<\/p>\n<p>Por lo tanto, est\u00e1 anunciado que ese fallo no ser\u00eda acatado por pr\u00e1cticamente nadie en el pa\u00eds.<\/p>\n<p>\u00bfC\u00f3mo podr\u00eda imponerse la Corte? No hay forma aceptan todos los involucrados de un lado y del otro.<\/p>\n<p>Apabullado por esta realidad, el ministro <strong>Juan Luis Gonz\u00e1lez Alc\u00e1ntara Carranc\u00e1<\/strong> acept\u00f3 en una entrevista con <em>Reforma<\/em> que:<\/p>\n<p>\u201cYa estamos en una <strong>crisis constitucional<\/strong>. Hablamos de crisis constitucional cuando, en t\u00e9rminos generales, no existe certeza sobre cu\u00e1l es el derecho vigente, qui\u00e9n es la autoridad encargada de aplicarlo y cu\u00e1les son las consecuencias de las decisiones tomadas\u201d.<\/p>\n<p>Como es pr\u00e1ctica judicial, a mediados de la semana anterior el ministro <strong>Gonz\u00e1lez Alc\u00e1ntara<\/strong> hizo p\u00fablico el proyecto propondr\u00eda al Pleno de la Corte ma\u00f1ana martes para anular parte de la Reforma al Poder Judicial, como la elecci\u00f3n la elecci\u00f3n de Jueces y Magistrados federales; de jueces y magistrados estatales y la figura de jueces sin cara.<\/p>\n<p>\u201cEl proyecto anticipa que estamos ya en una crisis constitucional por el n\u00famero de resoluciones dictadas en juicios de amparo, respecto de la reforma judicial, que no han sido acatadas.<\/p>\n<p>\u201cHay una crisis constitucional cuando desde la tribuna legislativa se exhorta a la poblaci\u00f3n y al resto de las autoridades a desacatar una resoluci\u00f3n judicial\u2026<\/p>\n<p>\u201cSin duda alguna, ante una eventual votaci\u00f3n favorable del proyecto, un hipot\u00e9tico desacato ser\u00eda muy desafortunado e implicar\u00eda un nivel mucho m\u00e1s profundo en esta crisis\u201d, reconoci\u00f3 <strong>Gonz\u00e1lez Alc\u00e1ntara<\/strong>.<\/p>\n<p>Y as\u00ed como la presidenta <strong>Sheinbaum<\/strong> y otros le han pedido a \u00e9l y a los otros ministros de la Corte prudencia en esta resoluci\u00f3n que deber\u00e1 realizar ma\u00f1ana el pleno, \u00e9l a su vez pidi\u00f3 cordura y sensatez de todos quienes encabezan los otros poderes dentro de este proceso, as\u00ed como a sus compa\u00f1eros en el Poder Judicial.<\/p>\n<p style=\"text-align: center;\"><strong>La presidenta Sheinbaum no lo acatar\u00e1<\/strong><\/p>\n<p>Como contrapunto cuatrote\u00edsta dentro de la Corte, la ministra <strong>Yasm\u00edn Esquivel<\/strong> pidi\u00f3 sensatez a los otros ministros y evitar una confrontaci\u00f3n de Poderes que llevar\u00eda a una crisis constitucional con repercusiones pol\u00edticas y econ\u00f3micas para M\u00e9xico.<\/p>\n<p>\u201cUn tribunal constitucional debe ser congruente y muy mal har\u00edamos en atentar contra nuestros propios criterios s\u00f3lo porque no nos gusta el contenido de una reforma constitucional.<\/p>\n<p>\u201cEsta Corte siempre ha sostenido la supremac\u00eda constitucional y ahora no se puede pretender negarlo e incluso dar alcances que no tienen a determinadas acciones\u201d, les record\u00f3.<\/p>\n<p>Les advirti\u00f3:<\/p>\n<p>\u201cYo no veo la posibilidad de que los otros dos Poderes \u2014Ejecutivo y Legislativo\u2014 la puedan respetar\u2026 ante una decisi\u00f3n in\u00e9dita no existen precedentes, no creo que sea una resoluci\u00f3n que se vaya a acatar y tampoco creo que la Corte tenga la posibilidad de destituir \u00bfa qui\u00e9nes? \u00bfa todos? \u00bfY tambi\u00e9n a los Congresos locales los tendr\u00e1 que destituir?\u201d, dijo.<\/p>\n<p style=\"text-align: center;\"><strong>La contienda ya est\u00e1 en el plano internacional<\/strong><\/p>\n<p>En este contexto, barras, escuelas, centros del Derecho y organismos internacionales, se han manifestado en favor del respeto a las resoluciones de la Corte y a respetar los tratados internacionales.<\/p>\n<p>Adem\u00e1s, en este importante segmento el an\u00e1lisis de la disputa del Legislativo y el Ejecutivo contra la Corte, ha llevado a juristas e investigadores, analistas a se\u00f1alar que lo que est\u00e1 en marcha en M\u00e9xico con las \u00faltimas dos reformas \u2014la del Poder Judicial y la denominada de Supremac\u00eda de la Constituci\u00f3n, lo que realmente se est\u00e1 buscando es dar un \u201cgolpe de estado\u201d al anular un poder y someterlo junto con el control del Legislativo al control del Ejecutivo.<\/p>\n<p>Todo quedar\u00eda bajo la supeditaci\u00f3n del Ejecutivo quien en este caso cuenta ya con el soporte interesado, se afirma, de las fuerzas armadas en especial del Ejercito en lo que ser\u00eda una autocracia militar.<\/p>\n<p>Este segmento cr\u00edtico internacional conf\u00eda en que los gobiernos que hoy son parte de la esfera en que opera M\u00e9xico, as\u00ed como los organismos internacionales como la ONU, OE, OCDE y otros act\u00faen como contrapesos en favor de la democracia y el Estado de Derecho en M\u00e9xico.<\/p>\n<p>Es en este plano en el que los 8 ministros encabezados por Norma Pi\u00f1a conf\u00edan para reconstruir el Poder Judicial perdido.<\/p>\n<p>X: <em><a href=\"https:\/\/x.com\/_rvizcaino\" target=\"_blank\" rel=\"noopener noreferrer\">@_RVizcaino<\/a><a href=\"mailto:rvizcainoa@gmail.com\" target=\"_blank\" rel=\"noopener noreferrer\"><br \/>\n<\/a><a href=\"https:\/\/www.facebook.com\/rvizcainoa\" target=\"_blank\" rel=\"noopener noreferrer\">facebook.com\/rvizcainoa<\/a><\/em><\/p>\n","protected":false},"excerpt":{"rendered":"<p><span style=\"color: #005497;\"><strong>Roberto Vizca\u00edno<\/strong><\/span><\/p>\n","protected":false},"author":3,"featured_media":0,"comment_status":"open","ping_status":"open","sticky":false,"template":"","format":"standard","meta":{"_monsterinsights_skip_tracking":false,"_monsterinsights_sitenote_active":false,"_monsterinsights_sitenote_note":"","_monsterinsights_sitenote_category":0,"footnotes":""},"categories":[136],"tags":[43674,93,94],"class_list":["post-639494","post","type-post","status-publish","format-standard","hentry","category-roberto-vizcaino-opinion","tag-opinion","tag-roberto-vizcaino","tag-tras-la-puerta-del-poder"],"_links":{"self":[{"href":"https:\/\/www.diarioimagen.net\/index.php?rest_route=\/wp\/v2\/posts\/639494","targetHints":{"allow":["GET"]}}],"collection":[{"href":"https:\/\/www.diarioimagen.net\/index.php?rest_route=\/wp\/v2\/posts"}],"about":[{"href":"https:\/\/www.diarioimagen.net\/index.php?rest_route=\/wp\/v2\/types\/post"}],"author":[{"embeddable":true,"href":"https:\/\/www.diarioimagen.net\/index.php?rest_route=\/wp\/v2\/users\/3"}],"replies":[{"embeddable":true,"href":"https:\/\/www.diarioimagen.net\/index.php?rest_route=%2Fwp%2Fv2%2Fcomments&post=639494"}],"version-history":[{"count":0,"href":"https:\/\/www.diarioimagen.net\/index.php?rest_route=\/wp\/v2\/posts\/639494\/revisions"}],"wp:attachment":[{"href":"https:\/\/www.diarioimagen.net\/index.php?rest_route=%2Fwp%2Fv2%2Fmedia&parent=639494"}],"wp:term":[{"taxonomy":"category","embeddable":true,"href":"https:\/\/www.diarioimagen.net\/index.php?rest_route=%2Fwp%2Fv2%2Fcategories&post=639494"},{"taxonomy":"post_tag","embeddable":true,"href":"https:\/\/www.diarioimagen.net\/index.php?rest_route=%2Fwp%2Fv2%2Ftags&post=639494"}],"curies":[{"name":"wp","href":"https:\/\/api.w.org\/{rel}","templated":true}]}}