{"id":639583,"date":"2024-11-05T00:01:46","date_gmt":"2024-11-05T06:01:46","guid":{"rendered":"https:\/\/www.diarioimagen.net\/?p=639583"},"modified":"2024-11-05T23:05:39","modified_gmt":"2024-11-06T05:05:39","slug":"trabajo-conjunto-con-eu-gane-quien-gane-sheinbaum","status":"publish","type":"post","link":"https:\/\/www.diarioimagen.net\/?p=639583","title":{"rendered":"Trabajo conjunto con Estados Unidos, gane quien\u00a0gane: Sheinbaum"},"content":{"rendered":"<p>&nbsp;<\/p>\n<h2 style=\"text-align: center;\">Reafirma compromiso de M\u00e9xico<\/h2>\n<p>&nbsp;<\/p>\n<ul>\n<li><em><strong>Reiter\u00f3 la necesidad de seguir abordando temas de seguridad y migraci\u00f3n<\/strong> <\/em><\/li>\n<\/ul>\n<p>&nbsp;<\/p>\n<div id=\"attachment_639691\" style=\"width: 470px\" class=\"wp-caption aligncenter\"><a href=\"https:\/\/www.diarioimagen.net\/?attachment_id=639691\" rel=\"attachment wp-att-639691\"><img loading=\"lazy\" decoding=\"async\" aria-describedby=\"caption-attachment-639691\" class=\"size-full wp-image-639691\" src=\"https:\/\/www.diarioimagen.net\/wp-content\/uploads\/2024\/11\/claudia-trabajo-conjunto.jpg\" alt=\"\" width=\"460\" height=\"270\" srcset=\"https:\/\/www.diarioimagen.net\/wp-content\/uploads\/2024\/11\/claudia-trabajo-conjunto.jpg 460w, https:\/\/www.diarioimagen.net\/wp-content\/uploads\/2024\/11\/claudia-trabajo-conjunto-240x141.jpg 240w\" sizes=\"auto, (max-width: 460px) 100vw, 460px\" \/><\/a><p id=\"caption-attachment-639691\" class=\"wp-caption-text\">La presidente Claudia Sheinbaum Pardo afirm\u00f3 que se trabajar\u00e1 conjuntamente con quien resulte ganador en la elecci\u00f3n presidencial de este martes en Estados Unidos.<\/p><\/div>\n<p>&nbsp;<\/p>\n<p>M\u00e9xico se mantendr\u00e1 atento y respetuoso de las elecciones de Estados Unidos y no se pronunciar\u00eda hasta que no concluya el proceso, adem\u00e1s de que se trabajar\u00e1 conjuntamente con quien resulte ganador, afirm\u00f3 la presidenta Claudia Sheinbaum Pardo este lunes.<\/p>\n<p>\u201cUna vez que las instituciones estadounidenses electorales tomen su decisi\u00f3n respecto al pr\u00f3ximo presidente o presidenta de los Estados Unidos estaremos ya en contacto con el pr\u00f3ximo presidente o presidenta. Estamos haciendo un trabajo muy importante y adem\u00e1s lo hemos estado haciendo tambi\u00e9n con empresarios y empresarias y queremos fortalecerlo todav\u00eda m\u00e1s para demostrar la importancia que tiene el tratado comercial\u201d, se\u00f1al\u00f3 la mandataria en la conferencia ma\u00f1anera.<\/p>\n<p>Sheinbaum Pardo reiter\u00f3 la necesidad de seguir abordando temas de seguridad y migraci\u00f3n en un di\u00e1logo de alto nivel con las autoridades del pa\u00eds vecino del norte.<\/p>\n<p>\u201cEl tratado (T-MEC) nos complementa, no hay competencia entre las naciones, entre nuestros pa\u00edses (Estados Unidos, Canad\u00e1 y M\u00e9xico), sino al contrario, nos complementa y vamos a continuar con los di\u00e1logos de alto nivel para los temas relacionados con nuestra relaci\u00f3n, desde los temas de migraci\u00f3n, el tema del fentanilo, que es un tema importante para Estados Unidos por razones humanitarias dir\u00eda yo; pero tambi\u00e9n otros temas que son importantes como el tr\u00e1fico de armas de EU hacia M\u00e9xico y otros temas de la relaci\u00f3n comercial\u201d, precis\u00f3.<\/p>\n<p style=\"text-align: center;\"><strong>Sheinbaum cuestiona a la SCJN por<br \/>\nintento de invalidar la reforma al Poder Judicial<\/strong><\/p>\n<p>En otro tema de la ma\u00f1anera, la presidenta Sheinbaum Pardo reiter\u00f3 que la Suprema Corte de Justicia de la Naci\u00f3n (SCJN) no tiene facultades para modificar una reforma constitucional al Poder Judicial de la Federaci\u00f3n validada por el Congreso y publicada en el Diario Oficial de la Federaci\u00f3n (DOF), y que, en caso de proceder con la revisi\u00f3n, se estar\u00eda incurriendo en una \u201cfalta grave\u201d.<\/p>\n<p>Adem\u00e1s, la primera mandataria asegur\u00f3 que su gobierno ya cuenta con un plan en caso de que la Corte decida en contra de la reforma.<\/p>\n<p>La Consejer\u00eda Jur\u00eddica y constitucionalistas que trabajan con la titular del Ejecutivo consideraron que una decisi\u00f3n por parte de la Corte podr\u00eda interpretarse como una infracci\u00f3n a la Constituci\u00f3n, puesto que, seg\u00fan argumentan, el amparo interpuesto en este caso proviene de partidos pol\u00edticos, quienes \u201ccarecen de personalidad jur\u00eddica\u201d para impugnar una reforma de esta naturaleza.<\/p>\n<p>En ese sentido, Sheinbaum Pardo se\u00f1al\u00f3 que cualquier revisi\u00f3n de este tipo deber\u00eda ser competencia del Tribunal Electoral del Poder Judicial de la Federaci\u00f3n (TEPJF) y no de la SCJN.<\/p>\n<p>\u201cLa Corte, de pronto, con ocho ministros y ministras quiere cambiar lo que decidi\u00f3 el pueblo de M\u00e9xico. Todav\u00eda ayer el ministro Gonz\u00e1lez Alc\u00e1ntara dice que quieren una negociaci\u00f3n \u00bfcon qui\u00e9n quieren una negociaci\u00f3n? \u00bfCon la presidenta? Si lo \u00fanico que hace la presidenta es publicar en el Diario Oficial de la Federaci\u00f3n lo que dice el Constituyente\u201d, denunci\u00f3.<\/p>\n<p style=\"text-align: center;\"><strong>\u201cLa solidaridad con Espa\u00f1a, por encima de todo\u201d<\/strong><\/p>\n<p>La presidenta Sheinbaum Pardo rechaz\u00f3 comentar sobre el actuar de las autoridades de Espa\u00f1a para responder a la tragedia tras el paso del fen\u00f3meno natural Depresi\u00f3n Aislada de Niveles Altos (DANA), que ha dejado decenas de muertos y cuantiosos da\u00f1os materiales, y s\u00f3lo se concret\u00f3 a se\u00f1alar: \u201cEn estos momentos, la solidaridad est\u00e1 por encima de todo, es momento de solidarizarnos\u201d.<\/p>\n<p>Ante la pregunta sobre la respuesta que dio la corona espa\u00f1ola y el gobierno de la naci\u00f3n ib\u00e9rica, la jefa del Ejecutivo mexicano insisti\u00f3 en que es momento de solidarizarse.<\/p>\n<p>\u201cAl pueblo espa\u00f1ol y, en particular a Valencia y otros lugares donde vivieron esta terrible tragedia, toda nuestra solidaridad, y el apoyo que puedan necesitar de M\u00e9xico siempre va a estar ah\u00ed (\u2026) No creo que sea el momento para hablar de las autoridades espa\u00f1olas, toda nuestra voz tiene que estar en la solidaridad a todo. Hay unos temas (diferencias con M\u00e9xico), pero eso no quita que la solidaridad est\u00e9 por encima de todo, es momento de solidarizarnos\u201d, enfatiz\u00f3.<\/p>\n<p>La mandataria indic\u00f3 que desde el primer momento el canciller mexicano Juan Ram\u00f3n de la Fuente ha estado al pendiente de la situaci\u00f3n en Espa\u00f1a. \u201cToda nuestra solidaridad y apoyo\u201d, reiter\u00f3.<\/p>\n","protected":false},"excerpt":{"rendered":"<p>M\u00e9xico se mantendr\u00e1 atento y respetuoso de las elecciones de Estados Unidos y no se pronunciar\u00eda hasta que no concluya el proceso, adem\u00e1s de que se trabajar\u00e1 conjuntamente con quien resulte ganador, afirm\u00f3 la presidenta Claudia Sheinbaum Pardo este lunes.<\/p>\n","protected":false},"author":3,"featured_media":639691,"comment_status":"open","ping_status":"open","sticky":false,"template":"","format":"standard","meta":{"_monsterinsights_skip_tracking":false,"_monsterinsights_sitenote_active":false,"_monsterinsights_sitenote_note":"","_monsterinsights_sitenote_category":0,"footnotes":""},"categories":[17,3],"tags":[72207,177,8961],"class_list":["post-639583","post","type-post","status-publish","format-standard","has-post-thumbnail","hentry","category-especiales","category-nacional","tag-claudia-sheinbaum-pardo","tag-estados-unidos","tag-trabajo"],"_links":{"self":[{"href":"https:\/\/www.diarioimagen.net\/index.php?rest_route=\/wp\/v2\/posts\/639583","targetHints":{"allow":["GET"]}}],"collection":[{"href":"https:\/\/www.diarioimagen.net\/index.php?rest_route=\/wp\/v2\/posts"}],"about":[{"href":"https:\/\/www.diarioimagen.net\/index.php?rest_route=\/wp\/v2\/types\/post"}],"author":[{"embeddable":true,"href":"https:\/\/www.diarioimagen.net\/index.php?rest_route=\/wp\/v2\/users\/3"}],"replies":[{"embeddable":true,"href":"https:\/\/www.diarioimagen.net\/index.php?rest_route=%2Fwp%2Fv2%2Fcomments&post=639583"}],"version-history":[{"count":0,"href":"https:\/\/www.diarioimagen.net\/index.php?rest_route=\/wp\/v2\/posts\/639583\/revisions"}],"wp:featuredmedia":[{"embeddable":true,"href":"https:\/\/www.diarioimagen.net\/index.php?rest_route=\/wp\/v2\/media\/639691"}],"wp:attachment":[{"href":"https:\/\/www.diarioimagen.net\/index.php?rest_route=%2Fwp%2Fv2%2Fmedia&parent=639583"}],"wp:term":[{"taxonomy":"category","embeddable":true,"href":"https:\/\/www.diarioimagen.net\/index.php?rest_route=%2Fwp%2Fv2%2Fcategories&post=639583"},{"taxonomy":"post_tag","embeddable":true,"href":"https:\/\/www.diarioimagen.net\/index.php?rest_route=%2Fwp%2Fv2%2Ftags&post=639583"}],"curies":[{"name":"wp","href":"https:\/\/api.w.org\/{rel}","templated":true}]}}