{"id":639602,"date":"2024-11-05T00:04:14","date_gmt":"2024-11-05T06:04:14","guid":{"rendered":"https:\/\/www.diarioimagen.net\/?p=639602"},"modified":"2024-11-05T01:39:45","modified_gmt":"2024-11-05T07:39:45","slug":"no-permitiremos-que-se-dane-mas-a-mexico-enrique-vargas-del-villar","status":"publish","type":"post","link":"https:\/\/www.diarioimagen.net\/?p=639602","title":{"rendered":"\u00a1No permitiremos que se da\u00f1e m\u00e1s a M\u00e9xico\u201d: Enrique Vargas del Villar"},"content":{"rendered":"<p>&nbsp;<\/p>\n<ul>\n<li><strong><em>Rechazo a la reforma judicial<\/em><\/strong><\/li>\n<\/ul>\n<p><strong>\u00a0<\/strong><\/p>\n<h6>Arturo Baena<\/h6>\n<p>&nbsp;<\/p>\n<div id=\"attachment_639719\" style=\"width: 470px\" class=\"wp-caption aligncenter\"><a href=\"https:\/\/www.diarioimagen.net\/?attachment_id=639719\" rel=\"attachment wp-att-639719\"><img loading=\"lazy\" decoding=\"async\" aria-describedby=\"caption-attachment-639719\" class=\"size-full wp-image-639719\" src=\"https:\/\/www.diarioimagen.net\/wp-content\/uploads\/2024\/11\/no-permitiremos-que-se-dane.jpg\" alt=\"\" width=\"460\" height=\"270\" srcset=\"https:\/\/www.diarioimagen.net\/wp-content\/uploads\/2024\/11\/no-permitiremos-que-se-dane.jpg 460w, https:\/\/www.diarioimagen.net\/wp-content\/uploads\/2024\/11\/no-permitiremos-que-se-dane-240x141.jpg 240w\" sizes=\"auto, (max-width: 460px) 100vw, 460px\" \/><\/a><p id=\"caption-attachment-639719\" class=\"wp-caption-text\">El senador panista Enrique Vargas del Villar afim\u00f3 que Morena quiere convertir a M\u00e9xico en una dictadura y que de ninguna manera lo permitir\u00e1n.<\/p><\/div>\n<p>&nbsp;<\/p>\n<p><strong>Valle de Mexico.\u2014<\/strong> Vamos a conformar un bloque legislativo (m\u00e1s no alianza) para defender y\u00a0 proteger a M\u00e9xico de las mentiras de Morena. Les debe quedar claro que vamos a impugnar la reforma judicial, que tratan de imponer a como de lugar. Acci\u00f3n Nacional seguir\u00e1 luchando para evitar esta inconstitucionalidad que nos da\u00f1a a todos los mexicanos.<\/p>\n<p>As\u00ed lo ratific\u00f3 Enrique Vargas del Villar, vicecoordinador del grupo parlamentario en el Senado de la Rep\u00fablica, luego de destacar qu\u00e9 \u201cjur\u00eddicamente no ha acabado este ciclo de reformas, que lo \u00fanico que est\u00e1n logrando es da\u00f1ar a M\u00e9xico\u201d, dijo.<\/p>\n<p>El senador Enrique Vargas reiter\u00f3 que esto a\u00fan no se acaba, como lo trata de hacer ver el partido en el poder, \u201cellos (los de Morena) quieren convertir a M\u00e9xico en una dictadura, que de ninguna manera permitiremos\u201d, abund\u00f3. Vargas del Villar dej\u00f3 en claro que \u201cel Partido Acci\u00f3n Nacional, junto con la sociedad, vamos a levantar la voz y recurrir a instancias internacionales para que, reitero, esto no suceda\u201d, puntualiz\u00f3.<\/p>\n<p>En otro orden de ideas, el representante popular reiter\u00f3 su compromiso de apoyar los programas sociales. \u201cEn Acci\u00f3n Nacional, siempre estaremos a favor de todo lo que beneficie y ayude a los mexicanos a empoderarse y salir de la pobreza\u201d, ratific\u00f3.<\/p>\n","protected":false},"excerpt":{"rendered":"<p>Vamos a conformar un bloque legislativo (m\u00e1s no alianza) para defender y\u00a0 proteger a M\u00e9xico de las mentiras de Morena. Les debe quedar claro que vamos a impugnar la reforma judicial, que tratan de imponer a como de lugar. Acci\u00f3n Nacional seguir\u00e1 luchando para evitar esta inconstitucionalidad que nos da\u00f1a a todos los mexicanos.<\/p>\n","protected":false},"author":3,"featured_media":639719,"comment_status":"open","ping_status":"open","sticky":false,"template":"","format":"standard","meta":{"_monsterinsights_skip_tracking":false,"_monsterinsights_sitenote_active":false,"_monsterinsights_sitenote_note":"","_monsterinsights_sitenote_category":0,"footnotes":""},"categories":[5],"tags":[92193,47218],"class_list":["post-639602","post","type-post","status-publish","format-standard","has-post-thumbnail","hentry","category-estado-de-mexico","tag-dane","tag-enrique-vargas-del-villar"],"_links":{"self":[{"href":"https:\/\/www.diarioimagen.net\/index.php?rest_route=\/wp\/v2\/posts\/639602","targetHints":{"allow":["GET"]}}],"collection":[{"href":"https:\/\/www.diarioimagen.net\/index.php?rest_route=\/wp\/v2\/posts"}],"about":[{"href":"https:\/\/www.diarioimagen.net\/index.php?rest_route=\/wp\/v2\/types\/post"}],"author":[{"embeddable":true,"href":"https:\/\/www.diarioimagen.net\/index.php?rest_route=\/wp\/v2\/users\/3"}],"replies":[{"embeddable":true,"href":"https:\/\/www.diarioimagen.net\/index.php?rest_route=%2Fwp%2Fv2%2Fcomments&post=639602"}],"version-history":[{"count":0,"href":"https:\/\/www.diarioimagen.net\/index.php?rest_route=\/wp\/v2\/posts\/639602\/revisions"}],"wp:featuredmedia":[{"embeddable":true,"href":"https:\/\/www.diarioimagen.net\/index.php?rest_route=\/wp\/v2\/media\/639719"}],"wp:attachment":[{"href":"https:\/\/www.diarioimagen.net\/index.php?rest_route=%2Fwp%2Fv2%2Fmedia&parent=639602"}],"wp:term":[{"taxonomy":"category","embeddable":true,"href":"https:\/\/www.diarioimagen.net\/index.php?rest_route=%2Fwp%2Fv2%2Fcategories&post=639602"},{"taxonomy":"post_tag","embeddable":true,"href":"https:\/\/www.diarioimagen.net\/index.php?rest_route=%2Fwp%2Fv2%2Ftags&post=639602"}],"curies":[{"name":"wp","href":"https:\/\/api.w.org\/{rel}","templated":true}]}}