{"id":639606,"date":"2024-11-05T00:03:45","date_gmt":"2024-11-05T06:03:45","guid":{"rendered":"https:\/\/www.diarioimagen.net\/?p=639606"},"modified":"2024-11-05T01:41:03","modified_gmt":"2024-11-05T07:41:03","slug":"concluye-xxv-congreso-del-smsem-bajo-el-liderazgo-de-jenaro-martinez","status":"publish","type":"post","link":"https:\/\/www.diarioimagen.net\/?p=639606","title":{"rendered":"Concluye XXV Congreso del SMSEM bajo el liderazgo de Jenaro Mart\u00ednez"},"content":{"rendered":"<p>&nbsp;<\/p>\n<p><a href=\"https:\/\/www.diarioimagen.net\/?attachment_id=639723\" rel=\"attachment wp-att-639723\"><img loading=\"lazy\" decoding=\"async\" class=\"aligncenter size-full wp-image-639723\" src=\"https:\/\/www.diarioimagen.net\/wp-content\/uploads\/2024\/11\/conluye-25-congreso.jpg\" alt=\"\" width=\"460\" height=\"270\" srcset=\"https:\/\/www.diarioimagen.net\/wp-content\/uploads\/2024\/11\/conluye-25-congreso.jpg 460w, https:\/\/www.diarioimagen.net\/wp-content\/uploads\/2024\/11\/conluye-25-congreso-240x141.jpg 240w\" sizes=\"auto, (max-width: 460px) 100vw, 460px\" \/><\/a><\/p>\n<p>&nbsp;<\/p>\n<p><strong>Toluca, Estado de M\u00e9xico.\u2014 <\/strong>Concluy\u00f3 el XXV Congreso Estatal Ordinario del Sindicato de Maestros al Servicio del Estado de M\u00e9xico (SMSEM), encabezado por Jenaro Mart\u00ednez Reyes, secretario general para el periodo 2024-2027 y al que asistieron cerca de 4 mil delegados y representantes sindicales en respaldo a su nuevo l\u00edder.<\/p>\n<p>Luego del desarrollo de las mesas de trabajo, el jueves tuvo continuidad el m\u00e1ximo \u00f3rgano de gobierno sindical, con la lectura y discusi\u00f3n de los resolutivos en la Asamblea Plenaria de congresistas.<\/p>\n<p>A lo largo de este congreso, los delegados discutieron y aprobaron las demandas prioritarias para la membres\u00eda del SMSEM en cinco \u00e1reas: asuntos econ\u00f3micos, asuntos profesionales y de cultura general, asuntos m\u00e9dico-asistenciales, asuntos pol\u00edtico-sindicales y asuntos generales.<\/p>\n","protected":false},"excerpt":{"rendered":"<p>Concluy\u00f3 el XXV Congreso Estatal Ordinario del Sindicato de Maestros al Servicio del Estado de M\u00e9xico (SMSEM), encabezado por Jenaro Mart\u00ednez Reyes, secretario general para el periodo 2024-2027 y al que asistieron cerca de 4 mil delegados y representantes sindicales en respaldo a su nuevo l\u00edder.<\/p>\n","protected":false},"author":3,"featured_media":639723,"comment_status":"open","ping_status":"open","sticky":false,"template":"","format":"standard","meta":{"_monsterinsights_skip_tracking":false,"_monsterinsights_sitenote_active":false,"_monsterinsights_sitenote_note":"","_monsterinsights_sitenote_category":0,"footnotes":""},"categories":[5],"tags":[100965,657],"class_list":["post-639606","post","type-post","status-publish","format-standard","has-post-thumbnail","hentry","category-estado-de-mexico","tag-jenaro-martinez-reyes","tag-smsem"],"_links":{"self":[{"href":"https:\/\/www.diarioimagen.net\/index.php?rest_route=\/wp\/v2\/posts\/639606","targetHints":{"allow":["GET"]}}],"collection":[{"href":"https:\/\/www.diarioimagen.net\/index.php?rest_route=\/wp\/v2\/posts"}],"about":[{"href":"https:\/\/www.diarioimagen.net\/index.php?rest_route=\/wp\/v2\/types\/post"}],"author":[{"embeddable":true,"href":"https:\/\/www.diarioimagen.net\/index.php?rest_route=\/wp\/v2\/users\/3"}],"replies":[{"embeddable":true,"href":"https:\/\/www.diarioimagen.net\/index.php?rest_route=%2Fwp%2Fv2%2Fcomments&post=639606"}],"version-history":[{"count":0,"href":"https:\/\/www.diarioimagen.net\/index.php?rest_route=\/wp\/v2\/posts\/639606\/revisions"}],"wp:featuredmedia":[{"embeddable":true,"href":"https:\/\/www.diarioimagen.net\/index.php?rest_route=\/wp\/v2\/media\/639723"}],"wp:attachment":[{"href":"https:\/\/www.diarioimagen.net\/index.php?rest_route=%2Fwp%2Fv2%2Fmedia&parent=639606"}],"wp:term":[{"taxonomy":"category","embeddable":true,"href":"https:\/\/www.diarioimagen.net\/index.php?rest_route=%2Fwp%2Fv2%2Fcategories&post=639606"},{"taxonomy":"post_tag","embeddable":true,"href":"https:\/\/www.diarioimagen.net\/index.php?rest_route=%2Fwp%2Fv2%2Ftags&post=639606"}],"curies":[{"name":"wp","href":"https:\/\/api.w.org\/{rel}","templated":true}]}}