{"id":639615,"date":"2024-11-05T00:02:57","date_gmt":"2024-11-05T06:02:57","guid":{"rendered":"https:\/\/www.diarioimagen.net\/?p=639615"},"modified":"2024-11-05T01:35:33","modified_gmt":"2024-11-05T07:35:33","slug":"duki-anuncia-la-gira-mas-grande-de-su-carrera","status":"publish","type":"post","link":"https:\/\/www.diarioimagen.net\/?p=639615","title":{"rendered":"Duki anuncia la gira m\u00e1s grande de su carrera"},"content":{"rendered":"<p>&nbsp;<\/p>\n<h2 style=\"text-align: center;\">Ameri World Tour<\/h2>\n<p>&nbsp;<\/p>\n<ul>\n<li><strong><em>La preventa Citibanamex arranca este jueves 7 noviembre<\/em><\/strong><\/li>\n<\/ul>\n<p>&nbsp;<\/p>\n<div id=\"attachment_639709\" style=\"width: 470px\" class=\"wp-caption aligncenter\"><a href=\"https:\/\/www.diarioimagen.net\/?attachment_id=639709\" rel=\"attachment wp-att-639709\"><img loading=\"lazy\" decoding=\"async\" aria-describedby=\"caption-attachment-639709\" class=\"size-full wp-image-639709\" src=\"https:\/\/www.diarioimagen.net\/wp-content\/uploads\/2024\/11\/duki-anuncia.jpg\" alt=\"\" width=\"460\" height=\"270\" srcset=\"https:\/\/www.diarioimagen.net\/wp-content\/uploads\/2024\/11\/duki-anuncia.jpg 460w, https:\/\/www.diarioimagen.net\/wp-content\/uploads\/2024\/11\/duki-anuncia-240x141.jpg 240w\" sizes=\"auto, (max-width: 460px) 100vw, 460px\" \/><\/a><p id=\"caption-attachment-639709\" class=\"wp-caption-text\">Duki se prepara para dar la gira m\u00e1s grande de su carrera: Ameri World Tour.<\/p><\/div>\n<p>&nbsp;<\/p>\n<p>Luego de batir todos los records con Ameri, que se convirti\u00f3 en el \u00e1lbum argentino m\u00e1s escuchado en 24hs, Duki se prepara para dar la gira m\u00e1s grande de su carrera: Ameri World Tour.<\/p>\n<p>Duki, el referente del trap argentino regresa a tierras aztecas para encender los escenarios m\u00e1s importantes de la Rep\u00fablica Mexicana, con su inconfundible flow y un show completamente renovado en las siguientes fechas en M\u00e9xico:<\/p>\n<p>12.09.2025 &#8211; CIUDAD DE M\u00c9XICO &#8211; Palacio de los Deportes<br \/>\n17.09.2025 &#8211; QUER\u00c9TARO &#8211; Auditorio Josefa Ortiz de Dom\u00ednguez<br \/>\n19.09.2025 &#8211; GUADALAJARA &#8211; Arena VFG<br \/>\n20.09.2025 &#8211; MONTERREY &#8211; Auditorio Citibanamex<br \/>\n24.09.2025 &#8211; PUEBLA &#8211; Auditorio GNP Seguros<br \/>\n27.09.2025 &#8211; M\u00c9RIDA- Foro GNP Seguros.<\/p>\n<p>Recientemente Duki lanz\u00f3 su disco Ameri en un pre escucha sin precedentes frente a m\u00e1s de 15 mil personas en el Movistar Arena de Argentina. Agot\u00f3 las entradas en 3 horas y fue seguido en streaming por m\u00e1s de 100 mil personas. Este \u00e1lbum, compuesto de 15 canciones y con colaboraciones de artistas internacionales como Myke Towers, Wiz Khalifa, Bizarrap y Lia Kali, explora su trayectoria y su lado m\u00e1s personal.<\/p>\n<p>Con m\u00e1s de 13.5 millones de reproducciones en su primer d\u00eda, AMERI se posicion\u00f3 como un hito en la m\u00fasica argentina, consolidando a Duki como el l\u00edder de su generaci\u00f3n. El artista se posicion\u00f3 en los primeros puestos de los rankings de Argentina, Uruguay, Espa\u00f1a y Am\u00e9rica Latina. Todas las canciones ingresaron al Top 25 de Spotify en Argentina, destac\u00e1ndose canciones como \u201cNueva Era\u201d junto a Myke Towers y \u201cVida de Rock\u201d junto a Milo J.<\/p>\n<p>El \u00e1lbum se compone de 15 canciones y cuenta con la colaboraci\u00f3n de artistas como Myke Towers, Arc\u00e1ngel, Eladio Carri\u00f3n (Puerto Rico), Headie One (Reino Unido), Bizarrap, Milo J, Lucho SSJ, YSY A (Argentina), Lia Kali, Judeline, Morad (Espa\u00f1a), Wiz Khalifa, YG (Estados Unidos), y Ovi (Cuba). Como pionero del trap argentino, Duki abri\u00f3 el camino para toda una nueva generaci\u00f3n de artistas y ahora lleva su m\u00fasica al mundo con grandes colaboraciones.<\/p>\n<p>El \u00e1lbum, producido por Yesan y Asan, tiene una profundidad sonora y una calidad que sorprenden. \u201cYesan y Asan ya est\u00e1n trabajando juntos desde \u201cDesde el Fin del Mundo\u201d (2021), ellos son perfectos para poner todo en su lugar. Para mi eso es lo que tiene el disco tambi\u00e9n, un trabajo de producci\u00f3n que suena muy particular\u201d, relat\u00f3 Duki durante la producci\u00f3n de las canciones, destacando la importancia del trabajo en equipo.<\/p>\n<p>Mauro Ezequiel Lombardo Quiroga, mejor conocido como DUKI, es un cantante y compositor argentino que comenz\u00f3 su carrera musical en las batallas de freestyle, en donde su habilidad para improvisar y su ingenio lo llevaron a tener un sello distintivo.<\/p>\n<p>Criado entre los ritmos del hip hop y el reggaet\u00f3n latino, Duki ha forjado un sonido \u00fanico que refleja las duras realidades de su entorno. Sus letras, crudas y honestas, son reflejo de las batallas que ha enfrentado, convirti\u00e9ndolo en uno de los freestylers m\u00e1s respetados de Latinoam\u00e9rica.<\/p>\n<p>DUKI regresa a M\u00e9xico y las rimas est\u00e1n listas para hacer vibrar a M\u00e9xico con tracks como \u201cLoca\u201d o \u201cBarro\u201d. Este 2025 no se pierdan la oportunidad de vivir la experiencia con DUKI en Guadalajara, Monterrey, Guadalajara, Quer\u00e9taro y Puebla. Los boletos para todas las ciudades estar\u00e1n en preventa Citibanamex el 7 de noviembre, y un d\u00eda despu\u00e9s los podr\u00e1s adquirir en las taquillas de los inmuebles o a trav\u00e9s de Ticketmaster o Eticket.<\/p>\n","protected":false},"excerpt":{"rendered":"<p>Luego de batir todos los records con Ameri, que se convirti\u00f3 en el \u00e1lbum argentino m\u00e1s escuchado en 24hs, Duki se prepara para dar la gira m\u00e1s grande de su carrera: Ameri World Tour.<\/p>\n","protected":false},"author":3,"featured_media":639709,"comment_status":"open","ping_status":"open","sticky":false,"template":"","format":"standard","meta":{"_monsterinsights_skip_tracking":false,"_monsterinsights_sitenote_active":false,"_monsterinsights_sitenote_note":"","_monsterinsights_sitenote_category":0,"footnotes":""},"categories":[12],"tags":[55663,12584,82726,4867],"class_list":["post-639615","post","type-post","status-publish","format-standard","has-post-thumbnail","hentry","category-espectaculos","tag-anuncia","tag-carrera","tag-duki","tag-gira"],"_links":{"self":[{"href":"https:\/\/www.diarioimagen.net\/index.php?rest_route=\/wp\/v2\/posts\/639615","targetHints":{"allow":["GET"]}}],"collection":[{"href":"https:\/\/www.diarioimagen.net\/index.php?rest_route=\/wp\/v2\/posts"}],"about":[{"href":"https:\/\/www.diarioimagen.net\/index.php?rest_route=\/wp\/v2\/types\/post"}],"author":[{"embeddable":true,"href":"https:\/\/www.diarioimagen.net\/index.php?rest_route=\/wp\/v2\/users\/3"}],"replies":[{"embeddable":true,"href":"https:\/\/www.diarioimagen.net\/index.php?rest_route=%2Fwp%2Fv2%2Fcomments&post=639615"}],"version-history":[{"count":0,"href":"https:\/\/www.diarioimagen.net\/index.php?rest_route=\/wp\/v2\/posts\/639615\/revisions"}],"wp:featuredmedia":[{"embeddable":true,"href":"https:\/\/www.diarioimagen.net\/index.php?rest_route=\/wp\/v2\/media\/639709"}],"wp:attachment":[{"href":"https:\/\/www.diarioimagen.net\/index.php?rest_route=%2Fwp%2Fv2%2Fmedia&parent=639615"}],"wp:term":[{"taxonomy":"category","embeddable":true,"href":"https:\/\/www.diarioimagen.net\/index.php?rest_route=%2Fwp%2Fv2%2Fcategories&post=639615"},{"taxonomy":"post_tag","embeddable":true,"href":"https:\/\/www.diarioimagen.net\/index.php?rest_route=%2Fwp%2Fv2%2Ftags&post=639615"}],"curies":[{"name":"wp","href":"https:\/\/api.w.org\/{rel}","templated":true}]}}