{"id":639640,"date":"2024-11-05T00:06:31","date_gmt":"2024-11-05T06:06:31","guid":{"rendered":"https:\/\/www.diarioimagen.net\/?p=639640"},"modified":"2024-11-07T01:06:19","modified_gmt":"2024-11-07T07:06:19","slug":"hoy-es-el-dia","status":"publish","type":"post","link":"https:\/\/www.diarioimagen.net\/?p=639640","title":{"rendered":"Hoy es el d\u00eda"},"content":{"rendered":"<h2>As\u00ed las cosas&#8230;<\/h2>\n<h5>Humberto Mares N.<\/h5>\n<p>&nbsp;<\/p>\n<p>Hoy es el gran d\u00eda. Estados Unidos elegir\u00e1 a su presidente. El peso del voto latino cada d\u00eda es mayor. En este d\u00eda el voto latino y afroamericano ser\u00e1 quien decida hacia d\u00f3nde se incline la balanza presidencial. En\u00a0 nuestro pa\u00eds, las opiniones est\u00e1n divididas con respecto a qu\u00e9 le conviene m\u00e1s a M\u00e9xico. Nadie nos ha podido explicar claramente. La rudeza que mostr\u00f3 el se\u00f1or Trump en su anterior gesti\u00f3n, en sus declaraciones, sobre todo en lo que respecta a la migraci\u00f3n y la industria automotriz, nos deja claro que su pol\u00edtica est\u00e1 definida y ser\u00e1 del corte duro.<\/p>\n<p>En el caso de la se\u00f1ora Harris, las opiniones tanto de colegas como de ciudadanos son benevolentes. La ven como mejores ojos que al republicano. En la elecci\u00f3n presidencial de hace\u00a0 a\u00f1os, Joe Biden gan\u00f3 gracias al voto latino que le dieron los electores de Wisconsin, Arizona\u00a0 y Georgia. Hoy Harris est\u00e1 muy fuerte en California y en 4 de 7 de los estados claves, est\u00e1 a un punto de Trump. Se calcula que en el pa\u00eds del norte, existen 36.2 millones de latinos, que hace cuatro a\u00f1os le dieron el 59 por ciento de los votos a Biden.<\/p>\n<p>A pesar de ello, la moneda est\u00e1 en el aire y ninguno de los candidatos tiene la seguridad y la certeza de ganar. Es la elecci\u00f3n norteamericana m\u00e1s cerrada que cuando menos a su servidor le ha tocado vivir.<\/p>\n<p style=\"text-align: center;\"><strong>Seguimos en el t\u00fanel de la incertidumbre <\/strong><\/p>\n<p>En tanto, en nuestro pa\u00eds seguimos con la incertidumbre en el Poder Judicial. Luego de que en menos de una semana, la 4T mostr\u00f3 su m\u00fasculo electoral al sacar adelante la aprobaci\u00f3n y publicaci\u00f3n de la llamada ley de la \u201csupremac\u00eda constitucional\u201d que blinda las modificaciones constitucionales.<\/p>\n<p>Es de llamar la atenci\u00f3n la forma en que los operadores morenistas trabajaron. Seguramente es un r\u00e9cord en la pol\u00edtica nacional la aprobaci\u00f3n de una reforma constitucional en donde los Congresos de los estados jugaron un papel primordial. Hubo congresos como el de Oaxaca, Zacatecas y Tabasco que la votaron esa misma noche, uno de ellos incluso sin haber concluido la sesi\u00f3n en San L\u00e1zaro. As\u00ed, el desaseo absoluto en los procedimientos legislativos, que distingue a Morena desde anteriores legislaturas.<\/p>\n<p>Hoy, nuevamente, nos demuestra que no importan las leyes, ni los procedimientos sino el objetivo. La nueva ley de supremac\u00eda nos deja en el t\u00fanel de la incertidumbre judicial en todos sentidos.<\/p>\n<p>La nueva ley busca darle v\u00eda libre a la reforma judicial e impedir en definitiva que la Suprema Corte la frene. En un Palacio Legislativo custodiado por elementos de seguridad ante la amenaza de manifestaciones del Poder Judicial, Morena y sus aliados avalaron las modificaciones a los art\u00edculos 105 y 107 constitucionales que invalidan las controversias, acciones de inconstitucionalidad y los juicios de amparo como mecanismos para impugnar reformas y adiciones a la Constituci\u00f3n. En menos de 24 horas se aprob\u00f3 en San L\u00e1zaro y en 23 legislaturas de los estados la nueva ley. La Presidencia de la Rep\u00fablica public\u00f3 por la noche en el Diario Oficial de la Federaci\u00f3n (DOF) el decreto por el que se establece la supremac\u00eda de la Constituci\u00f3n.<\/p>\n<p>Por consecuencia, el Senado de la Rep\u00fablica inform\u00f3\u00a0 que de los mil 699 impartidores de justicia que integran el Poder Judicial de la Federaci\u00f3n, 845 declinaron participar en el proceso de elecci\u00f3n. Esta cifra comprende 342 Jueces de Distrito y 503 Magistrados de Circuito, quienes decidieron desde ahora poner fin a su carrera judicial de varias d\u00e9cadas, aunque su salida no ser\u00e1 inmediata.<\/p>\n<p>Hoy, tambi\u00e9n, en el Pleno del m\u00e1ximo tribunal del pa\u00eds se discutir\u00e1 y se votar\u00e1 la propuesta presentada por el a\u00fan ministro Juan Luis Gonz\u00e1lez Alc\u00e1ntara Carranc\u00e1, donde propuso que la Corte avale la elecci\u00f3n de ministros, la extinci\u00f3n de los fideicomisos y la creaci\u00f3n del Tribunal de Disciplina Judicial, pero plantea anular la elecci\u00f3n de jueces y magistrados, el proyecto de Gonz\u00e1lez Alc\u00e1ntara quien es ministro desde diciembre de 2018, nominado por el entonces Presidente L\u00f3pez Obrador.<\/p>\n<p>Gonz\u00e1lez Alc\u00e1ntara est\u00e1 proponiendo a la 4T una salida jur\u00eddica para que se evite un caos constitucional, que estamos muy cerca de llegar a \u00e9l. Ojal\u00e1 la Presidenta lo tome.<\/p>\n<p style=\"text-align: center;\"><strong>Apuntes<\/strong><\/p>\n<p>Roberto Gil Zuarth contin\u00faa con su intenci\u00f3n de formar parte de la Suprema Corte de Justicia de la Naci\u00f3n (SCJN) y se inscribir\u00e1 a la elecci\u00f3n, como est\u00e1 pidiendo la 4T. El pol\u00edtico con experiencia legislativa y militante de Acci\u00f3n Nacional, tiene experiencia profesional en la abogac\u00eda, por lo cual da totalmente el perfil para ser parte de la sala superior de la SCJN. Es un buen elemento con claridad jur\u00eddica.<\/p>\n<p>Del a\u00f1o 2000 a 2023 han quedado sin comprobar 191 mil mdp en la administraci\u00f3n p\u00fablica federal, de ellos, la mayor cifra se extravi\u00f3 durante el sexenio pasado.<\/p>\n<p>La Auditor\u00eda Superior de la Federaci\u00f3n (ASF), encabezada por David Colmenares, entreg\u00f3 los resultados de 678 auditor\u00edas a la administraci\u00f3n pasada.\u00a0 Las fugas de presupuesto mayor son en el gasto federalizado, recursos que el gobierno central canaliza a estados y municipios con 80 mil 416.1 millones sin comprobar. En segundo lugar est\u00e1 el rubro de desarrollo econ\u00f3mico con 18 mil 547 millones de pesos y en desarrollo social siete mil 237.4 millones de pesos. Uno de los casos m\u00e1s emblem\u00e1ticos de desv\u00edo durante el gobierno de L\u00f3pez Obrador, fue en la antigua Conasupo, Seguridad Alimentaria Mexicana, Segalmex, con m\u00e1s de 15 mil millones de pesos, el doble del desfalco por siete mil 600 millones de pesos de la llamada \u201cestafa maestra\u201d del sexenio de Pe\u00f1a Nieto. Pero el auditor Colmenares se\u00f1al\u00f3 que en febrero entregar\u00e1 la tercera con nuevos informes a la C\u00e1mara de Diputados, con el resultado de mil 28 auditor\u00edas. \u201cNo son cifras definitivas porque la ley otorga a los entes auditados la posibilidad de incrementar sus mecanismos de comprobaci\u00f3n de informaci\u00f3n\u201d, explic\u00f3.<\/p>\n<p>Cerramos el mes con 2381 asesinatos en el pa\u00eds. As\u00ed las cosas, hasta pronto.<\/p>\n<p><em><a href=\"mailto:hmares21@gmail.com\" target=\"_blank\" rel=\"noopener\">hmares21@gmail.com<\/a><\/em><\/p>\n","protected":false},"excerpt":{"rendered":"<p><span style=\"color: #005497;\"><strong>Humberto Mares N.<\/strong><\/span><\/p>\n","protected":false},"author":3,"featured_media":0,"comment_status":"open","ping_status":"open","sticky":false,"template":"","format":"standard","meta":{"_monsterinsights_skip_tracking":false,"_monsterinsights_sitenote_active":false,"_monsterinsights_sitenote_note":"","_monsterinsights_sitenote_category":0,"footnotes":""},"categories":[15043],"tags":[92044,92045,43674],"class_list":["post-639640","post","type-post","status-publish","format-standard","hentry","category-humberto-mares-n","tag-asi-las-cosas","tag-humberto-mares-n","tag-opinion"],"_links":{"self":[{"href":"https:\/\/www.diarioimagen.net\/index.php?rest_route=\/wp\/v2\/posts\/639640","targetHints":{"allow":["GET"]}}],"collection":[{"href":"https:\/\/www.diarioimagen.net\/index.php?rest_route=\/wp\/v2\/posts"}],"about":[{"href":"https:\/\/www.diarioimagen.net\/index.php?rest_route=\/wp\/v2\/types\/post"}],"author":[{"embeddable":true,"href":"https:\/\/www.diarioimagen.net\/index.php?rest_route=\/wp\/v2\/users\/3"}],"replies":[{"embeddable":true,"href":"https:\/\/www.diarioimagen.net\/index.php?rest_route=%2Fwp%2Fv2%2Fcomments&post=639640"}],"version-history":[{"count":0,"href":"https:\/\/www.diarioimagen.net\/index.php?rest_route=\/wp\/v2\/posts\/639640\/revisions"}],"wp:attachment":[{"href":"https:\/\/www.diarioimagen.net\/index.php?rest_route=%2Fwp%2Fv2%2Fmedia&parent=639640"}],"wp:term":[{"taxonomy":"category","embeddable":true,"href":"https:\/\/www.diarioimagen.net\/index.php?rest_route=%2Fwp%2Fv2%2Fcategories&post=639640"},{"taxonomy":"post_tag","embeddable":true,"href":"https:\/\/www.diarioimagen.net\/index.php?rest_route=%2Fwp%2Fv2%2Ftags&post=639640"}],"curies":[{"name":"wp","href":"https:\/\/api.w.org\/{rel}","templated":true}]}}