{"id":639641,"date":"2024-11-05T00:11:42","date_gmt":"2024-11-05T06:11:42","guid":{"rendered":"https:\/\/www.diarioimagen.net\/?p=639641"},"modified":"2024-11-05T00:45:51","modified_gmt":"2024-11-05T06:45:51","slug":"estados-unidos-harris-o-trump","status":"publish","type":"post","link":"https:\/\/www.diarioimagen.net\/?p=639641","title":{"rendered":"Estados Unidos: \u00bfHarris\u00a0o\u00a0Trump?"},"content":{"rendered":"<h2>Caleidoscopio<\/h2>\n<h5>Guillermina G\u00f3mora Ord\u00f3\u00f1ez<\/h5>\n<p>&nbsp;<\/p>\n<p>Crece la expectaci\u00f3n en M\u00e9xico y el mundo por las elecciones presidenciales en Estados Unidos, en las que se enfrentan la actual vicepresidenta y <strong>candidata dem\u00f3crata, Kamala Harris<\/strong>, y el exmandatario y <strong>candidato republicano, Donald Trump<\/strong>. Las \u00faltimas encuestas en EE.UU. anticipan un empate y un resultado abierto en las urnas.<\/p>\n<p>En nuestro pa\u00eds, el nerviosismo se resiente en el tipo de cambio que coloc\u00f3 al d\u00f3lar por arriba de los 20 pesos y la disminuci\u00f3n en el env\u00edo de remesas. La incertidumbre crece porque Trump viene reforzado por el pol\u00e9mico <strong>senador JD Vance<\/strong>, como candidato a vicepresidente.<\/p>\n<p>Ambos se han pronunciado a favor de la construcci\u00f3n de un muro fronterizo con M\u00e9xico para frenar la migraci\u00f3n, as\u00ed como el uso del Ej\u00e9rcito de Estados Unidos para combatir al narcotr\u00e1fico mexicano. Aseguran que la soluci\u00f3n es que los c\u00e1rteles de las drogas sean declarados y atacados como grupos terroristas.<\/p>\n<p>En julio pasado, en una entrevista con la cadena Fox News junto a J. D. Vance, Trump prometi\u00f3 \u201cbombardear\u201d a los c\u00e1rteles y dijo que: \u201cLos c\u00e1rteles son quienes administran M\u00e9xico, pueden quitar al presidente en dos minutos\u201d<\/p>\n<p>Tambi\u00e9n, durante su campa\u00f1a, ha amenazado con cerrar la frontera, extender el muro que no acab\u00f3 en su primer mandato, rechazar los tratados internacionales, embargar remesas, realizar una deportaci\u00f3n masiva de 12 millones de migrantes y poner aranceles de 100, 200 o 500 por ciento a la exportaci\u00f3n de autos fabricados en M\u00e9xico.<\/p>\n<p><strong>Donald Trump<\/strong>, mantiene su malsana pr\u00e1ctica de amenazar a nuestro pa\u00eds, un d\u00eda s\u00ed y el otro tambi\u00e9n. La que m\u00e1s preocupa es la pol\u00edtica migratoria que plantea, pues las remesas enviadas desde EU representan el 6.7% del PIB de M\u00e9xico. Sin duda, una gran dependencia econ\u00f3mica del pa\u00eds de estos fondos. El endurecimiento de las pol\u00edticas de migraci\u00f3n, como la construcci\u00f3n de un muro fronterizo y la deportaci\u00f3n masiva de inmigrantes, reducir\u00eda dr\u00e1sticamente estas remesas, afectando a millones de familias mexicanas.<\/p>\n<p>La presidenta Claudia Sheinbaum, al ser consultada sobre los comentarios de Trump ha dicho que de ganar el republicano las elecciones presidenciales \u201chabr\u00e1 coordinaci\u00f3n, pero sin subordinaci\u00f3n\u201d.<\/p>\n<p>Por su parte, la propuesta de la <strong>candidata dem\u00f3crata, Kamala Harris<\/strong>, rechaza las deportaciones masivas y ha dicho que ser\u00e1 muy firme en el objetivo de crear una \u201cfrontera segura\u201d respaldada en su experiencia de fiscal en causas contra el crimen organizado y en el apoyo que dio a un proyecto de ley de seguridad fronteriza al que se sumaron tambi\u00e9n legisladores republicanos.<\/p>\n<p>Harris lleva como candidato a vicepresidente al <strong>gobernador de Minnesota, Tim Walz<\/strong>, un pol\u00edtico vinculado al ciudadano de a pie que podr\u00eda atraer al votante m\u00e1s conservador y ligado a las causas progresistas.<\/p>\n<p>Si gana <strong>Kamala Harris<\/strong>, la elecci\u00f3n presidencial en Estados Unidos, los dos pa\u00edses vecinos estar\u00e1n liderados por mujeres. Sin embargo, recordemos que la filosof\u00eda pol\u00edtica de los estadounidenses se rige por: \u201cBusiness are business\u201d y M\u00e9xico est\u00e1 en la mira del Congreso americano por el manejo de los migrantes, el avance de los c\u00e1rteles y la pr\u00f3xima revisi\u00f3n del T-MEC en 2026. De modo que, republicanos o dem\u00f3cratas, quien gane, defender\u00e1n los intereses de su pa\u00eds.<\/p>\n<p style=\"text-align: center;\"><strong>VERICUENTOS<\/strong><\/p>\n<p style=\"text-align: center;\"><strong>SCJN\u2013jueces velan Armas<\/strong><\/p>\n<p>Contin\u00faa la batalla de jueces, magistrados, trabajadores del poder judicial, acad\u00e9micos, alumnos y un sector de la oposici\u00f3n pol\u00edtica en defensa del Poder Judicial.\u00a0 El martes 5 de noviembre se plantar\u00e1n afuera de la <strong>Suprema Corte de Justicia de la Naci\u00f3n<\/strong> para respaldar a los ministros que habr\u00e1n de desahogar diversas impugnaciones de la reforma al Poder Judicial. En particular, el proyecto que elabor\u00f3 el ministro <strong>Juan Luis Gonz\u00e1lez Alc\u00e1ntara Carranc\u00e1<\/strong>, y que ha generado controversia, al plantear la invalidaci\u00f3n de la elecci\u00f3n de jueces y magistrados y dejar viva la de ministros. Algunos consideran que es el \u00faltimo esfuerzo para rescatar el sistema de equilibrio de poderes del Estado. <em><strong>#IndependenciaJudicial<\/strong><\/em><\/p>\n<p style=\"text-align: center;\"><strong>Senado\u2013relevo en la CNDH<\/strong><\/p>\n<p>Comenz\u00f3 la cuenta regresiva para las comisiones unidas de Justicia y de Derechos Humanos del <strong>Senado de la Rep\u00fablica<\/strong>, el mi\u00e9rcoles 6 de noviembre, definir\u00e1n en reuni\u00f3n extraordinaria, la terna de finalistas para presidir la <strong>Comisi\u00f3n Nacional de Derechos Humanos<\/strong> (<strong>CNDH<\/strong>) en el periodo 2024-2029. Entre los finalistas est\u00e1n: <strong>Rosario Piedra<\/strong>, quien busca la reelecci\u00f3n; <strong>Nashieli Ram\u00edrez, <em>ombudsperson<\/em> de la Ciudad de M\u00e9xico<\/strong>; y el abogado <strong>Jes\u00fas Gonz\u00e1lez Schmal<\/strong>. Todos cercanos a Morena. \u00bfGanar\u00e1 la militancia; la \u201clealtad a ciegas\u201d o la experiencia? Los resultados deber\u00e1n darse a conocer el pr\u00f3ximo el 8 de noviembre. <strong>\u00a1Haga sus apuestas!<\/strong><\/p>\n<p style=\"text-align: center;\"><strong>Las cuentas alegres del INE <\/strong><\/p>\n<p>Ahora si se volaron la barda en el <strong>Instituto Nacional Electoral<\/strong> (<strong>INE<\/strong>) con sus presupuestos \u201cprecautorios\u201d para el 2025. Por lo pronto, confirm\u00f3 que solicitar\u00e1 13 mil 205 millones de pesos para organizar las elecciones de jueces, magistrados y ministros de la Suprema Corte de Justicia de la Naci\u00f3n el pr\u00f3ximo a\u00f1o y el Consejo General del INE aprob\u00f3 la distribuci\u00f3n entre los partidos pol\u00edticos nacionales del financiamiento p\u00fablico del ejercicio 2025 que asciende a 7 mil 354 millones 266 mil 504 pesos, los cuales se sumar\u00e1n a los recursos que el instituto ocupar\u00e1 para sus otros gastos. Vaya despilfarro de nuestros impuestos. <strong>\u00a1Uff!<\/strong><\/p>\n<p><a href=\"https:\/\/twitter.com\/guillegomora?lang=es\" target=\"_blank\" rel=\"noopener\"><em>@guillegomora<\/em><\/a><\/p>\n","protected":false},"excerpt":{"rendered":"<p><span style=\"color: #005497;\"><strong>Guillermina G\u00f3mora Ord\u00f3\u00f1ez<\/strong><\/span><\/p>\n","protected":false},"author":3,"featured_media":0,"comment_status":"open","ping_status":"open","sticky":false,"template":"","format":"standard","meta":{"_monsterinsights_skip_tracking":false,"_monsterinsights_sitenote_active":false,"_monsterinsights_sitenote_note":"","_monsterinsights_sitenote_category":0,"footnotes":""},"categories":[58361],"tags":[58362,58363,43674],"class_list":["post-639641","post","type-post","status-publish","format-standard","hentry","category-guillermina-gomora-ordonez","tag-caleidoscopio","tag-guillermina-gomora-ordonez","tag-opinion"],"_links":{"self":[{"href":"https:\/\/www.diarioimagen.net\/index.php?rest_route=\/wp\/v2\/posts\/639641","targetHints":{"allow":["GET"]}}],"collection":[{"href":"https:\/\/www.diarioimagen.net\/index.php?rest_route=\/wp\/v2\/posts"}],"about":[{"href":"https:\/\/www.diarioimagen.net\/index.php?rest_route=\/wp\/v2\/types\/post"}],"author":[{"embeddable":true,"href":"https:\/\/www.diarioimagen.net\/index.php?rest_route=\/wp\/v2\/users\/3"}],"replies":[{"embeddable":true,"href":"https:\/\/www.diarioimagen.net\/index.php?rest_route=%2Fwp%2Fv2%2Fcomments&post=639641"}],"version-history":[{"count":0,"href":"https:\/\/www.diarioimagen.net\/index.php?rest_route=\/wp\/v2\/posts\/639641\/revisions"}],"wp:attachment":[{"href":"https:\/\/www.diarioimagen.net\/index.php?rest_route=%2Fwp%2Fv2%2Fmedia&parent=639641"}],"wp:term":[{"taxonomy":"category","embeddable":true,"href":"https:\/\/www.diarioimagen.net\/index.php?rest_route=%2Fwp%2Fv2%2Fcategories&post=639641"},{"taxonomy":"post_tag","embeddable":true,"href":"https:\/\/www.diarioimagen.net\/index.php?rest_route=%2Fwp%2Fv2%2Ftags&post=639641"}],"curies":[{"name":"wp","href":"https:\/\/api.w.org\/{rel}","templated":true}]}}