{"id":639665,"date":"2024-11-08T00:13:04","date_gmt":"2024-11-08T06:13:04","guid":{"rendered":"https:\/\/www.diarioimagen.net\/?p=639665"},"modified":"2024-11-08T03:22:19","modified_gmt":"2024-11-08T09:22:19","slug":"la-bondad","status":"publish","type":"post","link":"https:\/\/www.diarioimagen.net\/?p=639665","title":{"rendered":"La bondad"},"content":{"rendered":"<h2>Se comenta s\u00f3lo con\u2026<\/h2>\n<h5>Carlos Ramos Padilla<\/h5>\n<p>&nbsp;<\/p>\n<p>La sociedad en sus diferentes facetas tiene algo en com\u00fan: la bondad. La generosidad colectiva se muestra en variadas oportunidades: solidaridad en tragedias, celebraciones c\u00edvicas, manifestaciones solidarias, eventos deportivos, convivencias religiosas, participaci\u00f3n en las urnas, reconocimiento a artistas, reconocimientos acad\u00e9micos\u2026 los tonos var\u00edan, pero la presencia est\u00e1.<\/p>\n<p>Esa bondad es atropellada generalmente desde el poder, por los pol\u00edticos trepadores y oportunistas que confunden las cualidades con la manipulaci\u00f3n. Las aportaciones voluntarias para la sana convivencia la convierten en acarreos. Usan y abusan. Y eso est\u00e1 cambiando.<\/p>\n<p>Tenemos dos ejemplos pr\u00e1cticos: la concentraci\u00f3n de este martes 5 frente a la Suprema Corte de la Naci\u00f3n, donde una multitud presenta sus reclamos, demandas o inconformidades de manera pac\u00edfica, argumentado y colocando flores como un s\u00edmbolo de paz.<\/p>\n<p>Las peticiones son claras, mantener viva y aut\u00f3noma una instituci\u00f3n que nos de fuerza legal y defiende nuestros derechos constitucionales. Las personas deciden por s\u00ed mismas cumplir con la ley y organizarse bajo c\u00f3digos legales. Esa es su categor\u00eda y dimensi\u00f3n. Es una contrapropuesta a las intenciones de autoritarismo e imposici\u00f3n de venganza por parte de las autoridades. En buscar el bien com\u00fan frente a intereses mezquinos de mercenarios oportunistas.<\/p>\n<p>El otro ejemplo es Valencia, Espa\u00f1a. El pueblo mostr\u00f3 a la monarqu\u00eda su anacronismo. Los reyes fueron al lugar de la tragedia y recibieron el repudio social, les lanzaron lo mismo fango que arengas. \u201cA ti no te falta el agua\u201d le dijeron a Letizia.<\/p>\n<p>\u201cPrefer\u00edas que no vini\u00e9ramos y nos qued\u00e1ramos en Madrid\u201d, respond\u00eda el monarca indefenso ante los argumentos hostiles de una sociedad enardecida que observa desde su pobreza la majadera opulencia de una familia apoderada del pa\u00eds y que se hereda el poder entre ellos.<\/p>\n<p>Una monarqu\u00eda, la espa\u00f1ola, que vio claudicar a su majestad Juan Carlos envuelto en esc\u00e1ndalos de corrupci\u00f3n, adulterio y acusado de asesinar animales en cautiverio. Una monarqu\u00eda, incluy\u00f3 la brit\u00e1nica, que entre ellos se arrebatan el trono como as\u00ed se impuso Carlos III y Camila luego de la sospechosa muerte de Diana y la renuncia a la corte de Harry y Meghan.<\/p>\n<p>Familias privilegiadas por los lujos excesivos pagados todos con los impuestos de los ciudadanos. Joyas y banquetes dignos de personajes que se autoproclaman los m\u00e1s cercanos a Dios y representan su supuesta divinidad con coronas.<\/p>\n<p>Esos esquemas se est\u00e1n agotando. Pero cuidado, la bondad puede traducirse en exigencias que llegan a derrocar gobiernos, que enjuician a sus abusadores, que sancionan a los corruptos, que expulsan a quienes no conocen la \u00e9tica y la moral p\u00fablica.<\/p>\n<p>Esa generosidad que ya no permite los enriquecimientos inexplicables ni mucho menos las cuotas de poder que sirven para tomar venganza. M\u00e9xico est\u00e1 metido en una crisis constitucional por los que nos gobiernan. La sociedad pide coherencia, congruencia, estabilidad y respeto. A eso se le llama tambi\u00e9n: nobleza.<\/p>\n<p><a href=\"https:\/\/twitter.com\/cramospadilla?ref_src=twsrc%5Egoogle%7Ctwcamp%5Eserp%7Ctwgr%5Eauthor\" target=\"_blank\" rel=\"noopener\"><em>@cramospadilla<\/em><\/a><\/p>\n","protected":false},"excerpt":{"rendered":"<p><span style=\"color: #005497;\"><strong>Carlos Ramos Padilla<\/strong><\/span><\/p>\n","protected":false},"author":3,"featured_media":0,"comment_status":"open","ping_status":"open","sticky":false,"template":"","format":"standard","meta":{"_monsterinsights_skip_tracking":false,"_monsterinsights_sitenote_active":false,"_monsterinsights_sitenote_note":"","_monsterinsights_sitenote_category":0,"footnotes":""},"categories":[97109],"tags":[97108,43674,97107],"class_list":["post-639665","post","type-post","status-publish","format-standard","hentry","category-carlos-ramos-padilla","tag-carlos-ramos-padilla","tag-opinion","tag-se-comenta-solo-con"],"_links":{"self":[{"href":"https:\/\/www.diarioimagen.net\/index.php?rest_route=\/wp\/v2\/posts\/639665","targetHints":{"allow":["GET"]}}],"collection":[{"href":"https:\/\/www.diarioimagen.net\/index.php?rest_route=\/wp\/v2\/posts"}],"about":[{"href":"https:\/\/www.diarioimagen.net\/index.php?rest_route=\/wp\/v2\/types\/post"}],"author":[{"embeddable":true,"href":"https:\/\/www.diarioimagen.net\/index.php?rest_route=\/wp\/v2\/users\/3"}],"replies":[{"embeddable":true,"href":"https:\/\/www.diarioimagen.net\/index.php?rest_route=%2Fwp%2Fv2%2Fcomments&post=639665"}],"version-history":[{"count":0,"href":"https:\/\/www.diarioimagen.net\/index.php?rest_route=\/wp\/v2\/posts\/639665\/revisions"}],"wp:attachment":[{"href":"https:\/\/www.diarioimagen.net\/index.php?rest_route=%2Fwp%2Fv2%2Fmedia&parent=639665"}],"wp:term":[{"taxonomy":"category","embeddable":true,"href":"https:\/\/www.diarioimagen.net\/index.php?rest_route=%2Fwp%2Fv2%2Fcategories&post=639665"},{"taxonomy":"post_tag","embeddable":true,"href":"https:\/\/www.diarioimagen.net\/index.php?rest_route=%2Fwp%2Fv2%2Ftags&post=639665"}],"curies":[{"name":"wp","href":"https:\/\/api.w.org\/{rel}","templated":true}]}}