{"id":639673,"date":"2024-11-05T00:12:34","date_gmt":"2024-11-05T06:12:34","guid":{"rendered":"https:\/\/www.diarioimagen.net\/?p=639673"},"modified":"2024-11-05T00:45:12","modified_gmt":"2024-11-05T06:45:12","slug":"el-estado-en-la-cuerda-floja","status":"publish","type":"post","link":"https:\/\/www.diarioimagen.net\/?p=639673","title":{"rendered":"El\u00a0Estado,\u00a0en\u00a0la\u00a0cuerda\u00a0floja"},"content":{"rendered":"<h2>Tras la puerta del poder<\/h2>\n<h5>Roberto Vizca\u00edno<\/h5>\n<p><strong>\u00a0<\/strong><\/p>\n<p>La ret\u00f3rica de un lado y del otro es pedirse \u201cprudencia\u201d.<\/p>\n<p>Eso significa para ambos lados que el \u201cotro\u201d decline. Que se deseche el proyecto de anulaci\u00f3n de la reforma al Poder Judicial\u2026 o para que se acate esa resoluci\u00f3n.<\/p>\n<p>En eso andaban ayer la presidenta <strong>Claudia Sheinbaum<\/strong> y su c\u00edrculo de poder, es decir los l\u00edderes del oficialismo en el Congreso, <strong>Ad\u00e1n Augusto L\u00f3pez, en el Senado, y Ricardo Monreal, en San L\u00e1zaro, junto a Gerardo Fern\u00e1ndez Noro\u00f1a y Sergio Guti\u00e9rrez Luna<\/strong>, presidentes respectivos de una c\u00e1mara y otra.<\/p>\n<p>El coro abajo en ese espacio es ampl\u00edsimo y va desde los partidos de Morena, PT y Verde hasta sus cuadros sobresalientes para sumar a gobernadores, alcaldes y otros much\u00edsimos que responde a un patr\u00f3n lanzado desde las ma\u00f1aneras de Palacio y diarios y caricaturistas y comentaristas en medios tradicionales y redes.<\/p>\n<p>Un barullo medi\u00e1tico y ret\u00f3rico.<\/p>\n<p>Del otro lado no pinta mejor porque a los comentarios de los ministros de la Corte de que ya estamos en la crisis constitucional, porque desde ya hace semanas ninguno de los del primer segmento les hace caso a sus resoluciones, se reproducen en menos medios y redes, pero, adem\u00e1s, cuenta con el apoyo de medios informativos internacionales.<\/p>\n<p>Para unos y otros el de enfrente es el culpable de este caos.<\/p>\n<p>La presidenta <strong>Claudia Sheinbaum<\/strong> no se anda con rodeos al se\u00f1alar que esta crisis surge porque la Corte de Norma Pi\u00f1a ha hecho caso omiso de no aceptar recursos de inconstitucionalidad contra la reforma al Poder Judicial y entonces ha creado la percepci\u00f3n de que esta reforma puede ser invalidada, lo que juicio de la mandataria es totalmente absurdo.<\/p>\n<p>Abajo, los dirigentes del Congreso articulan razonamientos jur\u00eddicos que dan supuesto soporte a lo que afirma la presidenta.<\/p>\n<p>Del lado de los ministros de la Corte, los especialistas e investigadores de derecho constitucional, los expertos internacionales del Derecho, y las instituciones y organismos, centros acad\u00e9micos reconocidos en el extranjero advierten que el proyecto del ministro <strong>Juan Luis Gonz\u00e1lez Alc\u00e1ntara Carranc\u00e1 <\/strong>no s\u00f3lo es fundamentado y viable, sino la \u00fanica salida a los recursos interpuestos<strong>.<\/strong><\/p>\n<p>Y que el gobierno y el resto de los poderes deben acatarlo.<\/p>\n<p>En medio, atrapado en esta confrontaci\u00f3n ret\u00f3rica que no jur\u00eddica\u2026 ni \u00e9tica, ni moral, ni pol\u00edtica est\u00e1 atrapado el futuro del Estado mexicano.<\/p>\n<p>Ajenos a todo, los ciudadanos promedio \u2014baja educaci\u00f3n, cero cultura c\u00edvica y pol\u00edtica, de an\u00e1lisis y discernimiento\u2014 simplemente ven enfadados todo este momento mexicano que algunos vemos como el del fin de la Rep\u00fablica post-revolucionaria y de desarrollo democr\u00e1tico con desarrollo econ\u00f3mico.<\/p>\n<p>El ingreso a un sistema chavista-bolivariano en que las libertades y el Estado de Derecho se diluir\u00e1n como otros pa\u00edses que han pasado por algo similar, el ejemplo m\u00e1s recurrente es, sin duda, Venezuela.<\/p>\n<p>Los s\u00edntomas son inocultables. La fuga de capitales y la migraci\u00f3n ya inici\u00f3. El cierre de empresas y la cancelaci\u00f3n de inversiones, sin duda, vendr\u00e1.<\/p>\n<p>Lo que ocurra hoy en la Corte con el proyecto del ministro <strong>Juan Luis Gonz\u00e1lez Alc\u00e1ntara Carranc\u00e1 ser\u00e1 un paso esencial en todo esto.<\/strong><\/p>\n<p style=\"text-align: center;\"><strong>F\u00e9lix, duro contra el PRI de <em>Alito<\/em><\/strong><\/p>\n<p>Y mientras el Estado Mexicano es lanzado a su rompimiento, anulaci\u00f3n, camina hacia el desastre, en el Legislativo los contrarios no se dan tregua.<\/p>\n<p>En este contexto, los \u00e1nimos entran en ebullici\u00f3n r\u00e1pidamente como en ese momento en que el senador <strong>Alejandro <em>Alito<\/em> Moreno<\/strong> subi\u00f3 hasta la presidencia del pleno en el Senado y \u2014luego de algunas quiz\u00e1 merecidas mentadas de madre\u2014 estuvo en un tris de soltarle un porrazo al acobardado <strong>Gerardo Fern\u00e1ndez Noro\u00f1a<\/strong> que, enconchado, temeroso, balbuceante, no acertaba m\u00e1s que a pedirle al l\u00edder priista regresar a su esca\u00f1o.<\/p>\n<p>El ambiente propici\u00f3 que el senador \u2014gobernador encubierto\u2014 de Guerrero, <strong>F\u00e9lix Salgado Macedonio<\/strong> soltara una frase ingeniosa y certera al se\u00f1alar que<strong><em> Alito<\/em><\/strong> preside un partido cada vez m\u00e1s chiquito, uno que antes cab\u00eda en una combi y ahora cabe en un <strong>vocho<\/strong>.<\/p>\n<p>Eso porque d\u00edas antes defeccion\u00f3 de la bancada senatorial del tricolor la senadora mexiquense <strong>Cynthia L\u00f3pez Castro<\/strong>, que se supone ir\u00e1 a Morena.<\/p>\n<p>Eso lo celebr\u00f3 el l\u00edder de Morena en el Senado, <strong>Ad\u00e1n Augusto L\u00f3pez<\/strong>, quien brome\u00f3 y coment\u00f3 que quiz\u00e1 su bancada sume pronto no a una priista m\u00e1s sino a dos y quiz\u00e1 hasta tres m\u00e1s.<\/p>\n<p>El comentario evidentemente hizo su efecto en la mini bancada del PRI en el Senado.<\/p>\n<p>\u201cNunca pens\u00e9 vivir para ver lo que estoy viendo. Por muchos a\u00f1os, desde 1988 cuando llegamos a la tribuna de San L\u00e1zaro, a arrojar dos costales de boletas quemadas, porque en ese entonces ellos se autocalificaban, no exist\u00eda el IFE, no exist\u00eda el INE, eran omnipotentes, eran poderosos\u2026 no quiero ser lapidario contra la minor\u00eda que hoy asiste (al Pleno), por cierto, y se agradece que est\u00e9n aqu\u00ed, pero yo creo que <strong><em>Alito<\/em><\/strong> debe continuar en el PRI, ya se reeligi\u00f3 y ojal\u00e1 venga otra reelecci\u00f3n y que siga ah\u00ed porque cada d\u00eda se van haciendo m\u00e1s poquitos.<\/p>\n<p>\u201cSe le est\u00e1n yendo los senadores, ya se est\u00e1n quedando solos, s\u00ed antes cab\u00edan en una combi, hoy caben en un vocho, se les acaba de ir la oportunidad de entrar a un debate; no estuvieron en el debate, demasiado tarde&#8230;<\/p>\n<p>\u201cY saben que los van a rega\u00f1ar, <strong>Claudio X. Gonz\u00e1lez<\/strong>, como va a rega\u00f1ar al que se fue a Madrid, Espa\u00f1a (<strong>Marko Cort\u00e9s<\/strong>)\u201d, rio <strong>Salgado Macedonio<\/strong>.<\/p>\n<p>X: <em><a href=\"https:\/\/x.com\/_rvizcaino\" target=\"_blank\" rel=\"noopener noreferrer\">@_RVizcaino<\/a><a href=\"mailto:rvizcainoa@gmail.com\" target=\"_blank\" rel=\"noopener noreferrer\"><br \/>\n<\/a><a href=\"https:\/\/www.facebook.com\/rvizcainoa\" target=\"_blank\" rel=\"noopener noreferrer\">facebook.com\/rvizcainoa<\/a><\/em><\/p>\n","protected":false},"excerpt":{"rendered":"<p><span style=\"color: #005497;\"><strong>Roberto Vizca\u00edno<\/strong><\/span><\/p>\n","protected":false},"author":3,"featured_media":0,"comment_status":"open","ping_status":"open","sticky":false,"template":"","format":"standard","meta":{"_monsterinsights_skip_tracking":false,"_monsterinsights_sitenote_active":false,"_monsterinsights_sitenote_note":"","_monsterinsights_sitenote_category":0,"footnotes":""},"categories":[136],"tags":[43674,93,94],"class_list":["post-639673","post","type-post","status-publish","format-standard","hentry","category-roberto-vizcaino-opinion","tag-opinion","tag-roberto-vizcaino","tag-tras-la-puerta-del-poder"],"_links":{"self":[{"href":"https:\/\/www.diarioimagen.net\/index.php?rest_route=\/wp\/v2\/posts\/639673","targetHints":{"allow":["GET"]}}],"collection":[{"href":"https:\/\/www.diarioimagen.net\/index.php?rest_route=\/wp\/v2\/posts"}],"about":[{"href":"https:\/\/www.diarioimagen.net\/index.php?rest_route=\/wp\/v2\/types\/post"}],"author":[{"embeddable":true,"href":"https:\/\/www.diarioimagen.net\/index.php?rest_route=\/wp\/v2\/users\/3"}],"replies":[{"embeddable":true,"href":"https:\/\/www.diarioimagen.net\/index.php?rest_route=%2Fwp%2Fv2%2Fcomments&post=639673"}],"version-history":[{"count":0,"href":"https:\/\/www.diarioimagen.net\/index.php?rest_route=\/wp\/v2\/posts\/639673\/revisions"}],"wp:attachment":[{"href":"https:\/\/www.diarioimagen.net\/index.php?rest_route=%2Fwp%2Fv2%2Fmedia&parent=639673"}],"wp:term":[{"taxonomy":"category","embeddable":true,"href":"https:\/\/www.diarioimagen.net\/index.php?rest_route=%2Fwp%2Fv2%2Fcategories&post=639673"},{"taxonomy":"post_tag","embeddable":true,"href":"https:\/\/www.diarioimagen.net\/index.php?rest_route=%2Fwp%2Fv2%2Ftags&post=639673"}],"curies":[{"name":"wp","href":"https:\/\/api.w.org\/{rel}","templated":true}]}}