{"id":639750,"date":"2024-11-06T00:01:29","date_gmt":"2024-11-06T06:01:29","guid":{"rendered":"https:\/\/www.diarioimagen.net\/?p=639750"},"modified":"2024-11-06T22:51:45","modified_gmt":"2024-11-07T04:51:45","slug":"mayor-coordinacion-sobre-seguridad-y-migracion-con-eu-tras-eleccion-csp","status":"publish","type":"post","link":"https:\/\/www.diarioimagen.net\/?p=639750","title":{"rendered":"Mayor coordinaci\u00f3n sobre seguridad y migraci\u00f3n con EU tras elecci\u00f3n: CSP"},"content":{"rendered":"<p>&nbsp;<\/p>\n<h2 style=\"text-align: center;\">Destaca reducci\u00f3n del flujo<br \/>\nmigratorio hacia la frontera norte<\/h2>\n<p><em>\u00a0<\/em><\/p>\n<ul>\n<li><strong><em>Estoy convencida que va a haber buena relaci\u00f3n con el nuevo gobierno, se\u00f1ala la Presidenta<\/em><\/strong><\/li>\n<\/ul>\n<p>&nbsp;<\/p>\n<div id=\"attachment_639856\" style=\"width: 470px\" class=\"wp-caption aligncenter\"><a href=\"https:\/\/www.diarioimagen.net\/?attachment_id=639856\" rel=\"attachment wp-att-639856\"><img loading=\"lazy\" decoding=\"async\" aria-describedby=\"caption-attachment-639856\" class=\"size-full wp-image-639856\" src=\"https:\/\/www.diarioimagen.net\/wp-content\/uploads\/2024\/11\/claudia-1.jpg\" alt=\"\" width=\"460\" height=\"270\" srcset=\"https:\/\/www.diarioimagen.net\/wp-content\/uploads\/2024\/11\/claudia-1.jpg 460w, https:\/\/www.diarioimagen.net\/wp-content\/uploads\/2024\/11\/claudia-1-240x141.jpg 240w\" sizes=\"auto, (max-width: 460px) 100vw, 460px\" \/><\/a><p id=\"caption-attachment-639856\" class=\"wp-caption-text\">La presidenta Claudia Sheinbaum Pardo destac\u00f3 que desde diciembre de 2023 a octubre de este a\u00f1o, la migraci\u00f3n irregular que llega a la frontera con EU se ha reducido hasta en 75 por ciento.<\/p><\/div>\n<p>&nbsp;<\/p>\n<p>Al ser cuestionada sobre la postura de Donald Trump de que M\u00e9xico debe incrementar el combate a las drogas y la migraci\u00f3n ilegal, la presidenta Claudia Sheinbaum Pardo afirm\u00f3 que desde diciembre de 2023 a octubre de este a\u00f1o, la migraci\u00f3n irregular que llega a la frontera norte se ha reducido hasta en 75 por ciento, lo que revela las acciones emprendidas en materia migratoria por nuestro pa\u00eds.<\/p>\n<p>\u201cEste es un trabajo que se ha realizado desde el gobierno de Andr\u00e9s Manuel L\u00f3pez Obrador, pero es algo que poco se conoce entre los pol\u00edticos dem\u00f3cratas o republicanos\u201d, se\u00f1al\u00f3.<\/p>\n<p>Refiri\u00f3 que es muy importante que cuando se confirme a Donald Trump como ganador o a Kamala Harris como ganadora, debe haber reuniones e informaci\u00f3n entre autoridades de alto nivel de ambos pa\u00edses para que se conozca lo que ha hecho nuestro pa\u00eds contra el narcotr\u00e1fico y migraci\u00f3n.<\/p>\n<p>Destac\u00f3 que en Tapachula se pretende impulsar dos polos de Bienestar por lo que es importante que se conozca toda esta informaci\u00f3n en di\u00e1logos de alto nivel entre ambos gobiernos una vez que se conozca al nuevo presidente o presidenta.<\/p>\n<p>Destac\u00f3\u00a0 tambi\u00e9n que M\u00e9xico ha intensificado sus acciones en el combate al narcotr\u00e1fico y puso como ejemplo la aprehensi\u00f3n de un narcotraficante extranjero (el chino Zhi Dong).<\/p>\n<p>Ante el cuestionamiento sobre si Donald Trump habla desde su desconocimiento, se\u00f1al\u00f3: \u201cNo estoy calificando al candidato Trump, es muy importante para que en el momento que determine debe haber reuniones de alto nivel para que se conozca lo que se ha hecho en M\u00e9xico en el combate al narcotr\u00e1fico para evitar que llegue el fentanilo a Estados Unidos.<\/p>\n<p>\u201cEntonces no califico ni a uno ni a otro, ni a uno ni a otra candidata, ni a los candidatos a la presidencia de Estados Unidos, sino que estoy convencida que va a haber buena relaci\u00f3n y que tiene que haber este proceso de informaci\u00f3n de inicio y de colaboraci\u00f3n y coordinaci\u00f3n\u201d.<\/p>\n<p>\u201cEstoy convencida que va a haber buena relaci\u00f3n\u201d, expres\u00f3 la Presidenta.<\/p>\n<p>A\u00f1adi\u00f3 que este viernes el canciller Juan Ram\u00f3n de la Fuente presentar\u00e1 un informe de la atenci\u00f3n a la migraci\u00f3n.<\/p>\n<p style=\"text-align: center;\"><strong>Se trabajar\u00e1 para evitar crisis de consumo de fentanilo<\/strong><\/p>\n<p>La presidenta Sheinbaum Pardo asever\u00f3 que su gobierno trabajar\u00e1 para evitar que en M\u00e9xico se tenga un problema grave de consumo de drogas, como sucede en Estados Unidos con el fentanilo.<\/p>\n<p>\u201cNo queremos tener situaciones como la que tiene hoy Estados Unidos con la adicci\u00f3n al fentanilo, que es grav\u00edsima!\u201d, se\u00f1al\u00f3 en la ma\u00f1anera de este martes al indicar que se retomar\u00e1 la campa\u00f1a para prevenir el consumo de este tipo de sustancias que se emprendi\u00f3 en el gobierno de Andr\u00e9s Manuel L\u00f3pez Obrador.<\/p>\n<p>La mandataria federal destac\u00f3 que esta campa\u00f1a se incorporar\u00e1 al Programa Vida Saludable.<\/p>\n<p>Y es que, dijo, el cuidado de la salud no s\u00f3lo tiene que ver con la alimentaci\u00f3n, prevenci\u00f3n y el hacer ejercicio, sino tambi\u00e9n en evitar el consumo de drogas.<\/p>\n<p>\u201cLa campa\u00f1a que se hizo con el presidente L\u00f3pez Obrador para evitar el consumo de cualquier tipo de drogas la vamos a continuar, en escuelas y otros espacios. Esa es una campa\u00f1a en la que debe participar gobierno, pero tambi\u00e9n la familias, en la que cada ciudadano sepamos lo que es una vida saludable: significa alimentaci\u00f3n, ejercicio y no consumir estas sustancias y estas drogas que siempre hacen da\u00f1o a la salud\u201d.<\/p>\n<p style=\"text-align: center;\"><strong>Gobierno federal presenta cinco ejes estrat\u00e9gicos del nuevo plan de salud<\/strong><\/p>\n<p>El gobierno de Claudia Sheinbaum Pardo present\u00f3 este martes las metas para el Sector Salud 2024-2030, en las cuales se contempla abrir cl\u00ednicas y unidades de salud que brinden servicios los siete d\u00edas de la semana; reducir los tiempos de consulta, estudios y cirug\u00edas, y la creaci\u00f3n, receta y expediente m\u00e9dico electr\u00f3nico universal.<\/p>\n<p>La prioridad ser\u00e1 la promoci\u00f3n de la salud para prevenir la enfermedades y sus complicaciones, por ejemplo reducir el porcentaje de ni\u00f1os y ni\u00f1as con obesidad infantil, pero por otra parte tambi\u00e9n las personas adultas que ya tienen una enfermedad cr\u00f3nica que no est\u00e1 diagnosticada, particularmente diabetes, hipertensi\u00f3n, entre otras.<\/p>\n<p>Asimismo van por el fortalecimiento de las coberturas de vacunaci\u00f3n universal, tanto en ni\u00f1os como en adultos, e incrementar el n\u00famero de mujeres embarazadas que acuden a seguimiento m\u00e9dico rutinariamente durante su gestaci\u00f3n.<\/p>\n<p>Eduardo Clark Garc\u00eda, subsecretario de Salud, se\u00f1al\u00f3 que este plan abarca acciones concretas para ampliar la atenci\u00f3n m\u00e9dica a toda la poblaci\u00f3n, con \u00e9nfasis en sectores vulnerables y zonas con escasos recursos.<\/p>\n","protected":false},"excerpt":{"rendered":"<p>Al ser cuestionada sobre la postura de Donald Trump de que M\u00e9xico debe incrementar el combate a las drogas y la migraci\u00f3n ilegal, la presidenta Claudia Sheinbaum Pardo afirm\u00f3 que desde diciembre de 2023 a octubre de este a\u00f1o, la migraci\u00f3n irregular que llega a la frontera norte se ha reducido hasta en 75 por ciento, lo que revela las acciones emprendidas en materia migratoria por nuestro pa\u00eds.<\/p>\n","protected":false},"author":3,"featured_media":639856,"comment_status":"open","ping_status":"open","sticky":false,"template":"","format":"standard","meta":{"_monsterinsights_skip_tracking":false,"_monsterinsights_sitenote_active":false,"_monsterinsights_sitenote_note":"","_monsterinsights_sitenote_category":0,"footnotes":""},"categories":[17,3],"tags":[72207,21946,2786],"class_list":["post-639750","post","type-post","status-publish","format-standard","has-post-thumbnail","hentry","category-especiales","category-nacional","tag-claudia-sheinbaum-pardo","tag-eleccion","tag-eu"],"_links":{"self":[{"href":"https:\/\/www.diarioimagen.net\/index.php?rest_route=\/wp\/v2\/posts\/639750","targetHints":{"allow":["GET"]}}],"collection":[{"href":"https:\/\/www.diarioimagen.net\/index.php?rest_route=\/wp\/v2\/posts"}],"about":[{"href":"https:\/\/www.diarioimagen.net\/index.php?rest_route=\/wp\/v2\/types\/post"}],"author":[{"embeddable":true,"href":"https:\/\/www.diarioimagen.net\/index.php?rest_route=\/wp\/v2\/users\/3"}],"replies":[{"embeddable":true,"href":"https:\/\/www.diarioimagen.net\/index.php?rest_route=%2Fwp%2Fv2%2Fcomments&post=639750"}],"version-history":[{"count":0,"href":"https:\/\/www.diarioimagen.net\/index.php?rest_route=\/wp\/v2\/posts\/639750\/revisions"}],"wp:featuredmedia":[{"embeddable":true,"href":"https:\/\/www.diarioimagen.net\/index.php?rest_route=\/wp\/v2\/media\/639856"}],"wp:attachment":[{"href":"https:\/\/www.diarioimagen.net\/index.php?rest_route=%2Fwp%2Fv2%2Fmedia&parent=639750"}],"wp:term":[{"taxonomy":"category","embeddable":true,"href":"https:\/\/www.diarioimagen.net\/index.php?rest_route=%2Fwp%2Fv2%2Fcategories&post=639750"},{"taxonomy":"post_tag","embeddable":true,"href":"https:\/\/www.diarioimagen.net\/index.php?rest_route=%2Fwp%2Fv2%2Ftags&post=639750"}],"curies":[{"name":"wp","href":"https:\/\/api.w.org\/{rel}","templated":true}]}}